{"id":138413,"date":"2026-01-10T07:53:08","date_gmt":"2026-01-10T07:53:08","guid":{"rendered":"https:\/\/www.europesays.com\/fi\/138413\/"},"modified":"2026-01-10T07:53:08","modified_gmt":"2026-01-10T07:53:08","slug":"salon-iltatorin-esiintyjalista-on-valmis-kelpaa-esitella-sanoo-antti-ketonen","status":"publish","type":"post","link":"https:\/\/www.europesays.com\/fi\/138413\/","title":{"rendered":"Salon Iltatorin esiintyj\u00e4lista on valmis \u2013 &#8221;Kelpaa esitell\u00e4&#8221;, sanoo Antti Ketonen"},"content":{"rendered":"<p>Salon Iltatori ry:n puheenjohtaja <b>Antti Ketonen<\/b> on tyytyv\u00e4inen. H\u00e4n sanoo, ett\u00e4 kes\u00e4ksi on luvassa kaikkien aikojen artistikattaus.<\/p>\n<p>\u2013\u2009Rahallisesti isoin summa, mit\u00e4 on koskaan k\u00e4ytetty: yli 100\u2009000\u2009euroa, Ketonen toteaa.<\/p>\n<p>\u2013 Tuntuu, ett\u00e4 ohjelman kokoaminen tulee vuosi vuodelta haastavammaksi, mutta t\u00e4t\u00e4 kelpaa ylpe\u00e4n\u00e4 esitell\u00e4. Starttaamme Komioilla, joka on viime vuoden kovimpia nousijoita.<\/p>\n<p>Komiat nousee lavalle, kun kun 12 tapahtuman iltatorikausi avautuu puolustusvoimain lippujuhlap\u00e4iv\u00e4n\u00e4 4.\u2009kes\u00e4kuuta. Kes\u00e4n ensimm\u00e4ist\u00e4 iltatoria is\u00e4nn\u00f6iv\u00e4t L\u00e4hitapiola ja Suur-Seudun Osuuskauppa.<\/p>\n<p>Iskelm\u00e4musiikkia soittava b\u00e4ndi tekee helmi\u2013huhtikuussa kev\u00e4tkiertueen, joka sis\u00e4lt\u00e4\u00e4 17 keikkaa Helsingin Tavastialta Kittil\u00e4n Hulluun Poroon ja Viking Gracelta Tampereen Tavara-asemalle. Se lomailee toukokuun ennen Salon-keikkaa. Komiat listaa suosionsa salaisuudeksi riehakkaan meiningin, haitarin poljennon ja suoraviivaisen soiton.<br \/><b\/><\/p>\n<p><a href=\"https:\/\/www.europesays.com\/fi\/wp-content\/uploads\/2026\/01\/11654158.jpg\"><img fetchpriority=\"high\" decoding=\"async\" class=\"size-full wp-image-1018338\" src=\"https:\/\/www.europesays.com\/fi\/wp-content\/uploads\/2026\/01\/11654158.jpg\" alt=\"\" width=\"1000\" height=\"571\"  \/><\/a>Maija Vilkkumaa aloitti muusikon uransa vuonna 1990 perustetussa Tarharyhm\u00e4ss\u00e4. Menestyksek\u00e4s sooloura alkoi vuonna 1995. Kuva: TS-arkisto<\/p>\n<p><b>Maija Vilkkumaa<\/b> vet\u00e4\u00e4 iltatorikeikan 11.\u2009kes\u00e4kuuta Lounaismaan Osuuspankin is\u00e4nn\u00f6idess\u00e4. Vilkkumaa on yksi Suomen eniten levyj\u00e4 myyneist\u00e4 muusikoista. H\u00e4nen 50-vuotisjuhlakeikkansa Helsingin J\u00e4\u00e4hallissa vuonna 2023 myyntiin loppuun yli puoli vuotta ennen tapahtumaa. Laulaja-lauluntekij\u00e4n Satumaa-tangosta alkanut hittien lista on pitk\u00e4: Hiuksissa hiekkaa, Ingalsin Laura, Kes\u00e4, Liian kauan, Siks ku m\u00e4 halusin, \u00c4idinmaa\u2026<\/p>\n<p>Antti Ketosen omat suosikkiesiintyj\u00e4t tulevat yleis\u00f6n eteen kes\u00e4kuussa:<\/p>\n<p>\u2013 Dingo on kova ja Neon 2 my\u00f6s. Ne tuovat nostalgiaa!<\/p>\n<p>Finnfoam tarjoaa Dingon 18.\u2009kes\u00e4kuuta ja Lounais-Suomen Sy\u00f6p\u00e4yhdistys Neon 2:n 25\u2009kes\u00e4kuuta.<\/p>\n<p><a href=\"https:\/\/www.europesays.com\/fi\/wp-content\/uploads\/2026\/01\/11654191.jpg\"><img loading=\"lazy\" decoding=\"async\" class=\"size-full wp-image-1018340\" src=\"https:\/\/www.europesays.com\/fi\/wp-content\/uploads\/2026\/01\/11654191.jpg\" alt=\"\" width=\"800\" height=\"1000\"  \/><\/a>Sara Bee on nouseva t\u00e4hti, jota Salon lukion yritt\u00e4j\u00e4linjan nuoret ehdottivat iltatorille. Kuva: Warner Music Finland<\/p>\n<p>Nuorille nimikoitu iltatori on vuorossa 2.\u2009hein\u00e4kuuta, jolloin yleis\u00f6\u00e4 viihdytt\u00e4\u00e4 <b>Sara Bee<\/b>. Sein\u00e4joelta kotoisin olevan Sara Mariam Beldjerd on rappia, poppia ja r\u00b4n\u00b4b:t\u00e4 yhdistelev\u00e4 laulaja-lauluntekij\u00e4.<\/p>\n<p>\u2013\u2009Sara Bee valikoitui esiintyj\u00e4ksi lukion yritt\u00e4j\u00e4linjan porukan vinkist\u00e4, Ketonen kertoo.<\/p>\n<p>H\u00e4n p\u00e4\u00e4see itsekin viihdytt\u00e4m\u00e4\u00e4n iltatorikansaa 9.\u2009hein\u00e4kuuta, sill\u00e4 K-Citymarket Salon kauppias <b>Eemeli Aaltonen<\/b> halusi is\u00e4nn\u00f6id\u00e4 Ketosen t\u00e4hditt\u00e4m\u00e4\u00e4 iltaa.<\/p>\n<p>Olli Alanko Oy tarjoaa 16.\u2009hein\u00e4kuuta naantalilaisen Sunny Side Swing Bandin. Vuodesta 2010 keikkailleen orkesterin ohjelmisto venyy big band -klassikoista kevyen musiikin tuoreimpiin helmiin.<\/p>\n<p>Iltatorin sponsoreiden ker\u00e4\u00e4minen vie aikaa, ja yksi uupuu viel\u00e4.<\/p>\n<p>\u2013\u2009Kev\u00e4\u00e4ll\u00e4 uuden albumin julkaisevaa <b>Elias Kaskista<\/b> on toivottu iltatorille. H\u00e4n on hyv\u00e4ss\u00e4 nosteessa ja uskalsimme sopia keikan, vaikka illalle ei ole viel\u00e4 is\u00e4nt\u00e4\u00e4, kertoo Antti Ketonen, joka tiet\u00e4\u00e4 sponsorin viel\u00e4 l\u00f6ytyv\u00e4n.<\/p>\n<p>Laulaja-lauluntekij\u00e4 Kaskisen keikka on sovittu torstaiksi 23.\u2009hein\u00e4kuuta.<\/p>\n<p><a href=\"https:\/\/www.europesays.com\/fi\/wp-content\/uploads\/2026\/01\/11654197.jpg\"><img loading=\"lazy\" decoding=\"async\" class=\"size-full wp-image-1018339\" src=\"https:\/\/www.europesays.com\/fi\/wp-content\/uploads\/2026\/01\/11654197.jpg\" alt=\"\" width=\"778\" height=\"1000\"  \/><\/a>Suomi-diskon kuningatar Meiju Suvas levytti ensimm\u00e4iset hittins\u00e4 1980-luvun alussa. Ne soivat yh\u00e4.<\/p>\n<p>Legendaarinen <b>Meiju Suvas<\/b> saadaan Salon torin lavalle 30.\u2009hein\u00e4kuuta, kun iltatoria is\u00e4nn\u00f6iv\u00e4t Pohjant\u00e4hti &amp; Hook. Meiju Suvas r\u00e4j\u00e4ytti pankin heti ensimm\u00e4isell\u00e4 albumillaan, joka ilmestyi vuonna 1982. Levylt\u00e4 soivat edelleen Suomi-diskon ikihitit Tahdon sinut ja T\u00e4\u00e4 onnea on. Niiden jatkoksi Suvas levytti samalla vuosikymmenell\u00e4 kappaleet Kun l\u00e4hdet armeijaan, Viet itsekontrollin ja Kova duuni on rahaa. 1990-luvun levytyksist\u00e4 raikaa edelleen Pure mua. Aktiivisesti keikkaileva Suvas on viime vuosina n\u00e4hty televisiossa muun muassa Vain el\u00e4m\u00e4\u00e4-, T\u00e4hdet, t\u00e4hdet \u2013 ja El\u00e4m\u00e4ni Biisi -ohjelmissa.<\/p>\n<p>Salon kaupunki is\u00e4nn\u00f6i iltatoria 6.\u2009elokuuta, jolloin lapsia ilahduttaa Hevisaurus. Torikauppiaat is\u00e4nn\u00f6iv\u00e4t 13.\u2009elokuuta ja tarjoavat torikansalle <b>Marita Taavitsaisen<\/b> keikan. Taavitsainen valittiin tangokuningattareksi vuonna 1995 ja h\u00e4n vei Syksyn S\u00e4velen voiton vuonna 1998 kappaleella Andr\u00e9.<\/p>\n<p>Iltatorikausi p\u00e4\u00e4ttyy 20.\u2009elokuuta, jolloin sponsoreina ovat paikalliset metallifirmat. Silloin torin valtaa Popeda.<\/p>\n<p>\u2013\u2009Popeda veti aikoinaan Paten kanssa iltatorille yleis\u00f6enn\u00e4tyksen. Saa n\u00e4hd\u00e4, miten k\u00e4y uuden soistin kanssa, Antti Ketonen sanoo toiveet korkealla.<\/p>\n<p><a href=\"https:\/\/www.europesays.com\/fi\/wp-content\/uploads\/2026\/01\/11654193.jpg\"><img loading=\"lazy\" decoding=\"async\" class=\"size-full wp-image-1018341\" src=\"https:\/\/www.europesays.com\/fi\/wp-content\/uploads\/2026\/01\/11654193.jpg\" alt=\"\" width=\"1000\" height=\"714\"  \/><\/a>Laulaja Jussi Rainio (vas.) ja kitaristi Rami Alanko perustivat Neon 2:n 1990-luvulla.<\/p>\n<p>Suomirockin kivijalaksi itse\u00e4\u00e4n tituleeraava Popeda pyysi <b>Olli Herman Kosusen<\/b> yhtyeen laulusolistiksi, kun <b>Pate Mustaj\u00e4rvi<\/b> vuonna 2023 ilmoitti lopettavansa b\u00e4ndiss\u00e4.<\/p>\n<p>Salon Iltatori ry julkisti kes\u00e4n ohjelmansa nyt totuttua aiemmin: yleens\u00e4 tiedotus on venynyt my\u00f6h\u00e4iseen kev\u00e4\u00e4seen.<\/p>\n<p>\u2013 Halusimme saada kaiken kuntoon, jotta kaupunki p\u00e4\u00e4see mainostamaan tapahtumaa Helsingin Matkamessuilla (16.\u201318.1.), Antti Ketonen toteaa.<\/p>\n<p>Ketonen kertoo paketin kokoamisen vieneen h\u00e4nelt\u00e4 satoja talkootunteja.<\/p>\n<p>\u2013\u2009Ensin kartoitetaan is\u00e4nn\u00e4t, tarjotaan heille artisteja, lasketaan budjetti ja sovitellaan aikatauluja. Artistien keskuudessa tapahtuma on haluttu, koska iltatorit vet\u00e4v\u00e4t paljon porukkaa ymp\u00e4ri Suomen.<\/p>\n","protected":false},"excerpt":{"rendered":"Salon Iltatori ry:n puheenjohtaja Antti Ketonen on tyytyv\u00e4inen. H\u00e4n sanoo, ett\u00e4 kes\u00e4ksi on luvassa kaikkien aikojen artistikattaus. \u2013\u2009Rahallisesti&hellip;\n","protected":false},"author":2,"featured_media":138414,"comment_status":"","ping_status":"","sticky":false,"template":"","format":"standard","meta":{"footnotes":""},"categories":[130],"tags":[137,33,31,30,1478,47,3410,32,109],"class_list":{"0":"post-138413","1":"post","2":"type-post","3":"status-publish","4":"format-standard","5":"has-post-thumbnail","7":"category-viihde","8":"tag-entertainment","9":"tag-fi","10":"tag-finland","11":"tag-finnish","12":"tag-matkailu","13":"tag-musiikki","14":"tag-salon-iltatori","15":"tag-suomi","16":"tag-viihde"},"share_on_mastodon":{"url":"https:\/\/pubeurope.com\/@fi\/115869725737149288","error":""},"_links":{"self":[{"href":"https:\/\/www.europesays.com\/fi\/wp-json\/wp\/v2\/posts\/138413","targetHints":{"allow":["GET"]}}],"collection":[{"href":"https:\/\/www.europesays.com\/fi\/wp-json\/wp\/v2\/posts"}],"about":[{"href":"https:\/\/www.europesays.com\/fi\/wp-json\/wp\/v2\/types\/post"}],"author":[{"embeddable":true,"href":"https:\/\/www.europesays.com\/fi\/wp-json\/wp\/v2\/users\/2"}],"replies":[{"embeddable":true,"href":"https:\/\/www.europesays.com\/fi\/wp-json\/wp\/v2\/comments?post=138413"}],"version-history":[{"count":0,"href":"https:\/\/www.europesays.com\/fi\/wp-json\/wp\/v2\/posts\/138413\/revisions"}],"wp:featuredmedia":[{"embeddable":true,"href":"https:\/\/www.europesays.com\/fi\/wp-json\/wp\/v2\/media\/138414"}],"wp:attachment":[{"href":"https:\/\/www.europesays.com\/fi\/wp-json\/wp\/v2\/media?parent=138413"}],"wp:term":[{"taxonomy":"category","embeddable":true,"href":"https:\/\/www.europesays.com\/fi\/wp-json\/wp\/v2\/categories?post=138413"},{"taxonomy":"post_tag","embeddable":true,"href":"https:\/\/www.europesays.com\/fi\/wp-json\/wp\/v2\/tags?post=138413"}],"curies":[{"name":"wp","href":"https:\/\/api.w.org\/{rel}","templated":true}]}}