{"id":138416,"date":"2026-01-10T07:57:07","date_gmt":"2026-01-10T07:57:07","guid":{"rendered":"https:\/\/www.europesays.com\/fi\/138416\/"},"modified":"2026-01-10T07:57:07","modified_gmt":"2026-01-10T07:57:07","slug":"16-vuotias-selvisi-sarjamurhaajan-kynsista-kertoo-tarinansa-50-vuotta-myohemmin","status":"publish","type":"post","link":"https:\/\/www.europesays.com\/fi\/138416\/","title":{"rendered":"16-vuotias selvisi sarjamurhaajan kynsist\u00e4 \u2013 Kertoo tarinansa 50 vuotta my\u00f6hemmin"},"content":{"rendered":"<p>People Magazine Investigates: Sarjamurhaajan kynsiss\u00e4 -dokumenttisarjassa k\u00e4sitell\u00e4\u00e4n Rodney Alcalan hirmutekoja.<\/p>\n<p><img decoding=\"async\" class=\"image image-show image-preview\" src=\"https:\/\/www.europesays.com\/fi\/wp-content\/uploads\/2026\/01\/e17c481eee098e8dce391e0cf99a64f6d8f06838f65d27564b8b7fb8e2b40b3e.jpg\" alt=\"\"\/><img decoding=\"async\" class=\"image image-show\" src=\"https:\/\/www.europesays.com\/fi\/wp-content\/uploads\/2026\/01\/1768031827_356_e17c481eee098e8dce391e0cf99a64f6d8f06838f65d27564b8b7fb8e2b40b3e.jpg\" alt=\"\"\/><\/p>\n<p>Sarjamurhaaja Rodney Alcala kuoli vankilassa vuonna 2021. AOP<\/p>\n<p class=\"paragraph\">Kesti viisikymment\u00e4 vuotta, ennen kuin <strong>Morgan Rowan<\/strong> pystyi kertomaan tarinansa. Ollessaan teini-ik\u00e4inen Morgan selvisi sarjamurhaaja <a href=\"https:\/\/www.iltalehti.fi\/henkilot\/Rodney Alcala\" class=\"article-link-person-page\" rel=\"nofollow noopener\" target=\"_blank\">Rodney Alcalan<\/a> hy\u00f6kk\u00e4yksest\u00e4. Morgan kertoo tarinansa t\u00e4n\u00e4\u00e4n Friill\u00e4 n\u00e4ht\u00e4v\u00e4n People Magazine Investigates: Sarjamurhaajan kynsiss\u00e4 -dokumenttisarjan ensimm\u00e4isess\u00e4 osassa.<\/p>\n<p class=\"paragraph\">Morgan oli 13-vuotias tavatessaan Rodney Alcalan ensimm\u00e4isen kerran. Morgan oli yst\u00e4viens\u00e4 kanssa Hollywoodissa suositulla konserttiklubilla.<\/p>\n<p class=\"paragraph\">\u2013 H\u00e4n oli pitk\u00e4, hyv\u00e4nn\u00e4k\u00f6inen ja nauravainen, Morgan muistelee.<\/p>\n<p class=\"paragraph\">Morgan ja Rodney j\u00e4iv\u00e4t kahden. Morgan halusi saada vieh\u00e4tt\u00e4v\u00e4n nuorukaisen huomion osakseen ja rapsutti Rodneyn k\u00e4tt\u00e4 ik\u00e4\u00e4n kuin ohimennen. Rodney pyysi tytt\u00f6\u00e4 lopettamaan, mutta Morgan ei totellut.<\/p>\n<p class=\"paragraph\">Rodney tarttui Morgania k\u00e4sivarresta ja raahasi t\u00e4m\u00e4n sivukujalle.<\/p>\n<p class=\"paragraph\">\u2013 H\u00e4n taisi iske\u00e4 p\u00e4\u00e4ni sein\u00e4\u00e4 vasten, sill\u00e4 olin tajuton. Kun her\u00e4sin, tunsin jotain painavaa rintani p\u00e4\u00e4ll\u00e4, Morgan muistelee.<\/p>\n<p class=\"paragraph\">Rodney oli piilottanut Morganin valtavan roskap\u00f6nt\u00f6n taakse.<\/p>\n<p class=\"paragraph\">Kolme vuotta my\u00f6hemmin 16-vuotias Morgan oli juhlimassa yst\u00e4viens\u00e4 kanssa, kun h\u00e4n n\u00e4ki Rodneyn uudestaan t\u00e4ydell\u00e4 klubilla. Rodney ly\u00f6tt\u00e4ytyi yst\u00e4vysten seuraan ja ilta eteni miehen kotiin.<\/p>\n<p class=\"paragraph\">Rodney veti Morganin makuuhuoneeseensa ja telkesi oven kiinni metallitangolla. Morgan tajusi olevansa vaarassa.<\/p>\n<p class=\"paragraph\">Mies l\u00f6i teinitytt\u00f6\u00e4 nyrkill\u00e4 naamaan, uhkasi veitsell\u00e4 ja tukahdutti vy\u00f6ll\u00e4\u00e4n.<\/p>\n<p class=\"paragraph\">\u2013 H\u00e4n l\u00f6i minua vatsaan, kunnes tunsin kylkiluideni murtuvan. Sitten h\u00e4n otti veitsen ja leikkasi vaatteeni pois.<\/p>\n<p class=\"paragraph\">\u2013 H\u00e4n raiskasi minut. Taistelin kovasti. Olin neitsyt. Se oli musertavaa. En voinut nousta, en voinut liikkua, Morgan kertoo.<\/p>\n<p class=\"paragraph\">Lopulta Morganin yst\u00e4v\u00e4t huomasivat kaksikon puuttuvan joukosta. Yst\u00e4v\u00e4t paukuttivat teljetty\u00e4 ovea. Kun se ei auennut, yksi yst\u00e4vist\u00e4 s\u00e4rki huoneen ikkunan ulkoap\u00e4in.<\/p>\n<p class=\"paragraph\">\u2013 H\u00e4n nousi p\u00e4\u00e4lt\u00e4ni, meni ovelle, poisti tangon, seisoi siin\u00e4 paita veress\u00e4ni ja sanoi: \u201dOttakaa h\u00e4net.\u201d<\/p>\n<p class=\"paragraph\">\u2013 En ep\u00e4ile hetke\u00e4k\u00e4\u00e4n, ett\u00e4 h\u00e4n aikoi tappaa minut.<\/p>\n<p class=\"paragraph\">Morgan muutti tapahtuneen j\u00e4lkeen perheens\u00e4 kanssa toiselle puolelle maata. H\u00e4n oli yksi Rodney Alcalan ensimm\u00e4isist\u00e4 uhreista, muttei viimeinen. My\u00f6hemmin samana vuonna Morgan kuuli, ett\u00e4 Rodney oli raiskannut ja yritt\u00e4nyt murhata 8-vuotiaan tyt\u00f6n samassa talossa, jossa h\u00e4nen oma el\u00e4m\u00e4ns\u00e4 oli l\u00e4hell\u00e4 p\u00e4\u00e4tty\u00e4.<\/p>\n<p class=\"paragraph\"><a href=\"https:\/\/www.iltalehti.fi\/ulkomaat\/48e63b91-ff9f-4c99-bfdf-9adaf43c97bc\" rel=\"nofollow noopener\" target=\"_blank\">Kaikki Rodney Alcalan uhrit eiv\u00e4t selvinneet hengiss\u00e4<\/a>. H\u00e4n murhasi todistetusti viisi tytt\u00f6\u00e4 ja nuorta naista. Poliisi arvioi, ett\u00e4 todellisuudessa miehell\u00e4 olisi ollut jopa yli sata uhria.<\/p>\n<p class=\"paragraph\">Rodney Alcala kuoli vankilassa 77-vuotiaana kes\u00e4ll\u00e4 2021.<\/p>\n<p class=\"paragraph\">People Magazine Investigates: Sarjamurhaajan kynsiss\u00e4 t\u00e4n\u00e4\u00e4n Friill\u00e4 kello 23.25. <a href=\"https:\/\/www.iltalehti.fi\/telkku\/\" rel=\"nofollow noopener\" target=\"_blank\">Katso kaikki\u00a0TV-ohjelmat ja l\u00e4hetysajat Telkun TV-oppaasta<\/a>.<\/p>\n","protected":false},"excerpt":{"rendered":"People Magazine Investigates: Sarjamurhaajan kynsiss\u00e4 -dokumenttisarjassa k\u00e4sitell\u00e4\u00e4n Rodney Alcalan hirmutekoja. Sarjamurhaaja Rodney Alcala kuoli vankilassa vuonna 2021. AOP&hellip;\n","protected":false},"author":2,"featured_media":138417,"comment_status":"","ping_status":"","sticky":false,"template":"","format":"standard","meta":{"footnotes":""},"categories":[14],"tags":[35,22,23,26,27,33,31,30,17,39,24,25,28,29,15,18,21,38,32,19,20,56,16,40,37,59,60,61],"class_list":{"0":"post-138416","1":"post","2":"type-post","3":"status-publish","4":"format-standard","5":"has-post-thumbnail","7":"category-ulkomaat","8":"tag-24h","9":"tag-breaking-news","10":"tag-breakingnews","11":"tag-featured-news","12":"tag-featurednews","13":"tag-fi","14":"tag-finland","15":"tag-finnish","16":"tag-headlines","17":"tag-henkirikos","18":"tag-latest-news","19":"tag-latestnews","20":"tag-main-news","21":"tag-mainnews","22":"tag-news","23":"tag-otsikot","24":"tag-paauutiset","25":"tag-rikos","26":"tag-suomi","27":"tag-top-stories","28":"tag-topstories","29":"tag-ulkomaat","30":"tag-uutiset","31":"tag-vakivalta","32":"tag-vakivaltarikokset","33":"tag-world","34":"tag-world-news","35":"tag-worldnews"},"share_on_mastodon":{"url":"https:\/\/pubeurope.com\/@fi\/115869741546977547","error":""},"_links":{"self":[{"href":"https:\/\/www.europesays.com\/fi\/wp-json\/wp\/v2\/posts\/138416","targetHints":{"allow":["GET"]}}],"collection":[{"href":"https:\/\/www.europesays.com\/fi\/wp-json\/wp\/v2\/posts"}],"about":[{"href":"https:\/\/www.europesays.com\/fi\/wp-json\/wp\/v2\/types\/post"}],"author":[{"embeddable":true,"href":"https:\/\/www.europesays.com\/fi\/wp-json\/wp\/v2\/users\/2"}],"replies":[{"embeddable":true,"href":"https:\/\/www.europesays.com\/fi\/wp-json\/wp\/v2\/comments?post=138416"}],"version-history":[{"count":0,"href":"https:\/\/www.europesays.com\/fi\/wp-json\/wp\/v2\/posts\/138416\/revisions"}],"wp:featuredmedia":[{"embeddable":true,"href":"https:\/\/www.europesays.com\/fi\/wp-json\/wp\/v2\/media\/138417"}],"wp:attachment":[{"href":"https:\/\/www.europesays.com\/fi\/wp-json\/wp\/v2\/media?parent=138416"}],"wp:term":[{"taxonomy":"category","embeddable":true,"href":"https:\/\/www.europesays.com\/fi\/wp-json\/wp\/v2\/categories?post=138416"},{"taxonomy":"post_tag","embeddable":true,"href":"https:\/\/www.europesays.com\/fi\/wp-json\/wp\/v2\/tags?post=138416"}],"curies":[{"name":"wp","href":"https:\/\/api.w.org\/{rel}","templated":true}]}}