{"id":138420,"date":"2026-01-10T07:59:08","date_gmt":"2026-01-10T07:59:08","guid":{"rendered":"https:\/\/www.europesays.com\/fi\/138420\/"},"modified":"2026-01-10T07:59:08","modified_gmt":"2026-01-10T07:59:08","slug":"jari-saario-merihadassa-pelastusoperaatio-kaynnissa","status":"publish","type":"post","link":"https:\/\/www.europesays.com\/fi\/138420\/","title":{"rendered":"Jari Saario merih\u00e4d\u00e4ss\u00e4, pelastusoperaatio k\u00e4ynniss\u00e4"},"content":{"rendered":"<p>Soutu|Asiasta tiedotettiin lauantaiaamuna.<\/p>\n<p class=\"article-body mb-nof-24 px-nof-16\">Jari Saario on joutunut merih\u00e4t\u00e4\u00e4n yksinsoutumatkallaan Kap Hornista kohti Kapkaupunkia.<\/p>\n<p class=\"article-body mb-nof-24 px-nof-16\">Saarion vene on vaurioitunut rajussa aallokossa ja merenk\u00e4ynniss\u00e4. H\u00e4n joutui h\u00e4lytt\u00e4m\u00e4\u00e4n apua.<\/p>\n<p class=\"article-body mb-nof-24 px-nof-16\">Alueelliset meripelastusviranomaiset koordinoivat tilannetta yhdess\u00e4 kansainv\u00e4listen toimijoiden kanssa.<\/p>\n<p class=\"article-body mb-nof-24 px-nof-16\">Saarion sijainti on viranomaisten tiedossa, ja pelastustoimet ovat k\u00e4ynniss\u00e4.<\/p>\n<p class=\"article-body mb-nof-24 px-nof-16\">Tiedotteen mukaan Saario on syrj\u00e4isell\u00e4 merialueella, jossa et\u00e4isyydet ovat pitki\u00e4 ja olosuhteet vaativia. N\u00e4in ollen pelastusoperaatiot eiv\u00e4t ole nopeita.<\/p>\n<p class=\"article-body mb-nof-24 px-nof-16\">Yhteydenpito Saarion veneeseen on rajoitettua, eik\u00e4 normaalia viestint\u00e4yhteytt\u00e4 ole, tiedotteessa kerrotaan.<\/p>\n<p><img decoding=\"async\" src=\"https:\/\/www.europesays.com\/fi\/wp-content\/uploads\/2026\/01\/1768031948_736_468.jpg\" alt=\"Viimeisin paikannustieto Jari Saariosta on tullut Garminin j\u00e4rjestelm\u00e4n mukaan perjantaina kello 17.33.\" class=\"_Img_1rerz_1\" style=\"aspect-ratio:2.0253164556962027\" loading=\"eager\"\/><\/p>\n<p class=\"article-picture-caption\">Viimeisin paikannustieto Jari Saariosta on tullut Garminin j\u00e4rjestelm\u00e4n mukaan perjantaina kello 17.33. Kuva:\u00a0Garmin<\/p>\n<p class=\"article-body mb-nof-24 px-nof-16\">Saario kertoi aiemmin perjantaina joutuneensa vaaratilanteeseen kovassa myrskyss\u00e4. H\u00e4nen veneens\u00e4 oli kaatunut ymp\u00e4ri, ja sen takahyttiin oli tullut paljon vett\u00e4.<\/p>\n<p class=\"article-body mb-nof-24 px-nof-16\">\u201dVoi voi voi, ei ole hyv\u00e4 tilanne\u201d, Saario kertoi videolla ja lis\u00e4si, ett\u00e4 h\u00e4nen kaikki vaatteensa ovat l\u00e4pim\u00e4rki\u00e4.<\/p>\n<p class=\"article-body mb-nof-24 px-nof-16\">Hieman my\u00f6hemmin Saario julkaisi videon, jossa k\u00e4vi lis\u00e4\u00e4 l\u00e4pi tilannetta. H\u00e4n sanoi, ettei meinannut saada venett\u00e4 mill\u00e4\u00e4n hallintaan.<\/p>\n<p class=\"article-body mb-nof-24 px-nof-16\">Toisen videon julkaisuhetkell\u00e4 pahin vaara oli kuitenkin Saarion mukaan kaikonnut.<\/p>\n<p class=\"article-body mb-nof-24 px-nof-16\">\u201dTakahytiss\u00e4 on edelleen vett\u00e4 reilusti, se t\u00e4ytyy tyhjent\u00e4\u00e4 kun keli rauhoittuu.\u201d<\/p>\n<p class=\"article-body mb-nof-24 px-nof-16\">Saario l\u00e4hti soutamaan Etel\u00e4-Amerikan etel\u00e4k\u00e4rjest\u00e4 Kap Hornista 11. marraskuuta t\u00e4ht\u00e4imess\u00e4\u00e4n Etel\u00e4-Afrikan Kapkaupunki. H\u00e4n oli ehtinyt taivaltaa noin puolet 8\u202f000 kilometrin matkastaan.<\/p>\n","protected":false},"excerpt":{"rendered":"Soutu|Asiasta tiedotettiin lauantaiaamuna. Jari Saario on joutunut merih\u00e4t\u00e4\u00e4n yksinsoutumatkallaan Kap Hornista kohti Kapkaupunkia. Saarion vene on vaurioitunut rajussa&hellip;\n","protected":false},"author":2,"featured_media":138421,"comment_status":"","ping_status":"","sticky":false,"template":"","format":"standard","meta":{"footnotes":""},"categories":[5],"tags":[22,23,26,27,33,31,30,17,46,24,25,28,29,15,18,21,32,19,20,16],"class_list":{"0":"post-138420","1":"post","2":"type-post","3":"status-publish","4":"format-standard","5":"has-post-thumbnail","7":"category-otsikot","8":"tag-breaking-news","9":"tag-breakingnews","10":"tag-featured-news","11":"tag-featurednews","12":"tag-fi","13":"tag-finland","14":"tag-finnish","15":"tag-headlines","16":"tag-helsingin-sanomat","17":"tag-latest-news","18":"tag-latestnews","19":"tag-main-news","20":"tag-mainnews","21":"tag-news","22":"tag-otsikot","23":"tag-paauutiset","24":"tag-suomi","25":"tag-top-stories","26":"tag-topstories","27":"tag-uutiset"},"share_on_mastodon":{"url":"https:\/\/pubeurope.com\/@fi\/115869749261313962","error":""},"_links":{"self":[{"href":"https:\/\/www.europesays.com\/fi\/wp-json\/wp\/v2\/posts\/138420","targetHints":{"allow":["GET"]}}],"collection":[{"href":"https:\/\/www.europesays.com\/fi\/wp-json\/wp\/v2\/posts"}],"about":[{"href":"https:\/\/www.europesays.com\/fi\/wp-json\/wp\/v2\/types\/post"}],"author":[{"embeddable":true,"href":"https:\/\/www.europesays.com\/fi\/wp-json\/wp\/v2\/users\/2"}],"replies":[{"embeddable":true,"href":"https:\/\/www.europesays.com\/fi\/wp-json\/wp\/v2\/comments?post=138420"}],"version-history":[{"count":0,"href":"https:\/\/www.europesays.com\/fi\/wp-json\/wp\/v2\/posts\/138420\/revisions"}],"wp:featuredmedia":[{"embeddable":true,"href":"https:\/\/www.europesays.com\/fi\/wp-json\/wp\/v2\/media\/138421"}],"wp:attachment":[{"href":"https:\/\/www.europesays.com\/fi\/wp-json\/wp\/v2\/media?parent=138420"}],"wp:term":[{"taxonomy":"category","embeddable":true,"href":"https:\/\/www.europesays.com\/fi\/wp-json\/wp\/v2\/categories?post=138420"},{"taxonomy":"post_tag","embeddable":true,"href":"https:\/\/www.europesays.com\/fi\/wp-json\/wp\/v2\/tags?post=138420"}],"curies":[{"name":"wp","href":"https:\/\/api.w.org\/{rel}","templated":true}]}}