{"id":138425,"date":"2026-01-10T08:18:07","date_gmt":"2026-01-10T08:18:07","guid":{"rendered":"https:\/\/www.europesays.com\/fi\/138425\/"},"modified":"2026-01-10T08:18:07","modified_gmt":"2026-01-10T08:18:07","slug":"kalle-rovanperalta-debytoi-formuloissa-asiantuntijalta-ylisti-suomalaista","status":"publish","type":"post","link":"https:\/\/www.europesays.com\/fi\/138425\/","title":{"rendered":"Kalle Rovanper\u00e4lt\u00e4 debytoi formuloissa \u2013 asiantuntijalta ylisti suomalaista"},"content":{"rendered":"<p class=\"article-body mb-nof-24 px-nof-16\">Suomen <a class=\"font-bold underline-offset-[0.12em] [text-decoration:var(--person-link-text-decoration)] ![text-decoration-color:var(--person-link-text-decoration-color)]\" href=\"https:\/\/www.hs.fi\/haku\/?query=Kalle%20Rovanper%C3%A4\" rel=\"nofollow noopener\" target=\"_blank\">Kalle Rovanper\u00e4 <\/a>nousi sijalle 11. kauden toisessa kilpailussa Oseanian Formula Regional -sarjassa. H\u00e4n starttasi kisaan 17. l\u00e4ht\u00f6ruudusta.<\/p>\n<p class=\"article-body mb-nof-24 px-nof-16\"><a class=\"font-bold underline-offset-[0.12em] [text-decoration:var(--person-link-text-decoration)] ![text-decoration-color:var(--person-link-text-decoration-color)]\" href=\"https:\/\/www.hs.fi\/haku\/?query=Zack%20Scoular\" rel=\"nofollow noopener\" target=\"_blank\">Zack Scoular<\/a> hallitsi kilpailua ja otti voiton ennen Rovanper\u00e4n tallikaveria<a class=\"font-bold underline-offset-[0.12em] [text-decoration:var(--person-link-text-decoration)] ![text-decoration-color:var(--person-link-text-decoration-color)]\" href=\"https:\/\/www.hs.fi\/haku\/?query=%20Jin%20Nakamuraa\" rel=\"nofollow noopener\" target=\"_blank\"> Jin Nakamuraa<\/a> sek\u00e4 <a class=\"font-bold underline-offset-[0.12em] [text-decoration:var(--person-link-text-decoration)] ![text-decoration-color:var(--person-link-text-decoration-color)]\" href=\"https:\/\/www.hs.fi\/haku\/?query=Freddie%20Slateria\" rel=\"nofollow noopener\" target=\"_blank\">Freddie Slateria<\/a>.<\/p>\n<p class=\"article-body mb-nof-24 px-nof-16\">Rovanper\u00e4 aloitti kilpailun vahvasti. H\u00e4n kipusi jo avauskierroksella sijalle 13. Turva-auton poistuttua radalta suomalainen kohenteli sijoitustaan kahdella pyk\u00e4l\u00e4ll\u00e4.<\/p>\n<p class=\"article-body mb-nof-24 px-nof-16\">Kilpailun loppupuolella Rovanper\u00e4 taisteli paikasta k\u00e4rkikymmenikk\u00f6\u00f6n tallikaveriaan <a class=\"font-bold underline-offset-[0.12em] [text-decoration:var(--person-link-text-decoration)] ![text-decoration-color:var(--person-link-text-decoration-color)]\" href=\"https:\/\/www.hs.fi\/haku\/?query=Fionn%20McLaughlinia\" rel=\"nofollow noopener\" target=\"_blank\">Fionn McLaughlinia<\/a> vastaan. He vaihtelivat sijoituksia kesken\u00e4\u00e4n useaan otteeseen, mutta irlantilainen otti lopulta p\u00e4\u00e4nahan kaksintaistosta.<\/p>\n<p class=\"article-body mb-nof-24 px-nof-16\">Kaksikko saapui maaliin aivan per\u00e4tysten sijoilla 10. ja 11. Lauantain avanneessa debyyttikilpailussaan Rovanper\u00e4 j\u00e4i 17:nneksi.<\/p>\n<p class=\"article-body mb-nof-24 px-nof-16\">\u201dT\u00e4m\u00e4 oli valtava tasonnosto kun katsoo, miss\u00e4 h\u00e4n oli ensimm\u00e4isess\u00e4 kilpailussa\u201d, asiantuntija <a class=\"font-bold underline-offset-[0.12em] [text-decoration:var(--person-link-text-decoration)] ![text-decoration-color:var(--person-link-text-decoration-color)]\" href=\"https:\/\/www.hs.fi\/haku\/?query=Andrew%20Waite\" rel=\"nofollow noopener\" target=\"_blank\">Andrew Waite<\/a> kehui Rovanper\u00e4\u00e4 suorassa l\u00e4hetyksess\u00e4 kisan j\u00e4lkeen.<\/p>\n<p class=\"article-body mb-nof-24 px-nof-16\">\u201dH\u00e4n oli kilpailutilanteissakin paljon s\u00e4h\u00e4k\u00e4mpi. H\u00e4nell\u00e4 tulee olemaan tilanteita, jossa lamppu syttyy h\u00e4nen p\u00e4\u00e4ss\u00e4\u00e4n ja h\u00e4n ymm\u00e4rt\u00e4\u00e4, mit\u00e4 miss\u00e4kin tilanteessa on teht\u00e4v\u00e4. Sen ansiosta tulemme n\u00e4kem\u00e4\u00e4n h\u00e4nen parantavan\u201d, Waite jatkoi.<\/p>\n<p class=\"article-body mb-nof-24 px-nof-16\">Uuden-Seelannin perinteikk\u00e4\u00e4n sarjan ensimm\u00e4inen kisaviikonloppu ajetaan Hampton Downsin radalla. Lauantaina ja sunnuntaina ajetaan yhteens\u00e4 per\u00e4ti nelj\u00e4 kilpailua.<\/p>\n<p class=\"article-body mb-nof-24 px-nof-16\">Viikonvaihteen kolmas ja nelj\u00e4s kilpailu ajetaan Suomen aikaa lauantain ja sunnuntain v\u00e4lisen\u00e4 y\u00f6n\u00e4.<\/p>\n<p>Kisaohjelma<\/p>\n<p>Formula Regional Oseania, 1. kisaviikonloppuLauantain\u2013sunnuntai<\/p>\n<ul class=\"mb-nof-16 px-nof-16 article-unordered-list unordered-list\">\n<li class=\"unordered-list-item\">\n<p class=\"article-body\">Aika-ajo (15 min) lauantaina klo 22.30<\/p>\n<\/li>\n<li class=\"unordered-list-item\">\n<p class=\"article-body\">3. kilpailu klo 1.09 (18 kierrosta)<\/p>\n<\/li>\n<li class=\"unordered-list-item\">\n<p class=\"article-body\">4. kilpailu klo 4.32 (23 kierrosta)<\/p>\n<\/li>\n<\/ul>\n<p class=\"article-body nof-ui-body-medium mb-nof-24 px-nof-16\">Ajat Suomen aikaa. Aika-ajot ja kilpailut n\u00e4ytet\u00e4\u00e4n suorana Youtubessa <a class=\"underline underline-offset-[0.12em] [text-decoration-thickness:var(--generic-link-underline-thickness)] [text-decoration-color:var(--generic-link-underline-color)] [text-decoration-skip-ink:var(--generic-link-underline-skip-ink)] break-words article-endnote\" href=\"https:\/\/www.youtube.com\/@ToyotaGAZOORacingNZ\/featured\" rel=\"nofollow noopener\" target=\"_blank\">Toyota GAZOO Racing NZ -kanavalla<\/a>.<\/p>\n","protected":false},"excerpt":{"rendered":"Suomen Kalle Rovanper\u00e4 nousi sijalle 11. kauden toisessa kilpailussa Oseanian Formula Regional -sarjassa. H\u00e4n starttasi kisaan 17. l\u00e4ht\u00f6ruudusta.&hellip;\n","protected":false},"author":2,"featured_media":138306,"comment_status":"","ping_status":"","sticky":false,"template":"","format":"standard","meta":{"footnotes":""},"categories":[158],"tags":[33,31,30,46,159,32,160],"class_list":{"0":"post-138425","1":"post","2":"type-post","3":"status-publish","4":"format-standard","5":"has-post-thumbnail","7":"category-urheilu","8":"tag-fi","9":"tag-finland","10":"tag-finnish","11":"tag-helsingin-sanomat","12":"tag-sports","13":"tag-suomi","14":"tag-urheilu"},"share_on_mastodon":{"url":"https:\/\/pubeurope.com\/@fi\/115869824113583117","error":""},"_links":{"self":[{"href":"https:\/\/www.europesays.com\/fi\/wp-json\/wp\/v2\/posts\/138425","targetHints":{"allow":["GET"]}}],"collection":[{"href":"https:\/\/www.europesays.com\/fi\/wp-json\/wp\/v2\/posts"}],"about":[{"href":"https:\/\/www.europesays.com\/fi\/wp-json\/wp\/v2\/types\/post"}],"author":[{"embeddable":true,"href":"https:\/\/www.europesays.com\/fi\/wp-json\/wp\/v2\/users\/2"}],"replies":[{"embeddable":true,"href":"https:\/\/www.europesays.com\/fi\/wp-json\/wp\/v2\/comments?post=138425"}],"version-history":[{"count":0,"href":"https:\/\/www.europesays.com\/fi\/wp-json\/wp\/v2\/posts\/138425\/revisions"}],"wp:featuredmedia":[{"embeddable":true,"href":"https:\/\/www.europesays.com\/fi\/wp-json\/wp\/v2\/media\/138306"}],"wp:attachment":[{"href":"https:\/\/www.europesays.com\/fi\/wp-json\/wp\/v2\/media?parent=138425"}],"wp:term":[{"taxonomy":"category","embeddable":true,"href":"https:\/\/www.europesays.com\/fi\/wp-json\/wp\/v2\/categories?post=138425"},{"taxonomy":"post_tag","embeddable":true,"href":"https:\/\/www.europesays.com\/fi\/wp-json\/wp\/v2\/tags?post=138425"}],"curies":[{"name":"wp","href":"https:\/\/api.w.org\/{rel}","templated":true}]}}