{"id":138438,"date":"2026-01-10T08:38:10","date_gmt":"2026-01-10T08:38:10","guid":{"rendered":"https:\/\/www.europesays.com\/fi\/138438\/"},"modified":"2026-01-10T08:38:10","modified_gmt":"2026-01-10T08:38:10","slug":"karhut-huuhkajat-ja-muut-luonnon-asukkaat-saapuivat-valokuvien-muodossa-kauppakeskus-seppaan-jyvaskylassa-keski-suomi","status":"publish","type":"post","link":"https:\/\/www.europesays.com\/fi\/138438\/","title":{"rendered":"Karhut, huuhkajat ja muut luonnon asukkaat saapuivat valokuvien muodossa kauppakeskus Sepp\u00e4\u00e4n Jyv\u00e4skyl\u00e4ss\u00e4 | Keski-Suomi"},"content":{"rendered":"<p>\u201dPit\u00e4\u00e4 malttaa olla, tutkailla ja katsella\u201d, Juha Ruokari kuvailee luonnossa liikkumista kameran kanssa.<\/p>\n<p>Jyv\u00e4kyl\u00e4ss\u00e4 kauppakeskus Sep\u00e4ss\u00e4 voi nyt katsella talviunille valmistautuvia karhuja ja kalliolla makailevia saimaannorppia. Kyseess\u00e4 on luontokuvaaja <strong>Jussi Murtosaaren<\/strong> luotsaamaan luontovalokuvauskurssin satoa Jyv\u00e4skyl\u00e4n kansalaisopistosta.<\/p>\n<p>\u2013 Ajateltiin, ett\u00e4 kokeillaan v\u00e4h\u00e4n t\u00e4llaista n\u00e4ytt\u00e4v\u00e4mp\u00e4\u00e4 paikkaa n\u00e4yttelylle. Jokainen kurssilainen on saanut valita valokuvansa. Esill\u00e4 on yhteisill\u00e4 retkill\u00e4mme otettuja kuvia ja ihan omiakin kuvia, Murtosaari kertoo.<\/p>\n<p>\t\t<a class=\"diks-gallery__link\" href=\"https:\/\/i.media.fi\/incoming\/908vgm\/11232229.jpg\/alternates\/FREE_1440\/11232229.jpg\" data-thumbnail=\"\" data-sub-html=\"Juha Ruokari tallensi kuutamon kaamoksen alkaessa Saarisel\u00e4ll\u00e4. Essi Rikama\" aria-label=\"Katso isompi kuva\" rel=\"nofollow noopener\" target=\"_blank\"><br \/>\n\t\t\t\t<img class=\"diks-figure__image\" src=\"https:\/\/www.europesays.com\/fi\/wp-content\/uploads\/2026\/01\/11232229.jpg\" loading=\"lazy\" decoding=\"sync\" alt=\"\"\/><\/p>\n<p>\t\t\t<\/a><br \/>\n\t\t\t\t\tJuha Ruokari tallensi kuutamon kaamoksen alkaessa Saarisel\u00e4ll\u00e4. Essi Rikama<\/p>\n<p><strong class=\"diks-storyline__impact\">Sep\u00e4n aulassa<\/strong> on esill\u00e4 kymmenen kurssilaisen valokuvia 19. tammikuuta saakka. Yksi heist\u00e4 on <strong>Juha Ruokari<\/strong>, 66.<\/p>\n","protected":false},"excerpt":{"rendered":"\u201dPit\u00e4\u00e4 malttaa olla, tutkailla ja katsella\u201d, Juha Ruokari kuvailee luonnossa liikkumista kameran kanssa. Jyv\u00e4kyl\u00e4ss\u00e4 kauppakeskus Sep\u00e4ss\u00e4 voi nyt&hellip;\n","protected":false},"author":2,"featured_media":138439,"comment_status":"","ping_status":"","sticky":false,"template":"","format":"standard","meta":{"footnotes":""},"categories":[135],"tags":[389,387,388,390,2110,137,33,31,30,478,425,108,32,394,393,391,392,2590,2107,109],"class_list":{"0":"post-138438","1":"post","2":"type-post","3":"status-publish","4":"format-standard","5":"has-post-thumbnail","7":"category-taiteet-ja-suunnittelu","8":"tag-arts","9":"tag-arts-and-design","10":"tag-artsanddesign","11":"tag-design","12":"tag-elamantapa-ja-vapaa-aika","13":"tag-entertainment","14":"tag-fi","15":"tag-finland","16":"tag-finnish","17":"tag-harrastukset","18":"tag-jyvaskyla","19":"tag-kulttuuri","20":"tag-suomi","21":"tag-suunnittelu","22":"tag-taiteet","23":"tag-taiteet-ja-suunnittelu","24":"tag-taiteetsuunnittelu","25":"tag-tanaan","26":"tag-vapaa-aika","27":"tag-viihde"},"share_on_mastodon":{"url":"https:\/\/pubeurope.com\/@fi\/115869902643233612","error":""},"_links":{"self":[{"href":"https:\/\/www.europesays.com\/fi\/wp-json\/wp\/v2\/posts\/138438","targetHints":{"allow":["GET"]}}],"collection":[{"href":"https:\/\/www.europesays.com\/fi\/wp-json\/wp\/v2\/posts"}],"about":[{"href":"https:\/\/www.europesays.com\/fi\/wp-json\/wp\/v2\/types\/post"}],"author":[{"embeddable":true,"href":"https:\/\/www.europesays.com\/fi\/wp-json\/wp\/v2\/users\/2"}],"replies":[{"embeddable":true,"href":"https:\/\/www.europesays.com\/fi\/wp-json\/wp\/v2\/comments?post=138438"}],"version-history":[{"count":0,"href":"https:\/\/www.europesays.com\/fi\/wp-json\/wp\/v2\/posts\/138438\/revisions"}],"wp:featuredmedia":[{"embeddable":true,"href":"https:\/\/www.europesays.com\/fi\/wp-json\/wp\/v2\/media\/138439"}],"wp:attachment":[{"href":"https:\/\/www.europesays.com\/fi\/wp-json\/wp\/v2\/media?parent=138438"}],"wp:term":[{"taxonomy":"category","embeddable":true,"href":"https:\/\/www.europesays.com\/fi\/wp-json\/wp\/v2\/categories?post=138438"},{"taxonomy":"post_tag","embeddable":true,"href":"https:\/\/www.europesays.com\/fi\/wp-json\/wp\/v2\/tags?post=138438"}],"curies":[{"name":"wp","href":"https:\/\/api.w.org\/{rel}","templated":true}]}}