{"id":138452,"date":"2026-01-10T08:50:07","date_gmt":"2026-01-10T08:50:07","guid":{"rendered":"https:\/\/www.europesays.com\/fi\/138452\/"},"modified":"2026-01-10T08:50:07","modified_gmt":"2026-01-10T08:50:07","slug":"suomalaisen-ss-miehen-tarina-kertoo-unto-parvilahden-elamasta","status":"publish","type":"post","link":"https:\/\/www.europesays.com\/fi\/138452\/","title":{"rendered":"Suomalaisen SS-miehen tarina kertoo Unto Parvilahden el\u00e4m\u00e4st\u00e4"},"content":{"rendered":"<p>Kirja-arvio|Yritys salamyhk\u00e4isen merkkimiehen el\u00e4m\u00e4kerraksi lankeaa unohteluun, v\u00e4\u00e4ristelyyn ja asiavirheisiin.<\/p>\n<p class=\"article-body mb-nof-24 px-nof-16\">Tietokirja<\/p>\n<p class=\"article-body mb-nof-24 px-nof-16\">Seppo Konttinen ja Kari Vitie: Suomalaisen SS-miehen tarina. Readme.fi. 248 s. <\/p>\n<p class=\"article-body mb-nof-24 px-nof-16\">Kun kerran kirjoja tehd\u00e4\u00e4n kansakunnan merkkihenkil\u00f6iden lis\u00e4ksi pankkirosvoista ja sarjamurhaajista, miksei my\u00f6s \u201dkaikkeen konnuuteen alttiista provokaattorityypist\u00e4\u201d?<\/p>\n","protected":false},"excerpt":{"rendered":"Kirja-arvio|Yritys salamyhk\u00e4isen merkkimiehen el\u00e4m\u00e4kerraksi lankeaa unohteluun, v\u00e4\u00e4ristelyyn ja asiavirheisiin. Tietokirja Seppo Konttinen ja Kari Vitie: Suomalaisen SS-miehen tarina.&hellip;\n","protected":false},"author":2,"featured_media":138453,"comment_status":"","ping_status":"","sticky":false,"template":"","format":"standard","meta":{"footnotes":""},"categories":[12],"tags":[22,23,26,27,33,31,30,17,46,24,25,28,29,15,18,21,32,19,20,16],"class_list":{"0":"post-138452","1":"post","2":"type-post","3":"status-publish","4":"format-standard","5":"has-post-thumbnail","7":"category-suomi","8":"tag-breaking-news","9":"tag-breakingnews","10":"tag-featured-news","11":"tag-featurednews","12":"tag-fi","13":"tag-finland","14":"tag-finnish","15":"tag-headlines","16":"tag-helsingin-sanomat","17":"tag-latest-news","18":"tag-latestnews","19":"tag-main-news","20":"tag-mainnews","21":"tag-news","22":"tag-otsikot","23":"tag-paauutiset","24":"tag-suomi","25":"tag-top-stories","26":"tag-topstories","27":"tag-uutiset"},"share_on_mastodon":{"url":"https:\/\/pubeurope.com\/@fi\/115869949866927885","error":""},"_links":{"self":[{"href":"https:\/\/www.europesays.com\/fi\/wp-json\/wp\/v2\/posts\/138452","targetHints":{"allow":["GET"]}}],"collection":[{"href":"https:\/\/www.europesays.com\/fi\/wp-json\/wp\/v2\/posts"}],"about":[{"href":"https:\/\/www.europesays.com\/fi\/wp-json\/wp\/v2\/types\/post"}],"author":[{"embeddable":true,"href":"https:\/\/www.europesays.com\/fi\/wp-json\/wp\/v2\/users\/2"}],"replies":[{"embeddable":true,"href":"https:\/\/www.europesays.com\/fi\/wp-json\/wp\/v2\/comments?post=138452"}],"version-history":[{"count":0,"href":"https:\/\/www.europesays.com\/fi\/wp-json\/wp\/v2\/posts\/138452\/revisions"}],"wp:featuredmedia":[{"embeddable":true,"href":"https:\/\/www.europesays.com\/fi\/wp-json\/wp\/v2\/media\/138453"}],"wp:attachment":[{"href":"https:\/\/www.europesays.com\/fi\/wp-json\/wp\/v2\/media?parent=138452"}],"wp:term":[{"taxonomy":"category","embeddable":true,"href":"https:\/\/www.europesays.com\/fi\/wp-json\/wp\/v2\/categories?post=138452"},{"taxonomy":"post_tag","embeddable":true,"href":"https:\/\/www.europesays.com\/fi\/wp-json\/wp\/v2\/tags?post=138452"}],"curies":[{"name":"wp","href":"https:\/\/api.w.org\/{rel}","templated":true}]}}