{"id":138454,"date":"2026-01-10T08:51:08","date_gmt":"2026-01-10T08:51:08","guid":{"rendered":"https:\/\/www.europesays.com\/fi\/138454\/"},"modified":"2026-01-10T08:51:08","modified_gmt":"2026-01-10T08:51:08","slug":"kalle-rovanpera-pysyi-radalla-avauskilpailuissaan-petrasi-kuusi-sijaa-oseanian-formulasarjassa-urheilua-lyhyesti","status":"publish","type":"post","link":"https:\/\/www.europesays.com\/fi\/138454\/","title":{"rendered":"Kalle Rovanper\u00e4 pysyi radalla avaus\u00adkilpailuissaan \u2013 petrasi kuusi sijaa Oseanian formulasarjassa | Urheilua lyhyesti"},"content":{"rendered":"<p class=\"aw-1gybjub aw-5vja16 kEtdKx kmuxyA yle__article__paragraph\">Rovanper\u00e4 aikoo kilpailla t\u00e4n\u00e4 vuonna Japanin Super Formula -sarjassa, johon Oseanin kilpailut valmistavat h\u00e4nt\u00e4. <\/p>\n<p><img decoding=\"async\" alt=\"Kalle Rovanper\u00e4 ler och blickar mot sidan.\" src=\"https:\/\/www.europesays.com\/fi\/wp-content\/uploads\/2026\/01\/39-15448916900e96cc1cb0.jpeg\" class=\"aw-1l9m598 hKVVvP\"\/><\/p>\n<p>Avaa kuvien katselu<\/p>\n<p>Kalle Rovanper\u00e4 Jyv\u00e4skyl\u00e4n MM-rallissa 2025. Kuva: Tomi H\u00e4nninen<\/p>\n<p class=\"aw-1gybjub aw-1p7kakr kEtdKx cEmitX yle__article__paragraph\">Suomen <strong class=\"aw-ak79eh KyCXm yle__article__strong\">Kalle Rovanper\u00e4<\/strong> nappasi sijat 11 ja 17 Formula Regional Oceania Trophy -sarjassa lauantain vastaisena y\u00f6n\u00e4 Suomen aikaa.<\/p>\n<p class=\"aw-1gybjub aw-1p7kakr kEtdKx cEmitX yle__article__paragraph\">Rovanper\u00e4 oli Uuden-Seelannin Hampton Downsin radalla aika-ajojen 16:s.<\/p>\n<p class=\"aw-1gybjub aw-1p7kakr kEtdKx cEmitX yle__article__paragraph\">Ensimm\u00e4isess\u00e4 kilpailussa h\u00e4n j\u00e4i 17:nneksi ja h\u00e4visi is\u00e4nt\u00e4maan voittaja Louis Sharpille l\u00e4hes 40 sekuntia, mutta vain kolmisen tuntia my\u00f6hemmin ajettu toinen kilpailu toi Rovanper\u00e4lle roiman parannuksen ja 11. sijan.<\/p>\n<p class=\"aw-1gybjub aw-1p7kakr kEtdKx cEmitX yle__article__paragraph\">Eroa Uuden-Seelannin voittaja <strong class=\"aw-ak79eh KyCXm yle__article__strong\">Zack Scoulariin<\/strong> oli vajaat 25 sekuntia. Molemmissa kilpailuissa oli mukana 19 kuljettajaa ja ajettiin 18 kierrosta.<\/p>\n<p class=\"aw-1gybjub aw-1p7kakr kEtdKx cEmitX yle__article__paragraph\">Ralliautoilun kaksinkertainen maailmanmestari Rovanper\u00e4 sijoittui viime vuonna kolmanneksi ralliautoilun MM-sarjassa ja siirtyi t\u00e4ksi kaudeksi rata-autoiluun. H\u00e4n aikoo kilpailla t\u00e4n\u00e4 vuonna Japanin Super Formula -sarjassa, johon Oseanin kilpailut valmistavat h\u00e4nt\u00e4.<\/p>\n<p class=\"aw-1gybjub aw-1p7kakr kEtdKx cEmitX yle__article__paragraph\">Suomalainen ajaa kilpaa j\u00e4lleen sunnuntain vastaisena y\u00f6n\u00e4, jolloin on kaksi kilpailua: 18 kierroksen normaalikilpailu ja 23 kierroksen kilpailu.<\/p>\n","protected":false},"excerpt":{"rendered":"Rovanper\u00e4 aikoo kilpailla t\u00e4n\u00e4 vuonna Japanin Super Formula -sarjassa, johon Oseanin kilpailut valmistavat h\u00e4nt\u00e4. Avaa kuvien katselu Kalle&hellip;\n","protected":false},"author":2,"featured_media":138455,"comment_status":"","ping_status":"","sticky":false,"template":"","format":"standard","meta":{"footnotes":""},"categories":[5],"tags":[3701,22,23,26,27,33,31,30,3437,17,4673,24,25,28,29,15,18,21,2811,32,19,20,16],"class_list":{"0":"post-138454","1":"post","2":"type-post","3":"status-publish","4":"format-standard","5":"has-post-thumbnail","7":"category-otsikot","8":"tag-autourheilu","9":"tag-breaking-news","10":"tag-breakingnews","11":"tag-featured-news","12":"tag-featurednews","13":"tag-fi","14":"tag-finland","15":"tag-finnish","16":"tag-formula-1","17":"tag-headlines","18":"tag-kalle-rovanpera","19":"tag-latest-news","20":"tag-latestnews","21":"tag-main-news","22":"tag-mainnews","23":"tag-news","24":"tag-otsikot","25":"tag-paauutiset","26":"tag-rata-autoilu","27":"tag-suomi","28":"tag-top-stories","29":"tag-topstories","30":"tag-uutiset"},"share_on_mastodon":{"url":"https:\/\/pubeurope.com\/@fi\/115869953725895284","error":""},"_links":{"self":[{"href":"https:\/\/www.europesays.com\/fi\/wp-json\/wp\/v2\/posts\/138454","targetHints":{"allow":["GET"]}}],"collection":[{"href":"https:\/\/www.europesays.com\/fi\/wp-json\/wp\/v2\/posts"}],"about":[{"href":"https:\/\/www.europesays.com\/fi\/wp-json\/wp\/v2\/types\/post"}],"author":[{"embeddable":true,"href":"https:\/\/www.europesays.com\/fi\/wp-json\/wp\/v2\/users\/2"}],"replies":[{"embeddable":true,"href":"https:\/\/www.europesays.com\/fi\/wp-json\/wp\/v2\/comments?post=138454"}],"version-history":[{"count":0,"href":"https:\/\/www.europesays.com\/fi\/wp-json\/wp\/v2\/posts\/138454\/revisions"}],"wp:featuredmedia":[{"embeddable":true,"href":"https:\/\/www.europesays.com\/fi\/wp-json\/wp\/v2\/media\/138455"}],"wp:attachment":[{"href":"https:\/\/www.europesays.com\/fi\/wp-json\/wp\/v2\/media?parent=138454"}],"wp:term":[{"taxonomy":"category","embeddable":true,"href":"https:\/\/www.europesays.com\/fi\/wp-json\/wp\/v2\/categories?post=138454"},{"taxonomy":"post_tag","embeddable":true,"href":"https:\/\/www.europesays.com\/fi\/wp-json\/wp\/v2\/tags?post=138454"}],"curies":[{"name":"wp","href":"https:\/\/api.w.org\/{rel}","templated":true}]}}