{"id":138456,"date":"2026-01-10T09:03:10","date_gmt":"2026-01-10T09:03:10","guid":{"rendered":"https:\/\/www.europesays.com\/fi\/138456\/"},"modified":"2026-01-10T09:03:10","modified_gmt":"2026-01-10T09:03:10","slug":"minna-parikka-teki-suoran-rakkauspaljastuksen","status":"publish","type":"post","link":"https:\/\/www.europesays.com\/fi\/138456\/","title":{"rendered":"Minna Parikka teki suoran rakkauspaljastuksen"},"content":{"rendered":"<p>            ATTE KAJOVA\n        <\/p>\n<p class=\"subtitle \">Kenk\u00e4suunnittelija ja muut silm\u00e4\u00e4tekev\u00e4t viihtyiv\u00e4t alkuvuoden seurapiiritapahtumassa.<\/p>\n<p class=\"article-content article-content-width !bg-background\">Kenk\u00e4suunnittelija  aikoi lopettaa kenk\u00e4br\u00e4ndins\u00e4, mutta toisin k\u00e4vi. Pupukorvaisista kengist\u00e4\u00e4n muistettu suunnittelija luo j\u00e4lleen t\u00e4ysill\u00e4 uutta.<\/p>\n<p class=\"article-content article-content-width !bg-background\">\u2013 Todellakin, kenki\u00e4 pulppuaa edelleen! Nyt kun hetken aikaa oli lomalla ja pidin taukoa, niin on taas ihanaa olla ensirakkauden eli kenkien kanssa t\u00f6iss\u00e4, Minna kertoi loppiaisen Strauss-konsertissa. Kenk\u00e4taiteilijan tuotteita voi ostaa j\u00e4lleen verkosta sek\u00e4 Pohjois-Esplanadin myym\u00e4l\u00e4st\u00e4 Helsingist\u00e4.<\/p>\n<p>                <img decoding=\"async\" src=\"https:\/\/www.europesays.com\/fi\/wp-content\/uploads\/2026\/01\/2039398.webp.jpeg\" width=\"576\" height=\"720\" alt=\"Minna nauttii j\u00e4lleen rakkaasta ammatistaan.\" loading=\"lazy\" \/>            <\/p>\n<p>\n            Minna nauttii j\u00e4lleen rakkaasta ammatistaan.<br \/>\n            ATTE KAJOVA\n        <\/p>\n<p class=\"article-content article-content-width !bg-background\">Vuonna 2015 Minna r\u00e4v\u00e4ytti Strauss-konsertissa poseeraamalla ensikertaa rokkari :n kanssa. Pariskunta ilmoitti eronneensa jo saman vuoden hein\u00e4kuussa. Nykyisin suunnittelija viihtyy sinkkuna.<\/p>\n<p class=\"article-content article-content-width !bg-background\">\u2013 Ei sellaista muuta rakkautta ole, kuin platonista. Yst\u00e4v\u00e4np\u00e4iv\u00e4 on aika l\u00e4hell\u00e4, mutta voisi katsoa kes\u00e4lle! Kes\u00e4romanssi on nyt sitten sovittu universumin kanssa! Hyv\u00e4ntuulinen Minna lupasi sonnustautuneena luonnollisesti itse suunnittelemiinsa kenkiin.<\/p>\n<p>        <a itemprop=\"url\" href=\"https:\/\/www.seiska.fi\/kotimaa\/jestas-nain-erikoisessa-asussa-minna-parikka-edusti-kuvat\/1504420\" rel=\"nofollow noopener\" target=\"_blank\"><\/p>\n<p class=\"section-date\">\n        <strong class=\"article-section\" data-section=\"kotimaa\"><br \/>\n            kotimaa<br \/>\n        <\/strong><br \/>\n        30.10.2024 20:00\n    <\/p>\n<p>Jestas! N\u00e4in erikoisessa asussa Minna Parikka edusti \u2013 kuvat\n    <\/p>\n<p itemprop=\"description\" class=\"subtitle \">\n    Huhtikuussa uuden kenk\u00e4br\u00e4ndin julkaissut suunnittelija vastaa saamaansa kritiikkiin.\n<\/p>\n<p>        <\/a><\/p>\n<p>Kirjabileet valmisteilla!<\/p>\n<p class=\"article-content article-content-width !bg-background\"> nautti Strauss-konsertista innolla alkavaa vuotta odotellen. Loppiaisen j\u00e4lkeisen\u00e4 torstaina 56 vuotta t\u00e4ytt\u00e4neell\u00e4 Heidill\u00e4 on pian my\u00f6s lis\u00e4\u00e4 juhlanaihetta yhdess\u00e4 pitk\u00e4aikaisen puolisonsa, toimittaja , 82, kanssa.<\/p>\n<p>                <img decoding=\"async\" src=\"https:\/\/www.europesays.com\/fi\/wp-content\/uploads\/2026\/01\/2039403.webp.jpeg\" width=\"576\" height=\"720\" alt=\"Heidi rakastaa hyvi\u00e4 juhlia ja n\u00e4ytt\u00e4vi\u00e4 kenki\u00e4.\" loading=\"lazy\" \/>            <\/p>\n<p>\n            Heidi rakastaa hyvi\u00e4 juhlia ja n\u00e4ytt\u00e4vi\u00e4 kenki\u00e4.<br \/>\n            ATTE KAJOVA\n        <\/p>\n<p class=\"article-content article-content-width !bg-background\">\u2013\u00a0 Mattieskon romaani julkaistaan helmikuussa ja sit\u00e4 juhlitaan tietysti kunnolla, Heidi kertoi alkuvuoden kohokohdasta. <\/p>\n<p>11 hengen ydinperhe!<\/p>\n<p class=\"article-content article-content-width !bg-background\">Poliitikko  ja puolisonsa  olivat mietteli\u00e4in\u00e4 ep\u00e4vakaasta maailmantilanteesta, mutta lohtuakin l\u00f6ytyi l\u00e4helt\u00e4, sill\u00e4 pariskunnan luona y\u00f6kyl\u00e4iliv\u00e4t juuri lapsenlapset.<\/p>\n<p>                <img decoding=\"async\" src=\"https:\/\/www.europesays.com\/fi\/wp-content\/uploads\/2026\/01\/2039417.webp.jpeg\" width=\"576\" height=\"720\" alt=\"Eva ja Thomas ovat aktiivisi\u00e4 isovanhempia.\" loading=\"lazy\" \/>            <\/p>\n<p>\n            Eva ja Thomas ovat aktiivisi\u00e4 isovanhempia.<br \/>\n            ATTE KAJOVA\n        <\/p>\n<p class=\"article-content article-content-width !bg-background\">\u2013\u00a0 Meid\u00e4n ydinperheemme pit\u00e4\u00e4 sis\u00e4ll\u00e4\u00e4n 11 henke\u00e4, joten vilskett\u00e4 riitt\u00e4\u00e4, pariskunta kertoi uusperheest\u00e4\u00e4n. <\/p>\n<p>Poika armeijan harmaisiin<\/p>\n<p class=\"article-content article-content-width !bg-background\">Oopperalaulaja  ja puolisonsa, s\u00e4velt\u00e4j\u00e4  ovat reissanneet New Yorkia my\u00f6den Sebastianin t\u00f6iden puolesta. Tammikuussa Sebastianin uutuusooppera Morgenstern saa ensi-iltansa kansallisoopperassa.<\/p>\n<p>                <img decoding=\"async\" src=\"https:\/\/www.europesays.com\/fi\/wp-content\/uploads\/2026\/01\/2039433.webp.jpeg\" width=\"576\" height=\"720\" alt=\"Angelika ja Sebastian ovat kaiken aikaa ty\u00f6n touhussa ja liikkeell\u00e4.\" loading=\"lazy\" \/>            <\/p>\n<p>\n            Angelika ja Sebastian ovat kaiken aikaa ty\u00f6n touhussa ja liikkeell\u00e4.<br \/>\n            ATTE KAJOVA\n        <\/p>\n<p class=\"article-content article-content-width !bg-background\">\u2013\u00a0 Poikamme  aloitti juuri armeijassa. Ja kyll\u00e4 sielt\u00e4kin on tulossa yksi musiikkialan taiteilija lis\u00e4\u00e4, pariskunta totesi. <\/p>\n<p>Kaija juhli yksin<\/p>\n<p class=\"article-content article-content-width !bg-background\">Laulaja  juhlisti loppiaista Finlandia-talossa, t\u00e4ll\u00e4 kertaa ilman seuralaista. Balmain-henkiseen helmin koristeltuun jakkuun sonnustautunut Kaija juhli samassa tyyliss\u00e4 kuin nuoremmat kollegat  ja  on aiemmin n\u00e4hty. 63-vuotiaan Kaijan vuoden kohokohta on oman el\u00e4m\u00e4kertaelokuvan julkaisu.<\/p>\n<p>                <img decoding=\"async\" src=\"https:\/\/www.europesays.com\/fi\/wp-content\/uploads\/2026\/01\/2039438.webp.jpeg\" width=\"576\" height=\"720\" alt=\"Kaija on vieraillut usein Strauss-konsertissa - joko yst\u00e4vien tai kumppanin kanssa. T\u00e4ll\u00e4 kertaa Kaija viihtyi ilman seuralaista.\" loading=\"lazy\" \/>            <\/p>\n<p>\n            Kaija on vieraillut usein Strauss-konsertissa &#8211; joko yst\u00e4vien tai kumppanin kanssa. T\u00e4ll\u00e4 kertaa Kaija viihtyi ilman seuralaista.<br \/>\n            ATTE KAJOVA\n        <\/p>\n<p class=\"article-content article-content-width !bg-background\">\u2013\u00a0 Olen n\u00e4hnyt sen ja pidin. Kyseess\u00e4 on fiktio kuitenkin. P\u00e4\u00e4osanesitt\u00e4j\u00e4  on kyll\u00e4 todella hyv\u00e4, Kaija kiitti. <\/p>\n<p>        <a itemprop=\"url\" href=\"https:\/\/www.seiska.fi\/kotimaa\/jestas-kaija-koo-juhlii-syntymapaiviaan-nahka-asussa\/1926936\" rel=\"nofollow noopener\" target=\"_blank\"><\/p>\n<p>\nJestas!\n<\/p>\n<p class=\"section-date\">\n        <strong class=\"article-section\" data-section=\"kotimaa\"><br \/>\n            kotimaa<br \/>\n        <\/strong><br \/>\n        10.9.2025 18:00\n    <\/p>\n<p>Jestas! Kaija Koo juhlii syntym\u00e4p\u00e4ivi\u00e4\u00e4n nahka-asussa\n    <\/p>\n<p itemprop=\"description\" class=\"subtitle \">\n    Kaija ei n\u00e4yt\u00e4 ik\u00e4\u00e4ntyneen lainkaan.\n<\/p>\n<p>        <\/a><\/p>\n<p>Tarja kuuluu kalustoon<\/p>\n<p class=\"article-content article-content-width !bg-background\">Presidentti  ja tohtori  ovat tuttuja kasvoja loppiaiskonserteissa. Virke\u00e4t el\u00e4kel\u00e4iset eiv\u00e4t edelleenk\u00e4\u00e4n malta pysy\u00e4 poissa ty\u00f6nteosta. Pariskunta kertoi Strauss-dynastian musiikin olevan yksi el\u00e4m\u00e4n ilonaiheista.<\/p>\n<p>                <img decoding=\"async\" src=\"https:\/\/www.europesays.com\/fi\/wp-content\/uploads\/2026\/01\/2039454.webp.jpeg\" width=\"576\" height=\"322\" alt=\"Kulttuurituottaja Patrick Lagus on toivottanut presidentti Halosen puolisoineen tervetulleeksi jo kahdella vuosikymmenell\u00e4,\" loading=\"lazy\" \/>            <\/p>\n<p>\n            Kulttuurituottaja Patrick Lagus on toivottanut presidentti Halosen puolisoineen tervetulleeksi jo kahdella vuosikymmenell\u00e4,<br \/>\n            ATTE KAJOVA\n        <\/p>\n<p>                <img decoding=\"async\" src=\"https:\/\/www.europesays.com\/fi\/wp-content\/uploads\/2026\/01\/2039475.webp.jpeg\" width=\"576\" height=\"274\" alt=\"Kapelimestari Atso Almila on loppiaiskonserttien kantavia voimia.\" loading=\"lazy\" \/>            <\/p>\n<p>\n            Kapelimestari Atso Almila on loppiaiskonserttien kantavia voimia.<br \/>\n            ATTE KAJOVA\n        <\/p>\n<p class=\"article-content article-content-width !bg-background\"> \u2013 Ja kun maailmalta tuntuu tulevan vain huonoja uutisia, on kepeydell\u00e4 ja ilolla paikkansa, konsertteja is\u00e4nn\u00f6inyt kulttuurituottaja  muistutti.<\/p>\n<p>        <a itemprop=\"url\" href=\"https:\/\/www.seiska.fi\/kotimaa\/eeva-tarja-halonen-tarjoaa-mattoruokaa-lapsenlapsilleen\/2011610\" rel=\"nofollow noopener\" target=\"_blank\"><\/p>\n<p>\nTarja Halonen Eeva-lehdess\u00e4:\n<\/p>\n<p class=\"section-date\">\n        <strong class=\"article-section\" data-section=\"kotimaa\"><br \/>\n            kotimaa<br \/>\n        <\/strong><br \/>\n        4.12.2025 14:31\n    <\/p>\n<p>Eeva: Tarja Halonen tarjoaa m\u00e4tt\u00f6ruokaa lapsenlapsilleen\n    <\/p>\n<p itemprop=\"description\" class=\"subtitle \">\n    Presidentill\u00e4 on seitsem\u00e4n lapsenlasta.\n<\/p>\n<p>        <\/a><\/p>\n<p>Aarne hurmasi lavalla<\/p>\n<p class=\"article-content article-content-width !bg-background\">Baritoni , 40, loisti t\u00e4n\u00e4 vuonna Strauss-konsertin vaihtuvassa laulajakaartissa. Ik\u00e4luokkansa kysytyimpiin lukeutuva laulaja julkaisi my\u00f6s  p\u00e4iv\u00e4n\u00e4 uutta musiikkia. Kyseess\u00e4 on  kanssa toteutettavan uutuuslevyn single nimelt\u00e4 Kiitoslaulu.\u00a0<\/p>\n<p>                <img decoding=\"async\" src=\"https:\/\/www.europesays.com\/fi\/wp-content\/uploads\/2026\/01\/2039462.webp.jpeg\" width=\"576\" height=\"274\" alt=\"Aarne Pelkonen on saanut keikkailla reippaasti l\u00e4pi joulukauden. Baritoni n\u00e4htiin my\u00f6s joulun aikana kolmesti Ylen ohjelmissa.\" loading=\"lazy\" \/>            <\/p>\n<p>\n            Aarne Pelkonen on saanut keikkailla reippaasti l\u00e4pi joulukauden. Baritoni n\u00e4htiin my\u00f6s joulun aikana kolmesti Ylen ohjelmissa.<br \/>\n            ATTE KAJOVA\n        <\/p>\n<p class=\"article-content article-content-width !bg-background\">\u2013\u00a0Sanat taas ei ole uunituoreita, sill\u00e4 ne kirjoitti Eino Leino, jonka kuolemasta tulee t\u00e4n\u00e4 vuonna kuluneeksi 100 vuotta,\u00a0Aarne muistutti Instagramissa.<\/p>\n","protected":false},"excerpt":{"rendered":"ATTE KAJOVA Kenk\u00e4suunnittelija ja muut silm\u00e4\u00e4tekev\u00e4t viihtyiv\u00e4t alkuvuoden seurapiiritapahtumassa. Kenk\u00e4suunnittelija aikoi lopettaa kenk\u00e4br\u00e4ndins\u00e4, mutta toisin k\u00e4vi. Pupukorvaisista kengist\u00e4\u00e4n&hellip;\n","protected":false},"author":2,"featured_media":138457,"comment_status":"","ping_status":"","sticky":false,"template":"","format":"standard","meta":{"footnotes":""},"categories":[136],"tags":[407,137,33,31,30,408,4736,212,21205,23110,32,5309,109],"class_list":{"0":"post-138456","1":"post","2":"type-post","3":"status-publish","4":"format-standard","5":"has-post-thumbnail","7":"category-julkkikset","8":"tag-celebrities","9":"tag-entertainment","10":"tag-fi","11":"tag-finland","12":"tag-finnish","13":"tag-julkkikset","14":"tag-kaija-koo","15":"tag-lifestyle","16":"tag-minna-parikka","17":"tag-strauss-konsertti","18":"tag-suomi","19":"tag-tarja-halonen","20":"tag-viihde"},"share_on_mastodon":{"url":"https:\/\/pubeurope.com\/@fi\/115870001319955399","error":""},"_links":{"self":[{"href":"https:\/\/www.europesays.com\/fi\/wp-json\/wp\/v2\/posts\/138456","targetHints":{"allow":["GET"]}}],"collection":[{"href":"https:\/\/www.europesays.com\/fi\/wp-json\/wp\/v2\/posts"}],"about":[{"href":"https:\/\/www.europesays.com\/fi\/wp-json\/wp\/v2\/types\/post"}],"author":[{"embeddable":true,"href":"https:\/\/www.europesays.com\/fi\/wp-json\/wp\/v2\/users\/2"}],"replies":[{"embeddable":true,"href":"https:\/\/www.europesays.com\/fi\/wp-json\/wp\/v2\/comments?post=138456"}],"version-history":[{"count":0,"href":"https:\/\/www.europesays.com\/fi\/wp-json\/wp\/v2\/posts\/138456\/revisions"}],"wp:featuredmedia":[{"embeddable":true,"href":"https:\/\/www.europesays.com\/fi\/wp-json\/wp\/v2\/media\/138457"}],"wp:attachment":[{"href":"https:\/\/www.europesays.com\/fi\/wp-json\/wp\/v2\/media?parent=138456"}],"wp:term":[{"taxonomy":"category","embeddable":true,"href":"https:\/\/www.europesays.com\/fi\/wp-json\/wp\/v2\/categories?post=138456"},{"taxonomy":"post_tag","embeddable":true,"href":"https:\/\/www.europesays.com\/fi\/wp-json\/wp\/v2\/tags?post=138456"}],"curies":[{"name":"wp","href":"https:\/\/api.w.org\/{rel}","templated":true}]}}