{"id":138465,"date":"2026-01-10T09:11:07","date_gmt":"2026-01-10T09:11:07","guid":{"rendered":"https:\/\/www.europesays.com\/fi\/138465\/"},"modified":"2026-01-10T09:11:07","modified_gmt":"2026-01-10T09:11:07","slug":"erityislaatuinen-teatteriesitys-doves-and-bloods-on-saanut-uuden-ensi-illan","status":"publish","type":"post","link":"https:\/\/www.europesays.com\/fi\/138465\/","title":{"rendered":"Erityislaatuinen teatteriesitys Doves and Bloods on saanut uuden ensi-illan"},"content":{"rendered":"<p>Kommentti|Erityislaatuinen teatteriesitys nousi suosioon ja katsomo t\u00e4yttyi my\u00f6s nuorista. Nyt se saa uuden ensi-illan.<\/p>\n<p class=\"article-body mb-nof-24 px-nof-16\">Syksyll\u00e4 2024 yksi mieleenpainuvimmista katsomiskokemuksistani oli Viirus-teatterin Doves and Bloods, enk\u00e4 ollut ainoa. Katsomo oli kaltaisteni keski-ik\u00e4isten teatterin hevijuusereiden lis\u00e4ksi t\u00e4ynn\u00e4 haltioituneita kaksikymppisi\u00e4.<\/p>\n<p class=\"article-body mb-nof-24 px-nof-16\">Esitys voitti viime kes\u00e4n\u00e4 Antonia-palkinnon, jolla palkitaan vuosittain suomenruotsalainen teos taiteellisista ansioista. Siit\u00e4 kirjoitettiin innoittuneesti niin Huvudstadsbladetissa kuin Ny Tidiss\u00e4 ja Svenska Ylell\u00e4.<\/p>\n","protected":false},"excerpt":{"rendered":"Kommentti|Erityislaatuinen teatteriesitys nousi suosioon ja katsomo t\u00e4yttyi my\u00f6s nuorista. Nyt se saa uuden ensi-illan. Syksyll\u00e4 2024 yksi mieleenpainuvimmista&hellip;\n","protected":false},"author":2,"featured_media":138466,"comment_status":"","ping_status":"","sticky":false,"template":"","format":"standard","meta":{"footnotes":""},"categories":[130],"tags":[137,33,31,30,46,32,109],"class_list":{"0":"post-138465","1":"post","2":"type-post","3":"status-publish","4":"format-standard","5":"has-post-thumbnail","7":"category-viihde","8":"tag-entertainment","9":"tag-fi","10":"tag-finland","11":"tag-finnish","12":"tag-helsingin-sanomat","13":"tag-suomi","14":"tag-viihde"},"share_on_mastodon":{"url":"https:\/\/pubeurope.com\/@fi\/115870032388926562","error":""},"_links":{"self":[{"href":"https:\/\/www.europesays.com\/fi\/wp-json\/wp\/v2\/posts\/138465","targetHints":{"allow":["GET"]}}],"collection":[{"href":"https:\/\/www.europesays.com\/fi\/wp-json\/wp\/v2\/posts"}],"about":[{"href":"https:\/\/www.europesays.com\/fi\/wp-json\/wp\/v2\/types\/post"}],"author":[{"embeddable":true,"href":"https:\/\/www.europesays.com\/fi\/wp-json\/wp\/v2\/users\/2"}],"replies":[{"embeddable":true,"href":"https:\/\/www.europesays.com\/fi\/wp-json\/wp\/v2\/comments?post=138465"}],"version-history":[{"count":0,"href":"https:\/\/www.europesays.com\/fi\/wp-json\/wp\/v2\/posts\/138465\/revisions"}],"wp:featuredmedia":[{"embeddable":true,"href":"https:\/\/www.europesays.com\/fi\/wp-json\/wp\/v2\/media\/138466"}],"wp:attachment":[{"href":"https:\/\/www.europesays.com\/fi\/wp-json\/wp\/v2\/media?parent=138465"}],"wp:term":[{"taxonomy":"category","embeddable":true,"href":"https:\/\/www.europesays.com\/fi\/wp-json\/wp\/v2\/categories?post=138465"},{"taxonomy":"post_tag","embeddable":true,"href":"https:\/\/www.europesays.com\/fi\/wp-json\/wp\/v2\/tags?post=138465"}],"curies":[{"name":"wp","href":"https:\/\/api.w.org\/{rel}","templated":true}]}}