{"id":138471,"date":"2026-01-10T09:16:08","date_gmt":"2026-01-10T09:16:08","guid":{"rendered":"https:\/\/www.europesays.com\/fi\/138471\/"},"modified":"2026-01-10T09:16:08","modified_gmt":"2026-01-10T09:16:08","slug":"analyysi-ukrainan-raunioissa-muhivat-kryptomarkkinat-mutta-suomalaisyritykset-vaikenevat-aiheesta-talous","status":"publish","type":"post","link":"https:\/\/www.europesays.com\/fi\/138471\/","title":{"rendered":"Analyysi: Ukrainan raunioissa muhivat kryptomarkkinat \u2013 mutta suomalaisyritykset vaikenevat aiheesta | Talous"},"content":{"rendered":"<p class=\"aw-1gybjub aw-5vja16 kEtdKx kmuxyA yle__article__paragraph\">Suomalaisyrityksi\u00e4 tuntuu ohjaavan Ukrainaan sokeus, naiivius ja ahneus, kirjoittaa toimittaja Pasi Peiponen<\/p>\n<p><img decoding=\"async\" alt=\"Henkil\u00f6 k\u00e4velee tuhoutuneen kerrostalon edess\u00e4.\" src=\"https:\/\/www.europesays.com\/fi\/wp-content\/uploads\/2026\/01\/39-104260963897a3b4f407.jpeg\" class=\"aw-1l9m598 hKVVvP\"\/><\/p>\n<p>Avaa kuvien katselu<\/p>\n<p>Ukrainan j\u00e4lleenrakentamisen hinnaksi on arvioitu 500 miljardia euroa seuraavan vuosikymmenen aikana. Kiovan alue vuonna 2022. Kuva: Metin Aktas \/ AOP<img decoding=\"async\" alt=\"Kuvassa on Ylen uutistoimittaja Pasi Peiponen.\" src=\"https:\/\/www.europesays.com\/fi\/wp-content\/uploads\/2026\/01\/39-152665568d00a9ddc77c.jpeg\" class=\"aw-1l9m598 hKVVvP\"\/><\/p>\n<p class=\"aw-1gybjub aw-1p7kakr kEtdKx cEmitX yle__article__paragraph\">\u2013 Ukraina on Suomen merkitt\u00e4vin kehitysyhteisty\u00f6kohde.<\/p>\n<p class=\"aw-1gybjub aw-1p7kakr kEtdKx cEmitX yle__article__paragraph\">N\u00e4in <a class=\"aw-iao6s4 iHOxEa yle__article__link\" href=\"https:\/\/yle.fi\/a\/74-20010573\/64-3-273070\" role=\"link\" rel=\"nofollow noopener\" target=\"_blank\">lausui<\/a> p\u00e4\u00e4ministeri <strong class=\"aw-ak79eh KyCXm yle__article__strong\">Petteri Orpo<\/strong> sanoi Roomassa hein\u00e4kuussa 2025. Koolla olivat Roomassa Ukrainan j\u00e4lleenrakentamisesta kiinnostuneet &#8211; my\u00f6s suomalaiset yritykset.<\/p>\n<p class=\"aw-1gybjub aw-1p7kakr kEtdKx cEmitX yle__article__paragraph\">T\u00e4t\u00e4 ilosanomaa on jaettu ansiokkaasti eteenp\u00e4in.<\/p>\n<p class=\"aw-1gybjub aw-1p7kakr kEtdKx cEmitX yle__article__paragraph\">Elinkeinoel\u00e4m\u00e4n keskusliitto (EK) on ly\u00f6nyt osaltaan rumpua, miten Ukrainan j\u00e4lleenrakentaminen voi vauhdittaa Suomen <a class=\"aw-iao6s4 iHOxEa yle__article__link\" href=\"https:\/\/ek.fi\/hyotytietoa-yrityksille\/pro-ukraina\/\" role=\"link\" rel=\"nofollow noopener\" target=\"_blank\">vienti\u00e4<\/a> 1\u20132 miljardilla eurolla vuosittain.<\/p>\n<p class=\"aw-1gybjub aw-1p7kakr kEtdKx cEmitX yle__article__paragraph\">EK:n <a class=\"aw-iao6s4 iHOxEa yle__article__link\" href=\"https:\/\/ek.fi\/ajankohtaista\/tiedotteet\/yrityskysely-ukrainan-jalleenrakennus-kiinnostaa-jo-puolta-suomen-vientiyrityksista\/\" role=\"link\" rel=\"nofollow noopener\" target=\"_blank\">yrityskyselyn<\/a> mukaan suomalaisista vientiyrityksist\u00e4 puolet pit\u00e4\u00e4 Ukrainaa varteenotettavana markkinana.<\/p>\n<p class=\"aw-1gybjub aw-1p7kakr kEtdKx cEmitX yle__article__paragraph\">Siisp\u00e4 Ukrainaan, te kaikki Suomen ja is\u00e4nmaan asialla olevat kauppamiehet.<\/p>\n<p class=\"aw-1gybjub aw-1p7kakr kEtdKx cEmitX yle__article__paragraph\">Nopeille, onnekkaille ja ahneille, tarjolla on mahdollisuus k\u00e4sitt\u00e4m\u00e4tt\u00f6m\u00e4\u00e4n rikastumiseen.<\/p>\n<p class=\"aw-1gybjub aw-1p7kakr kEtdKx cEmitX yle__article__paragraph\">Ukrainan j\u00e4lleenrakentamisen arvioidaan maksavan <a class=\"aw-iao6s4 iHOxEa yle__article__link\" href=\"https:\/\/www.worldbank.org\/en\/news\/press-release\/2025\/02\/25\/updated-ukraine-recovery-and-reconstruction-needs-assessment-released\" role=\"link\" rel=\"nofollow noopener\" target=\"_blank\">500 miljardia<\/a> euroa.<\/p>\n<p>Dream kutsuu l\u00e4nsimaita<\/p>\n<p class=\"aw-1gybjub aw-1p7kakr kEtdKx cEmitX yle__article__paragraph\">Mill\u00e4 valuutalla Ukrainassa aiotaan pelata? Dollareilla, euroilla ja maan omalla hryvnialla, sanovat viralliset kanavat.<\/p>\n<p class=\"aw-1gybjub aw-1p7kakr kEtdKx cEmitX yle__article__paragraph\">Samaan aikaan Yle kertoi, miten Ukrainasta on tullut keskeinen eurooppalainen <a class=\"aw-iao6s4 iHOxEa yle__article__link\" href=\"https:\/\/yle.fi\/a\/74-20203469\" role=\"link\" rel=\"nofollow noopener\" target=\"_blank\">kryptomarkkinoiden pelikentt\u00e4<\/a> my\u00f6s talousrikollisuuden alustaksi.<\/p>\n<p class=\"aw-1gybjub aw-1p7kakr kEtdKx cEmitX yle__article__paragraph\">Kryptovaluutat kelluvat harmaalla alueella Ukrainassa. Ne eiv\u00e4t ole virallisia maksuv\u00e4lineit\u00e4, mutta niit\u00e4 k\u00e4ytet\u00e4\u00e4n eri tavoin talouden ty\u00f6kaluna.<\/p>\n<p class=\"aw-1gybjub aw-1p7kakr kEtdKx cEmitX yle__article__paragraph\">Kryptoihin n\u00e4ytt\u00e4\u00e4 uskovan my\u00f6s Kiovan hallinto. Se on vastik\u00e4\u00e4n perustanut erityisen j\u00e4lleenrakennusprojektien alustan nimelt\u00e4 <a class=\"aw-iao6s4 iHOxEa yle__article__link\" href=\"https:\/\/dream.gov.ua\/en\" role=\"link\" rel=\"nofollow noopener\" target=\"_blank\">Dream<\/a>.<\/p>\n<p class=\"aw-1gybjub aw-1p7kakr kEtdKx cEmitX yle__article__paragraph\">T\u00e4ll\u00e4 halutaan houkutella l\u00e4nsimaita sijoittamaan j\u00e4lleenrankentamiseen kryptovaluutoissa ja rakentaa samalla luotettavaa alustaa kryptosijoittamiseen.<\/p>\n<p class=\"aw-1gybjub aw-1p7kakr kEtdKx cEmitX yle__article__paragraph\">Yle selvitti Ukrainan hallinnosta, onko Dream-kryptohankkeessa jo suomalaisia mukana. T\u00e4llaista tietoa ei viel\u00e4 ole saatavilla.<\/p>\n<p>Suomalaisyritykset vaikenevat aiheesta<\/p>\n<p class=\"aw-1gybjub aw-1p7kakr kEtdKx cEmitX yle__article__paragraph\">Yle kysyi useilta eri suuruisilta, jo Ukrainassa toimivilta suomalaisyrityksilt\u00e4, mit\u00e4 n\u00e4m\u00e4 tiet\u00e4v\u00e4t Ukrainan kryptomarkkinoista tai n\u00e4kyv\u00e4tk\u00f6 kryptot yritysten arjessa.<\/p>\n<p class=\"aw-1gybjub aw-1p7kakr kEtdKx cEmitX yle__article__paragraph\">Suomalaisyritysten juoksua Ukrainan markkinoille on patistanut EK:n lis\u00e4ksi Business Finland.<\/p>\n<p class=\"aw-1gybjub aw-1p7kakr kEtdKx cEmitX yle__article__paragraph\">Kumpikaan j\u00e4rjest\u00f6 ei kommentoi asiaa Ylelle. Perusteluna, etteiv\u00e4t tunne riitt\u00e4v\u00e4sti aihetta.<\/p>\n<p><img decoding=\"async\" alt=\"Kuvassa on ulkokuva Hesburger-ravintolasta Kiovassa marraskuussa 2025.\" src=\"https:\/\/www.europesays.com\/fi\/wp-content\/uploads\/2026\/01\/39-1579409696120b87e197.jpeg\" loading=\"lazy\" class=\"aw-1l9m598 hKVVvP\"\/><\/p>\n<p>Avaa kuvien katselu<\/p>\n<p>Hesburger on toiminut Kiovassa jo vuodesta 2012 l\u00e4htien. Kuva: Justas Stasevskij<\/p>\n<p class=\"aw-1gybjub aw-1p7kakr kEtdKx cEmitX yle__article__paragraph\">Samoin l\u00e4hes kaikki Ylen tavoittamista yrityksist\u00e4 kielt\u00e4ytyiv\u00e4t kommentoimasta tai j\u00e4tt\u00e4v\u00e4t vastaamatta viesteihin useista viesteist\u00e4 huolimatta.<\/p>\n<p class=\"aw-1gybjub aw-1p7kakr kEtdKx cEmitX yle__article__paragraph\">Muutamassa vastauksessa toistui sama viesti: emme tied\u00e4 tai edes tunne koko asiaa.<\/p>\n<p class=\"aw-1gybjub aw-1p7kakr kEtdKx cEmitX yle__article__paragraph\">Mit\u00e4 yritysten vastauksista voi p\u00e4\u00e4tell\u00e4?<\/p>\n<p class=\"aw-1gybjub aw-1p7kakr kEtdKx cEmitX yle__article__paragraph\">Suomen Pankin vanhempi ekonomisti <strong class=\"aw-ak79eh KyCXm yle__article__strong\">Sinikka Parviainen<\/strong> tekee Ukrainan talouskehityksen ja talouspolitiikan seurantaa ja analyysi\u00e4.<\/p>\n<p class=\"aw-1gybjub aw-1p7kakr kEtdKx cEmitX yle__article__paragraph\">Parviainen uskoo, ett\u00e4 suomalaisyritykset eiv\u00e4t k\u00e4yt\u00e4 kryptoja p\u00e4\u00e4s\u00e4\u00e4nt\u00f6isesti rahansiirtoihin, koska niiden arvo heittelee paljon. Mittavan yritystoiminnan py\u00f6ritt\u00e4miseen kryptot eiv\u00e4t sovi.<\/p>\n<p class=\"aw-1gybjub aw-1p7kakr kEtdKx cEmitX yle__article__paragraph\">Jos yrityksill\u00e4 ei ole syyt\u00e4 salata rahansiirtoja Ukrainaan, on turvallisempaa k\u00e4ytt\u00e4\u00e4 perinteisi\u00e4 keinoja, jotka Ukrainaan toimivat yh\u00e4 paremmin.<\/p>\n<p class=\"aw-1gybjub aw-1p7kakr kEtdKx cEmitX yle__article__paragraph\">\u2013T\u00e4st\u00e4 ei tietenk\u00e4\u00e4n ole mit\u00e4\u00e4n kattavaa tutkimusta, Parviainen vastaa Ylelle.<\/p>\n<p class=\"aw-1gybjub aw-1p7kakr kEtdKx cEmitX yle__article__paragraph\">Kysymyksi\u00e4 j\u00e4\u00e4 piisaamaan.<\/p>\n<p class=\"aw-1gybjub aw-1p7kakr kEtdKx cEmitX yle__article__paragraph\">Jos yritys toimii maassa, jossa olemassa olevat kryptomarkkinat ovat jo merkitt\u00e4v\u00e4t ja valtaavat yh\u00e4 enemm\u00e4n jalansijaa, ja t\u00e4t\u00e4 yrityksess\u00e4 ei silti huomata, mit\u00e4 moisesta sanoa?<\/p>\n<p class=\"aw-1gybjub aw-1p7kakr kEtdKx cEmitX yle__article__paragraph\">Voi perustellusti ihmetell\u00e4 t\u00e4t\u00e4 suomalaisten firmojen \u201dkehitysyhteisty\u00f6t\u00e4\u201d Ukrainassa \u2013 vaivaako is\u00e4nmaan kauppamiehi\u00e4 sokeus, naiivius tai ahneus, vai kaikki yht\u00e4 aikaa.<\/p>\n","protected":false},"excerpt":{"rendered":"Suomalaisyrityksi\u00e4 tuntuu ohjaavan Ukrainaan sokeus, naiivius ja ahneus, kirjoittaa toimittaja Pasi Peiponen Avaa kuvien katselu Ukrainan j\u00e4lleenrakentamisen hinnaksi&hellip;\n","protected":false},"author":2,"featured_media":138472,"comment_status":"","ping_status":"","sticky":false,"template":"","format":"standard","meta":{"footnotes":""},"categories":[12],"tags":[22,23,26,27,33,31,30,17,14312,24,25,28,29,15,18,21,32,78,19,20,1303,56,16],"class_list":{"0":"post-138471","1":"post","2":"type-post","3":"status-publish","4":"format-standard","5":"has-post-thumbnail","7":"category-suomi","8":"tag-breaking-news","9":"tag-breakingnews","10":"tag-featured-news","11":"tag-featurednews","12":"tag-fi","13":"tag-finland","14":"tag-finnish","15":"tag-headlines","16":"tag-kryptovaluutta","17":"tag-latest-news","18":"tag-latestnews","19":"tag-main-news","20":"tag-mainnews","21":"tag-news","22":"tag-otsikot","23":"tag-paauutiset","24":"tag-suomi","25":"tag-talous","26":"tag-top-stories","27":"tag-topstories","28":"tag-ukraina","29":"tag-ulkomaat","30":"tag-uutiset"},"share_on_mastodon":{"url":"https:\/\/pubeurope.com\/@fi\/115870052118363765","error":""},"_links":{"self":[{"href":"https:\/\/www.europesays.com\/fi\/wp-json\/wp\/v2\/posts\/138471","targetHints":{"allow":["GET"]}}],"collection":[{"href":"https:\/\/www.europesays.com\/fi\/wp-json\/wp\/v2\/posts"}],"about":[{"href":"https:\/\/www.europesays.com\/fi\/wp-json\/wp\/v2\/types\/post"}],"author":[{"embeddable":true,"href":"https:\/\/www.europesays.com\/fi\/wp-json\/wp\/v2\/users\/2"}],"replies":[{"embeddable":true,"href":"https:\/\/www.europesays.com\/fi\/wp-json\/wp\/v2\/comments?post=138471"}],"version-history":[{"count":0,"href":"https:\/\/www.europesays.com\/fi\/wp-json\/wp\/v2\/posts\/138471\/revisions"}],"wp:featuredmedia":[{"embeddable":true,"href":"https:\/\/www.europesays.com\/fi\/wp-json\/wp\/v2\/media\/138472"}],"wp:attachment":[{"href":"https:\/\/www.europesays.com\/fi\/wp-json\/wp\/v2\/media?parent=138471"}],"wp:term":[{"taxonomy":"category","embeddable":true,"href":"https:\/\/www.europesays.com\/fi\/wp-json\/wp\/v2\/categories?post=138471"},{"taxonomy":"post_tag","embeddable":true,"href":"https:\/\/www.europesays.com\/fi\/wp-json\/wp\/v2\/tags?post=138471"}],"curies":[{"name":"wp","href":"https:\/\/api.w.org\/{rel}","templated":true}]}}