{"id":138485,"date":"2026-01-10T09:37:08","date_gmt":"2026-01-10T09:37:08","guid":{"rendered":"https:\/\/www.europesays.com\/fi\/138485\/"},"modified":"2026-01-10T09:37:08","modified_gmt":"2026-01-10T09:37:08","slug":"suosikkiohjelmien-katsojat-harjoittivat-vilppia-yle-teki-ratkaisun","status":"publish","type":"post","link":"https:\/\/www.europesays.com\/fi\/138485\/","title":{"rendered":"Suosikkiohjelmien katsojat harjoittivat vilppi\u00e4 \u2013 Yle teki ratkaisun"},"content":{"rendered":"<p>T\u00e4n\u00e4\u00e4n jatkuvan Hengaillaan-ohjelman kotipeli on laitettu uusiksi.<\/p>\n<p><img decoding=\"async\" class=\"image image-show image-preview\" src=\"https:\/\/www.europesays.com\/fi\/wp-content\/uploads\/2026\/01\/2b26b6a672994a44f9e06f9911937a51c7b8e44145ae81d5640b27d166a990e3.jpg\" alt=\"\"\/><img decoding=\"async\" class=\"image image-show\" src=\"https:\/\/www.europesays.com\/fi\/wp-content\/uploads\/2026\/01\/1768037828_378_2b26b6a672994a44f9e06f9911937a51c7b8e44145ae81d5640b27d166a990e3.jpg\" alt=\"\"\/><\/p>\n<p>Hengaillaan-ohjelman uutta kautta luotsaavat Matti R\u00f6nk\u00e4 ja Mervi Kallio. Sari Soininen, Yle<\/p>\n<p class=\"paragraph\">Visailuohjelma Hengaillaan palaa nelj\u00e4nnen tuotantokauden uusin jaksoin. Lauantai-iltojen suoria l\u00e4hetyksi\u00e4 juontaa edelliselt\u00e4 kaudelta tuttu <a href=\"https:\/\/www.iltalehti.fi\/henkilot\/Matti R\u00f6nk\u00e4\" class=\"article-link-person-page\" rel=\"nofollow noopener\" target=\"_blank\">Matti R\u00f6nk\u00e4<\/a> sek\u00e4 h\u00e4nen uusi juontoparinsa, urheilutoimittaja <a href=\"https:\/\/www.iltalehti.fi\/henkilot\/Mervi Kallio\" class=\"article-link-person-page\" rel=\"nofollow noopener\" target=\"_blank\">Mervi Kallio<\/a>.<\/p>\n<p class=\"paragraph\">Juontajanvaihdos ei ole ainoa asia, joka on uudella kaudella toisin. Ylelt\u00e4 kerrotaan Iltalehdelle, ett\u00e4 ohjelman kotipeliin on tehty muutoksia.<\/p>\n<p class=\"paragraph\">Ohjelman vastaava tuottaja <strong>Samu Reijonen<\/strong> kertoo, ett\u00e4 kotipeli\u00e4 on muutettu \u201dperinteisemm\u00e4ksi\u201d ja se on siirretty pois Yle-sovelluksesta.<\/p>\n<p class=\"paragraph\">Iltalehti uutisoi syksyll\u00e4, ett\u00e4 Hengaillaan- ja El\u00e4m\u00e4ni biisi -ohjelmien <a href=\"https:\/\/www.iltalehti.fi\/tv-ja-leffat\/aabd0567-6097-4fd3-9b86-2dfc6b63c535\" rel=\"nofollow noopener\" target=\"_blank\">kotipeleiss\u00e4 oli havaittu vilppi\u00e4<\/a>. Molempia ohjelmia on esitetty Ylell\u00e4 suorina l\u00e4hetyksin\u00e4, ja katsojat ovat voineet osallistua visailuun kotipelin kautta. Molempien ohjelmien kotipelit toimivat aiemmin Ylen sovelluksen v\u00e4lityksell\u00e4.<\/p>\n<p class=\"paragraph\">Reijonen kertoo, ett\u00e4 sovellusalusta on vanhentunut eik\u00e4 sit\u00e4 ole pystytty uusimaan nyt alkavaa tuotantokautta varten.<\/p>\n<p class=\"paragraph\">Uudella Hengaillaan-kaudella uudistuksen ovat kokeneet my\u00f6s junavideot. <a href=\"https:\/\/www.hs.fi\/kulttuuri\/art-2000011619772.html\" target=\"_blank\" rel=\"noopener nofollow\">Helsingin Sanomat<\/a> uutisoi syksyll\u00e4, ett\u00e4 <a href=\"https:\/\/www.iltalehti.fi\/viihdeuutiset\/4ef81f99-d6e5-4166-838b-3bb8e59e0425\" rel=\"nofollow noopener\" target=\"_blank\">V\u00e4yl\u00e4virasto oli ev\u00e4nnyt ohjelman luvan kuvata junarataa veturin tuulilasista<\/a>.<\/p>\n<p class=\"paragraph\">\u2013 Olemme yhdess\u00e4 ruotsalaisen ohjelmaformaatin edustajan kanssa miettineet vaihtoehtoisia toteutustapoja junavideoille. N\u00e4it\u00e4 n\u00e4hd\u00e4\u00e4n kauden aikana. Toki k\u00e4yt\u00e4mme edelleen p\u00e4\u00e4osin junavideoita, joita SVT:n arkistosta l\u00f6ytyy varsin mittavasti ja muutamassa kohteessa sellainen p\u00e4\u00e4stiin itsekin tekem\u00e4\u00e4n. Ei siis mit\u00e4\u00e4n radikaalia uudistusta ole luvassa, Reijonen viestitt\u00e4\u00e4 Iltalehdelle.<\/p>\n<p class=\"paragraph\">Hengaillaan perustuu ruotsalaiseen P\u00e5 sp\u00e5ret -formaattiin.<\/p>\n<p class=\"paragraph\">T\u00e4n\u00e4\u00e4n matkailuaiheisiin tietokilpailukysymyksiin ovat vastaamassa meteorologi <strong>Anniina Valtonen<\/strong> ja toimittaja <strong>Annastiina Heikkil\u00e4<\/strong> sek\u00e4 n\u00e4yttelij\u00e4 <strong>Mikko Nousiainen<\/strong> ja kirjailija <strong>Juha Itkonen<\/strong>.<\/p>\n<p class=\"paragraph\">Hengaillaan t\u00e4n\u00e4\u00e4n TV1:ll\u00e4 kello 21.00 &amp; Areenassa. <a href=\"https:\/\/www.iltalehti.fi\/telkku\/\" rel=\"nofollow noopener\" target=\"_blank\">Katso kaikki\u00a0TV-ohjelmat ja l\u00e4hetysajat Telkun TV-oppaasta<\/a>.<\/p>\n","protected":false},"excerpt":{"rendered":"T\u00e4n\u00e4\u00e4n jatkuvan Hengaillaan-ohjelman kotipeli on laitettu uusiksi. Hengaillaan-ohjelman uutta kautta luotsaavat Matti R\u00f6nk\u00e4 ja Mervi Kallio. Sari Soininen,&hellip;\n","protected":false},"author":2,"featured_media":138486,"comment_status":"","ping_status":"","sticky":false,"template":"","format":"standard","meta":{"footnotes":""},"categories":[130],"tags":[35,137,33,31,30,2887,121,734,953,950,32,109],"class_list":{"0":"post-138485","1":"post","2":"type-post","3":"status-publish","4":"format-standard","5":"has-post-thumbnail","7":"category-viihde","8":"tag-24h","9":"tag-entertainment","10":"tag-fi","11":"tag-finland","12":"tag-finnish","13":"tag-julkinen-liikenne","14":"tag-liikenne-ja-kuljetus","15":"tag-maaliikenne","16":"tag-matkustajaliikenne","17":"tag-raskas-liikenne","18":"tag-suomi","19":"tag-viihde"},"share_on_mastodon":{"url":"https:\/\/pubeurope.com\/@fi\/115870134638674664","error":""},"_links":{"self":[{"href":"https:\/\/www.europesays.com\/fi\/wp-json\/wp\/v2\/posts\/138485","targetHints":{"allow":["GET"]}}],"collection":[{"href":"https:\/\/www.europesays.com\/fi\/wp-json\/wp\/v2\/posts"}],"about":[{"href":"https:\/\/www.europesays.com\/fi\/wp-json\/wp\/v2\/types\/post"}],"author":[{"embeddable":true,"href":"https:\/\/www.europesays.com\/fi\/wp-json\/wp\/v2\/users\/2"}],"replies":[{"embeddable":true,"href":"https:\/\/www.europesays.com\/fi\/wp-json\/wp\/v2\/comments?post=138485"}],"version-history":[{"count":0,"href":"https:\/\/www.europesays.com\/fi\/wp-json\/wp\/v2\/posts\/138485\/revisions"}],"wp:featuredmedia":[{"embeddable":true,"href":"https:\/\/www.europesays.com\/fi\/wp-json\/wp\/v2\/media\/138486"}],"wp:attachment":[{"href":"https:\/\/www.europesays.com\/fi\/wp-json\/wp\/v2\/media?parent=138485"}],"wp:term":[{"taxonomy":"category","embeddable":true,"href":"https:\/\/www.europesays.com\/fi\/wp-json\/wp\/v2\/categories?post=138485"},{"taxonomy":"post_tag","embeddable":true,"href":"https:\/\/www.europesays.com\/fi\/wp-json\/wp\/v2\/tags?post=138485"}],"curies":[{"name":"wp","href":"https:\/\/api.w.org\/{rel}","templated":true}]}}