{"id":138497,"date":"2026-01-10T09:56:10","date_gmt":"2026-01-10T09:56:10","guid":{"rendered":"https:\/\/www.europesays.com\/fi\/138497\/"},"modified":"2026-01-10T09:56:10","modified_gmt":"2026-01-10T09:56:10","slug":"saku-heinonen-ja-anneli-holmstrom-avaavat-taidevuoden-2026-maalasin-nayttelya-varten-hurjalla-innolla-paikalliset","status":"publish","type":"post","link":"https:\/\/www.europesays.com\/fi\/138497\/","title":{"rendered":"Saku Heinonen ja Anneli Holmstr\u00f6m avaavat taidevuoden 2026 \u2013 &#8221;Maalasin n\u00e4yttely\u00e4 varten hurjalla innolla&#8221; | Paikalliset"},"content":{"rendered":"<p>Saku Heinonen ohjasi Savonlinnan teatterissa, nyt h\u00e4n on taidemaalari. Anneli Holmstr\u00f6m muutti Skotlannista is\u00e4ns\u00e4 kotimaahan. Villa Suruton esittelee kahden tekij\u00e4n maailmat.<\/p>\n<p>Villa Suruttoman vuosi 2026 alkaa komeasti. Torstaina avautui kaksi vahvaa n\u00e4yttely\u00e4. Alakerran kahdessa huoneessa on esill\u00e4 Turussa vaikuttavan <strong>Anneli Holmstr\u00f6min <\/strong>maalauksia ja piirroksia, yl\u00e4kerrassa Pieks\u00e4m\u00e4ell\u00e4 asuvan <strong>Saku Heinosen <\/strong>vesiv\u00e4ri- ja \u00f6ljymaalauksia ja grafiikkaa.<\/p>\n","protected":false},"excerpt":{"rendered":"Saku Heinonen ohjasi Savonlinnan teatterissa, nyt h\u00e4n on taidemaalari. Anneli Holmstr\u00f6m muutti Skotlannista is\u00e4ns\u00e4 kotimaahan. Villa Suruton esittelee&hellip;\n","protected":false},"author":2,"featured_media":138498,"comment_status":"","ping_status":"","sticky":false,"template":"","format":"standard","meta":{"footnotes":""},"categories":[135],"tags":[389,387,388,390,137,33,31,30,21315,108,1446,1756,1000,2374,32,394,485,393,391,392,109],"class_list":{"0":"post-138497","1":"post","2":"type-post","3":"status-publish","4":"format-standard","5":"has-post-thumbnail","7":"category-taiteet-ja-suunnittelu","8":"tag-arts","9":"tag-arts-and-design","10":"tag-artsanddesign","11":"tag-design","12":"tag-entertainment","13":"tag-fi","14":"tag-finland","15":"tag-finnish","16":"tag-hyvan-mielen-ita-savo","17":"tag-kulttuuri","18":"tag-lappeenranta","19":"tag-pieksamaki","20":"tag-savonlinna","21":"tag-savonlinnan-seutukunta","22":"tag-suomi","23":"tag-suunnittelu","24":"tag-taide-yleista","25":"tag-taiteet","26":"tag-taiteet-ja-suunnittelu","27":"tag-taiteetsuunnittelu","28":"tag-viihde"},"share_on_mastodon":{"url":"https:\/\/pubeurope.com\/@fi\/115870209350647819","error":""},"_links":{"self":[{"href":"https:\/\/www.europesays.com\/fi\/wp-json\/wp\/v2\/posts\/138497","targetHints":{"allow":["GET"]}}],"collection":[{"href":"https:\/\/www.europesays.com\/fi\/wp-json\/wp\/v2\/posts"}],"about":[{"href":"https:\/\/www.europesays.com\/fi\/wp-json\/wp\/v2\/types\/post"}],"author":[{"embeddable":true,"href":"https:\/\/www.europesays.com\/fi\/wp-json\/wp\/v2\/users\/2"}],"replies":[{"embeddable":true,"href":"https:\/\/www.europesays.com\/fi\/wp-json\/wp\/v2\/comments?post=138497"}],"version-history":[{"count":0,"href":"https:\/\/www.europesays.com\/fi\/wp-json\/wp\/v2\/posts\/138497\/revisions"}],"wp:featuredmedia":[{"embeddable":true,"href":"https:\/\/www.europesays.com\/fi\/wp-json\/wp\/v2\/media\/138498"}],"wp:attachment":[{"href":"https:\/\/www.europesays.com\/fi\/wp-json\/wp\/v2\/media?parent=138497"}],"wp:term":[{"taxonomy":"category","embeddable":true,"href":"https:\/\/www.europesays.com\/fi\/wp-json\/wp\/v2\/categories?post=138497"},{"taxonomy":"post_tag","embeddable":true,"href":"https:\/\/www.europesays.com\/fi\/wp-json\/wp\/v2\/tags?post=138497"}],"curies":[{"name":"wp","href":"https:\/\/api.w.org\/{rel}","templated":true}]}}