{"id":138507,"date":"2026-01-10T10:06:10","date_gmt":"2026-01-10T10:06:10","guid":{"rendered":"https:\/\/www.europesays.com\/fi\/138507\/"},"modified":"2026-01-10T10:06:10","modified_gmt":"2026-01-10T10:06:10","slug":"suomella-ei-ole-pulaa-rahasta-vaan-isannyydesta","status":"publish","type":"post","link":"https:\/\/www.europesays.com\/fi\/138507\/","title":{"rendered":"Suomella ei ole pulaa rahasta, vaan is\u00e4nnyydest\u00e4"},"content":{"rendered":"<p>\u201dKun Marttinen sanoo, ettei \u201dhopealuotia\u201d ole, h\u00e4n sivuuttaa pohjoismaisen ankkurisijoittamisen mallin\u201d, kirjoittaja toteaa.<\/p>\n<p class=\"article-body mb-nof-24 px-nof-16\">Ty\u00f6ministeri Matias Marttinen (kok.) totesi Satakunnan Kansan (SK 8.1.), ettei hallituksella ole mahdollisuuksia elvytystoimiin, koska EU-varoja ei ole k\u00e4yt\u00f6ss\u00e4 samoin kuin Etel\u00e4-Euroopassa. T\u00e4m\u00e4 on vaarallinen ja virheellinen analyysi maassa, jonka kansallinen varallisuus on suurempi kuin koskaan.<\/p>\n<p class=\"article-body mb-nof-24 px-nof-16\">Suomea vaivaa krooninen finanssoituminen ja is\u00e4nnyyden pako. Samaan aikaan kun olemme nousseet EU:n ty\u00f6tt\u00f6myystilastojen k\u00e4rkeen (10,6 %), kotitalouksien tileill\u00e4 makaa 115 miljardia euroa ja el\u00e4kerahastoissa on 275 miljardia euroa. Ongelma ei ole p\u00e4\u00e4oman puute, vaan se, ett\u00e4 hallinto on s\u00e4\u00e4nnellyt ja ohjannut t\u00e4m\u00e4n rahan karkuun kotimaasta.<\/p>\n<p class=\"article-body mb-nof-24 px-nof-16\">Kun Marttinen sanoo, ettei \u201dhopealuotia\u201d ole, h\u00e4n sivuuttaa pohjoismaisen ankkurisijoittamisen mallin. Ruotsi, Tanska ja Norja eiv\u00e4t odota passiivisesti maailmankaupan piristymist\u00e4. Ne k\u00e4ytt\u00e4v\u00e4t omia kansallisia rahastojaan ja p\u00e4\u00e4omiaan ankkurisijoittajina, jotka luovat vakaan pohjan kotimaiselle teollisuudelle ja hajautetulle energiantuotannolle.<\/p>\n<p class=\"article-body mb-nof-24 px-nof-16\">Meill\u00e4 hallitus poimii \u201drusinat pullasta\u201d naapurimaiden malleista kyykytt\u00e4m\u00e4ll\u00e4 ty\u00f6voimaa, mutta unohtaa sen t\u00e4rkeimm\u00e4n: is\u00e4nnyyden. Jotta investoinnit kotiutuvat, tarvitaan ty\u00f6rauhaa ja aitoa yhteiskuntavastuuta (ISO 26000), ei vastakkainasettelua.<\/p>\n<p class=\"article-body mb-nof-24 px-nof-16\">On turha syytt\u00e4\u00e4 ilmastotoimia tai EU-rahoituksen puutetta, jos oma 400 miljardin euron p\u00e4\u00e4omapotentiaali j\u00e4tet\u00e4\u00e4n hy\u00f6dynt\u00e4m\u00e4tt\u00e4. Ty\u00f6tt\u00f6myys ei taitu selittelyll\u00e4, vaan tukkimalla kansantalouden per\u00e4lauta ja palauttamalla is\u00e4nn\u00e4n ote omaan rahaan.<\/p>\n<p class=\"article-body mb-nof-24 px-nof-16\">Jyrki Saari<\/p>\n<p class=\"article-body mb-nof-24 px-nof-16\">Pori<\/p>\n<blockquote class=\"p-[var(--citation-padding)] m-[var(--citation-margin)] border-y-[length:var(--citation-border-width)] border-y-[color:var(--citation-border-color)]\">\n<p>Hallitus poimii \u201drusinat pullasta\u201d naapurimaiden malleista kyykytt\u00e4m\u00e4ll\u00e4 ty\u00f6voimaa.<\/p>\n<\/blockquote>\n","protected":false},"excerpt":{"rendered":"\u201dKun Marttinen sanoo, ettei \u201dhopealuotia\u201d ole, h\u00e4n sivuuttaa pohjoismaisen ankkurisijoittamisen mallin\u201d, kirjoittaja toteaa. Ty\u00f6ministeri Matias Marttinen (kok.) totesi&hellip;\n","protected":false},"author":2,"featured_media":138508,"comment_status":"","ping_status":"","sticky":false,"template":"","format":"standard","meta":{"footnotes":""},"categories":[76],"tags":[79,77,33,31,30,80,32,78],"class_list":{"0":"post-138507","1":"post","2":"type-post","3":"status-publish","4":"format-standard","5":"has-post-thumbnail","7":"category-talous","8":"tag-business","9":"tag-economy","10":"tag-fi","11":"tag-finland","12":"tag-finnish","13":"tag-satakunnan-kansa","14":"tag-suomi","15":"tag-talous"},"share_on_mastodon":{"url":"https:\/\/pubeurope.com\/@fi\/115870248697736592","error":""},"_links":{"self":[{"href":"https:\/\/www.europesays.com\/fi\/wp-json\/wp\/v2\/posts\/138507","targetHints":{"allow":["GET"]}}],"collection":[{"href":"https:\/\/www.europesays.com\/fi\/wp-json\/wp\/v2\/posts"}],"about":[{"href":"https:\/\/www.europesays.com\/fi\/wp-json\/wp\/v2\/types\/post"}],"author":[{"embeddable":true,"href":"https:\/\/www.europesays.com\/fi\/wp-json\/wp\/v2\/users\/2"}],"replies":[{"embeddable":true,"href":"https:\/\/www.europesays.com\/fi\/wp-json\/wp\/v2\/comments?post=138507"}],"version-history":[{"count":0,"href":"https:\/\/www.europesays.com\/fi\/wp-json\/wp\/v2\/posts\/138507\/revisions"}],"wp:featuredmedia":[{"embeddable":true,"href":"https:\/\/www.europesays.com\/fi\/wp-json\/wp\/v2\/media\/138508"}],"wp:attachment":[{"href":"https:\/\/www.europesays.com\/fi\/wp-json\/wp\/v2\/media?parent=138507"}],"wp:term":[{"taxonomy":"category","embeddable":true,"href":"https:\/\/www.europesays.com\/fi\/wp-json\/wp\/v2\/categories?post=138507"},{"taxonomy":"post_tag","embeddable":true,"href":"https:\/\/www.europesays.com\/fi\/wp-json\/wp\/v2\/tags?post=138507"}],"curies":[{"name":"wp","href":"https:\/\/api.w.org\/{rel}","templated":true}]}}