{"id":138511,"date":"2026-01-10T10:08:07","date_gmt":"2026-01-10T10:08:07","guid":{"rendered":"https:\/\/www.europesays.com\/fi\/138511\/"},"modified":"2026-01-10T10:08:07","modified_gmt":"2026-01-10T10:08:07","slug":"vene-tormasi-teraspalkkiin-kruunuvuorensillan-tyomaalla-yksi-kuoli-kolmelle-siltaprojektin-vastuuhenkilolle-syytteet-uutisia-lyhyesti","status":"publish","type":"post","link":"https:\/\/www.europesays.com\/fi\/138511\/","title":{"rendered":"Vene t\u00f6rm\u00e4si ter\u00e4spalkkiin Kruunuvuorensillan ty\u00f6maalla, yksi kuoli \u2013 kolmelle siltaprojektin vastuuhenkil\u00f6lle syytteet | Uutisia lyhyesti"},"content":{"rendered":"<p class=\"aw-1gybjub aw-5vja16 kEtdKx kmuxyA yle__article__paragraph\">Vastuuhenkil\u00f6it\u00e4 syytet\u00e4\u00e4n kuolemantuottamuksesta ja vammantuottamuksesta. Syytt\u00e4j\u00e4n mukaan kolmikko on kiist\u00e4nyt syyllistyneens\u00e4 rikoksiin.<\/p>\n<p><img decoding=\"async\" alt=\"Veneturman tapahtumapaikka.\" src=\"https:\/\/www.europesays.com\/fi\/wp-content\/uploads\/2026\/01\/39-133396766bf07105098b.jpeg\" class=\"aw-1l9m598 hKVVvP\"\/><\/p>\n<p>Avaa kuvien katselu<\/p>\n<p>Vene oli t\u00f6rm\u00e4nnyt Kruunuvuoren siltaty\u00f6maan ty\u00f6maasillan alusrakenteisiin. Kuva: Poliisi<\/p>\n<p class=\"aw-1gybjub aw-1p7kakr kEtdKx cEmitX yle__article__paragraph\">Syytt\u00e4j\u00e4 on nostanut syytteet turmasta, jossa vene t\u00f6rm\u00e4si Helsingiss\u00e4 Kruunuvuorensillan ty\u00f6maarakenteisin. Yksi mies kuoli turmassa ja toinen loukkaantui vakavasti.<\/p>\n<p class=\"aw-1gybjub aw-1p7kakr kEtdKx cEmitX yle__article__paragraph\">Kolmea siltaprojektin vastuuhenkil\u00f6\u00e4 syytet\u00e4\u00e4n kuolemantuottamuksesta ja vammantuottamuksesta. Syytt\u00e4j\u00e4n mukaan he ovat kiist\u00e4neet syyllistyneens\u00e4 rikoksiin.<\/p>\n<p class=\"aw-1gybjub aw-1p7kakr kEtdKx cEmitX yle__article__paragraph\">Turma sattui toukokuisena iltana vuonna 2023. Kaksi noin 30-vuotiasta miest\u00e4 oli matkalla veneell\u00e4 Herttoniemenrannasta Tokoinrantaan. Kun he alittivat Kruunuvuorensillan ty\u00f6maasillan, vene t\u00f6rm\u00e4si ty\u00f6maasillan alla kulkeneeseen ter\u00e4spalkkiin. Venett\u00e4 ohjannut mies kuoli ja toinen mies, joka omisti veneen, sai vakavia vammoja.<\/p>\n<p class=\"aw-1gybjub aw-1p7kakr kEtdKx cEmitX yle__article__paragraph\">Tapahtuma-aikaan iltayhdentoista j\u00e4lkeen oli h\u00e4m\u00e4r\u00e4\u00e4 eik\u00e4 ty\u00f6maasillan alapuolta ollut valaistu. Vene alitti sillan kohdasta, joka ei ollut merkityll\u00e4 venev\u00e4yl\u00e4ll\u00e4. Syytt\u00e4j\u00e4n mukaan ter\u00e4spalkista ei ollut erikseen varoitettu ja se oli huonosti havaittavissa.<\/p>\n<p class=\"aw-1gybjub aw-1p7kakr kEtdKx cEmitX yle__article__paragraph\">Turma paljastui seuraavana p\u00e4iv\u00e4n\u00e4, kun poliisi sai ilmoituksen Kruunuvuorensel\u00e4ll\u00e4 ajelehtineesta moottoriveneest\u00e4. Kyydiss\u00e4 oli kuollut mies. Kun poliisi ryhtyi selvitt\u00e4m\u00e4\u00e4n asiaa, selvisi, ett\u00e4 l\u00e4heiselt\u00e4 luodolta oli pelastettu toinen, pahoin loukkaantunut mies aikaisin aamulla.<\/p>\n<p>Loukkaantuneelle miehelle ei syytteit\u00e4<\/p>\n<p class=\"aw-1gybjub aw-1p7kakr kEtdKx cEmitX yle__article__paragraph\">Poliisi ep\u00e4ili my\u00f6s loukkaantunutta miest\u00e4 rikoksista sill\u00e4 perusteella, ett\u00e4 h\u00e4n oli poliisin mukaan ollut tilanteessa vesikulkuneuvon p\u00e4\u00e4llikk\u00f6. Syytt\u00e4j\u00e4 teki asiassa syytt\u00e4m\u00e4tt\u00e4j\u00e4tt\u00e4misp\u00e4\u00e4t\u00f6ksen.<\/p>\n<p class=\"aw-1gybjub aw-1p7kakr kEtdKx cEmitX yle__article__paragraph\">Syytt\u00e4j\u00e4n mukaan oli kiistatonta, ett\u00e4 turmahetkell\u00e4 venett\u00e4 ohjasi ja siit\u00e4 oli vastuussa surmansa saanut mies. Syytt\u00e4j\u00e4n mukaan n\u00e4ytt\u00f6\u00e4 siit\u00e4, ett\u00e4 veneen omistaja olisi toiminut huolimattomasti, ei saatu.<\/p>\n<p class=\"aw-1gybjub aw-1p7kakr kEtdKx cEmitX yle__article__paragraph\">Vastuuhenkil\u00f6iden syytteiden k\u00e4sittely alkaa Helsingin k\u00e4r\u00e4j\u00e4oikeudessa maaliskuun lopulla.<\/p>\n<p class=\"aw-1gybjub aw-1p7kakr kEtdKx cEmitX yle__article__paragraph\">Kruunuvuorensiltaa rakennetaan Helsingin Kruunuvuorensel\u00e4n ylitse Korkeasaaren ja Laajasaloon kuuluvan Kruunuvuorenrannan v\u00e4liin. Sen on m\u00e4\u00e4r\u00e4 aueta jalankulkijoille ja py\u00f6r\u00e4ilij\u00f6ille my\u00f6hemmin t\u00e4n\u00e4 vuonna ja raitioliikenteelle vuonna 2027.<\/p>\n","protected":false},"excerpt":{"rendered":"Vastuuhenkil\u00f6it\u00e4 syytet\u00e4\u00e4n kuolemantuottamuksesta ja vammantuottamuksesta. Syytt\u00e4j\u00e4n mukaan kolmikko on kiist\u00e4nyt syyllistyneens\u00e4 rikoksiin. Avaa kuvien katselu Vene oli t\u00f6rm\u00e4nnyt&hellip;\n","protected":false},"author":2,"featured_media":138512,"comment_status":"","ping_status":"","sticky":false,"template":"","format":"standard","meta":{"footnotes":""},"categories":[12],"tags":[22,23,26,27,33,31,30,17,104,2455,71,683,24,25,28,29,15,18,21,1263,32,19,20,1168,16,13048],"class_list":{"0":"post-138511","1":"post","2":"type-post","3":"status-publish","4":"format-standard","5":"has-post-thumbnail","7":"category-suomi","8":"tag-breaking-news","9":"tag-breakingnews","10":"tag-featured-news","11":"tag-featurednews","12":"tag-fi","13":"tag-finland","14":"tag-finnish","15":"tag-headlines","16":"tag-helsinki","17":"tag-hengenvaara-ja-loukkaantuminen","18":"tag-kotimaa","19":"tag-kuolema","20":"tag-latest-news","21":"tag-latestnews","22":"tag-main-news","23":"tag-mainnews","24":"tag-news","25":"tag-otsikot","26":"tag-paauutiset","27":"tag-rikosepailyt","28":"tag-suomi","29":"tag-top-stories","30":"tag-topstories","31":"tag-uusimaa","32":"tag-uutiset","33":"tag-veneet"},"share_on_mastodon":{"url":"https:\/\/pubeurope.com\/@fi\/115870256932657459","error":""},"_links":{"self":[{"href":"https:\/\/www.europesays.com\/fi\/wp-json\/wp\/v2\/posts\/138511","targetHints":{"allow":["GET"]}}],"collection":[{"href":"https:\/\/www.europesays.com\/fi\/wp-json\/wp\/v2\/posts"}],"about":[{"href":"https:\/\/www.europesays.com\/fi\/wp-json\/wp\/v2\/types\/post"}],"author":[{"embeddable":true,"href":"https:\/\/www.europesays.com\/fi\/wp-json\/wp\/v2\/users\/2"}],"replies":[{"embeddable":true,"href":"https:\/\/www.europesays.com\/fi\/wp-json\/wp\/v2\/comments?post=138511"}],"version-history":[{"count":0,"href":"https:\/\/www.europesays.com\/fi\/wp-json\/wp\/v2\/posts\/138511\/revisions"}],"wp:featuredmedia":[{"embeddable":true,"href":"https:\/\/www.europesays.com\/fi\/wp-json\/wp\/v2\/media\/138512"}],"wp:attachment":[{"href":"https:\/\/www.europesays.com\/fi\/wp-json\/wp\/v2\/media?parent=138511"}],"wp:term":[{"taxonomy":"category","embeddable":true,"href":"https:\/\/www.europesays.com\/fi\/wp-json\/wp\/v2\/categories?post=138511"},{"taxonomy":"post_tag","embeddable":true,"href":"https:\/\/www.europesays.com\/fi\/wp-json\/wp\/v2\/tags?post=138511"}],"curies":[{"name":"wp","href":"https:\/\/api.w.org\/{rel}","templated":true}]}}