{"id":138534,"date":"2026-01-10T10:47:08","date_gmt":"2026-01-10T10:47:08","guid":{"rendered":"https:\/\/www.europesays.com\/fi\/138534\/"},"modified":"2026-01-10T10:47:08","modified_gmt":"2026-01-10T10:47:08","slug":"en-halua-olla-aiti-anni-vuohijoki-avautuu-pysayttavasta-ajatuksesta","status":"publish","type":"post","link":"https:\/\/www.europesays.com\/fi\/138534\/","title":{"rendered":"&#8221;En halua olla \u00e4iti&#8221; \u2013 Anni Vuohijoki avautuu pys\u00e4ytt\u00e4v\u00e4st\u00e4 ajatuksesta"},"content":{"rendered":"<p>Anni Vuohijoki kertoo Instagram-tilill\u00e4\u00e4n, millaisia traumoja ja huolia \u00e4itiys on nostanut pintaan.<\/p>\n<p><img decoding=\"async\" class=\"image image-show image-preview\" src=\"https:\/\/www.europesays.com\/fi\/wp-content\/uploads\/2026\/01\/8e16b01088e738e03eea15c68fd9a10b8ffcab6d3d5ae176176e364340252b04.jpg\" alt=\"\"\/><img decoding=\"async\" class=\"image image-show\" src=\"https:\/\/www.europesays.com\/fi\/wp-content\/uploads\/2026\/01\/1768042028_210_8e16b01088e738e03eea15c68fd9a10b8ffcab6d3d5ae176176e364340252b04.jpg\" alt=\"\"\/><\/p>\n<p>Anni Vuohijoki tuli \u00e4idiksi kes\u00e4kuussa 2024. Mikko Huisko<\/p>\n<p class=\"paragraph\">Ex-painonnostaja ja l\u00e4\u00e4k\u00e4ri <a href=\"https:\/\/www.iltalehti.fi\/henkilot\/Anni Vuohijoki\" class=\"article-link-person-page\" rel=\"nofollow noopener\" target=\"_blank\">Anni Vuohijoki<\/a>, 37, on 1,5-vuotiaan pojan Laurin \u00e4iti. Poika on saanut nimens\u00e4 Vuohijoen veljen mukaan. H\u00e4n menehtyi 23-vuotiaana vuosituhannen alussa pahoinpitelyn j\u00e4lkeen.<\/p>\n<p class=\"paragraph\">Vuohijoki kertoo nyt tuoreessa Instagram-julkaisussaan, ett\u00e4 lapsen syntym\u00e4 on nostanut pintaan traumoja menetyksest\u00e4. Vuohijoen mukaan suurin trauma veljen kuolemaan liittyen oli n\u00e4hd\u00e4, kuinka h\u00e4nen vanhempansa surivat.<\/p>\n<p class=\"paragraph\">\u2013 Se suru ja tuska on asia, joka salpaa hengitykseni edelleen, Vuohijoki kirjoittaa.<\/p>\n<p class=\"paragraph\">Vuohijoki kertoo p\u00e4ivityksess\u00e4, ett\u00e4 h\u00e4nen poikansa kaatui hiljattain ja l\u00f6i p\u00e4\u00e4ns\u00e4. Vuohijoki tiesi, ett\u00e4 kaatumisesta seuraisi mustelma ja poika tarvitsisi seurantaa. Sitten isommat pelot ja traumat alkoivat hiipi\u00e4 h\u00e4nen mieleens\u00e4 y\u00f6n tullen.<\/p>\n<p class=\"paragraph\">\u2013 Mutta pojan nukahtaessa video siit\u00e4 tuskasta alkoi py\u00f6ri\u00e4 mieless\u00e4ni. En halua olla \u00e4iti. Se ajatus hiipi mieleen. Ei siksi etten rakastaisi poikaani vaan siksi, etten halua joutua kohtaamaan sit\u00e4 tuskaa mit\u00e4 oman lapsensa menett\u00e4minen tai sen pelko minussa aiheutti. Valvoin y\u00f6n katsoen Laurin unta. Valvoin ett\u00e4 h\u00e4n hengitt\u00e4\u00e4. Her\u00e4ttelin Lauria y\u00f6ll\u00e4 katsoakseni, ett\u00e4 kaikki on kunnossa, Vuohijoki sanoo ja toteaa, ett\u00e4 vanhemmuus on ollut pelottava, mutta opettavainen matka.<\/p>\n<p class=\"paragraph\">Katso p\u00e4ivitys alapuolelta. Jos p\u00e4ivitys ei n\u00e4y, voit katsoa sen <a href=\"https:\/\/www.instagram.com\/p\/DTPftjCigQ5\/\" rel=\"noopener nofollow\" target=\"_blank\">t\u00e4st\u00e4 linkist\u00e4<\/a>.<\/p>\n<p class=\"paragraph\">Vuohijoen koskettava kirjoitus sai paljon kommentteja h\u00e4nen seuraajiltaan.<\/p>\n<p class=\"paragraph\">\u2013 Huh. Halaus Anni, <a href=\"https:\/\/www.iltalehti.fi\/henkilot\/Rita Niemi-Manninen\" class=\"article-link-person-page\" rel=\"nofollow noopener\" target=\"_blank\">Rita Niemi-Manninen<\/a> kirjoitti.<\/p>\n<p class=\"paragraph\">\u2013 Ompa hyvin sanottu. T\u00e4t\u00e4 tuskaa min\u00e4 \u00e4itin\u00e4 olen kokenut paljon. Pit\u00e4\u00e4 vaan jotenkin yritt\u00e4\u00e4 olla pelk\u00e4\u00e4m\u00e4tt\u00e4. Joskus se onnistuu joskus ei. Sin\u00e4 olet hyv\u00e4 \u00e4iti<\/p>\n<p class=\"paragraph\">\u2013 Sep\u00e4 se, n\u00e4in \u00e4itin\u00e4 se pelko on pahin, mutta ei hallitseva.<\/p>\n<p class=\"paragraph\">\u2013 Kiitos t\u00e4st\u00e4 kirjoituksesta. Se kolahti kovasti my\u00f6s minun syd\u00e4meeni.<\/p>\n<p><script async src=\"\/\/www.instagram.com\/embed.js\"><\/script><\/p>\n","protected":false},"excerpt":{"rendered":"Anni Vuohijoki kertoo Instagram-tilill\u00e4\u00e4n, millaisia traumoja ja huolia \u00e4itiys on nostanut pintaan. Anni Vuohijoki tuli \u00e4idiksi kes\u00e4kuussa 2024.&hellip;\n","protected":false},"author":2,"featured_media":138535,"comment_status":"","ping_status":"","sticky":false,"template":"","format":"standard","meta":{"footnotes":""},"categories":[136],"tags":[35,407,137,33,31,30,101,408,99,100,98,32,102,109],"class_list":{"0":"post-138534","1":"post","2":"type-post","3":"status-publish","4":"format-standard","5":"has-post-thumbnail","7":"category-julkkikset","8":"tag-24h","9":"tag-celebrities","10":"tag-entertainment","11":"tag-fi","12":"tag-finland","13":"tag-finnish","14":"tag-ihmissuhteet","15":"tag-julkkikset","16":"tag-lapset","17":"tag-lapset-ja-nuoret","18":"tag-perhe","19":"tag-suomi","20":"tag-vanhemmat","21":"tag-viihde"},"share_on_mastodon":{"url":"https:\/\/pubeurope.com\/@fi\/115870409914416501","error":""},"_links":{"self":[{"href":"https:\/\/www.europesays.com\/fi\/wp-json\/wp\/v2\/posts\/138534","targetHints":{"allow":["GET"]}}],"collection":[{"href":"https:\/\/www.europesays.com\/fi\/wp-json\/wp\/v2\/posts"}],"about":[{"href":"https:\/\/www.europesays.com\/fi\/wp-json\/wp\/v2\/types\/post"}],"author":[{"embeddable":true,"href":"https:\/\/www.europesays.com\/fi\/wp-json\/wp\/v2\/users\/2"}],"replies":[{"embeddable":true,"href":"https:\/\/www.europesays.com\/fi\/wp-json\/wp\/v2\/comments?post=138534"}],"version-history":[{"count":0,"href":"https:\/\/www.europesays.com\/fi\/wp-json\/wp\/v2\/posts\/138534\/revisions"}],"wp:featuredmedia":[{"embeddable":true,"href":"https:\/\/www.europesays.com\/fi\/wp-json\/wp\/v2\/media\/138535"}],"wp:attachment":[{"href":"https:\/\/www.europesays.com\/fi\/wp-json\/wp\/v2\/media?parent=138534"}],"wp:term":[{"taxonomy":"category","embeddable":true,"href":"https:\/\/www.europesays.com\/fi\/wp-json\/wp\/v2\/categories?post=138534"},{"taxonomy":"post_tag","embeddable":true,"href":"https:\/\/www.europesays.com\/fi\/wp-json\/wp\/v2\/tags?post=138534"}],"curies":[{"name":"wp","href":"https:\/\/api.w.org\/{rel}","templated":true}]}}