{"id":138548,"date":"2026-01-10T10:58:07","date_gmt":"2026-01-10T10:58:07","guid":{"rendered":"https:\/\/www.europesays.com\/fi\/138548\/"},"modified":"2026-01-10T10:58:07","modified_gmt":"2026-01-10T10:58:07","slug":"lofbergs-kahvin-hinta-nousi-akisti-hs-fi","status":"publish","type":"post","link":"https:\/\/www.europesays.com\/fi\/138548\/","title":{"rendered":"L\u00f6fbergs-kahvin hinta nousi \u00e4kisti | HS.fi"},"content":{"rendered":"<p>Kahvi|S-ryhm\u00e4 ei halua avata tarkempia syit\u00e4, miksi L\u00f6fbergs-kahvin hinta nousi \u00e4kisti.<\/p>\n<p>Lue tiivistelm\u00e4<\/p>\n<p class=\"article-body mb-nof-24 px-nof-16 sndp-summary-bullet-point-font\">S-ryhm\u00e4n kaupoissa L\u00f6fbergs-kahvin hinta nousi kuukaudessa l\u00e4hes 70 prosenttia 4,95 eurosta yli 8 euroon.<\/p>\n<p class=\"article-body mb-nof-24 px-nof-16 sndp-summary-bullet-point-font\">S-ryhm\u00e4n marketkaupan myyntip\u00e4\u00e4llikk\u00f6 Mikko Kovalainen ei halua avata tarkempia syit\u00e4 hinnannousulle vedoten sopimusasioihin tavarantoimittajan kanssa.<\/p>\n<p class=\"article-body mb-nof-24 px-nof-16 sndp-summary-bullet-point-font\">Luonnonvarakeskuksen tutkimusp\u00e4\u00e4llikk\u00f6 Hanna Karikallio arvioi Helsingin Sanomille, ett\u00e4 nopea hinnanmuutos johtui strategisesta hinnoittelusta eik\u00e4 raaka-aineiden hintamuutoksista.<\/p>\n<p class=\"article-body mb-nof-24 px-nof-16\">Vuoden alussa L\u00f6fbergsin kahvin yst\u00e4vi\u00e4 odotti yll\u00e4tys: S-ryhm\u00e4n kaupat olivat korottaneet sumppipaketin hinnan yli kahdeksaan euroon.<\/p>\n<p class=\"article-body mb-nof-24 px-nof-16\">HS kertoi <a class=\"underline underline-offset-[0.12em] [text-decoration-thickness:var(--generic-link-underline-thickness)] [text-decoration-color:var(--generic-link-underline-color)] [text-decoration-skip-ink:var(--generic-link-underline-skip-ink)] break-words\" href=\"https:\/\/www.hs.fi\/suomi\/art-2000011737219.html\" rel=\"nofollow noopener\" target=\"_blank\">torstaina<\/a>, ett\u00e4 L\u00f6fbergsin kahvipaketin hinta nousi Prismassa l\u00e4hes 70 prosenttia 4,95 eurosta yli kahdeksaan euroon.<\/p>\n<p class=\"article-body mb-nof-24 px-nof-16\">Lidliss\u00e4 hinta nousi l\u00e4hes saman verran. Viel\u00e4 joulukuussa Lidlist\u00e4 sai paketin hintaan 4,95 euroa, nyt hinta on 8,31 euroa. My\u00f6s K-kaupoissa kahvia myytiin 3,99 euron hintaan ennen joulua, nyt hinta on p\u00e4\u00e4s\u00e4\u00e4nt\u00f6isesti yli kahdeksan euroa.<\/p>\n<p class=\"article-body mb-nof-24 px-nof-16\">Hinnanvaihteluissa ei sin\u00e4ns\u00e4 ole mit\u00e4\u00e4n kummallista, mutta t\u00e4ss\u00e4 tapauksessa vain K-ryhm\u00e4 kertoi selv\u00e4sti, ett\u00e4 kyseess\u00e4 oli rajoitetun ajan voimassa oleva kampanjahinta. S-ryhm\u00e4 antoi ymm\u00e4rt\u00e4\u00e4, ett\u00e4 kyseess\u00e4 on pysyv\u00e4 hinnanalennus.<\/p>\n<p class=\"article-body mb-nof-24 px-nof-16\">Monet kuluttajat kokivat, ett\u00e4 heit\u00e4 oli niin kutsutusti viilattu linssiin.<\/p>\n<p class=\"article-body mb-nof-24 px-nof-16\">S-ryhm\u00e4n marketkaupan myyntip\u00e4\u00e4llikk\u00f6 <a class=\"font-bold underline-offset-[0.12em] [text-decoration:var(--person-link-text-decoration)] ![text-decoration-color:var(--person-link-text-decoration-color)]\" href=\"https:\/\/www.hs.fi\/haku\/?query=Mikko%20Kovalainen\" rel=\"nofollow noopener\" target=\"_blank\">Mikko Kovalainen<\/a> perusteli kuluttajahintojen nousua <a class=\"underline underline-offset-[0.12em] [text-decoration-thickness:var(--generic-link-underline-thickness)] [text-decoration-color:var(--generic-link-underline-color)] [text-decoration-skip-ink:var(--generic-link-underline-skip-ink)] break-words\" href=\"https:\/\/www.is.fi\/taloussanomat\/art-2000011733449.html\" rel=\"nofollow noopener\" target=\"_blank\">Taloussanomille<\/a> torstaina, ja kertoi, ett\u00e4 hintoja nostettiin muun muassa muuttuneen kahvin hankintahinnan ja markkinatilanteen vuoksi.<\/p>\n<p class=\"article-body mb-nof-24 px-nof-16\">Helsingin Sanomien haastattelema Luonnonvara\u00adkeskuksen tutkimus\u00adp\u00e4\u00e4llikk\u00f6 <a class=\"font-bold underline-offset-[0.12em] [text-decoration:var(--person-link-text-decoration)] ![text-decoration-color:var(--person-link-text-decoration-color)]\" href=\"https:\/\/www.hs.fi\/haku\/?query=Hanna%20Karikallio\" rel=\"nofollow noopener\" target=\"_blank\">Hanna Karikallio<\/a> sanoi <a class=\"underline underline-offset-[0.12em] [text-decoration-thickness:var(--generic-link-underline-thickness)] [text-decoration-color:var(--generic-link-underline-color)] [text-decoration-skip-ink:var(--generic-link-underline-skip-ink)] break-words\" href=\"https:\/\/www.hs.fi\/suomi\/art-2000011737219.html\" rel=\"nofollow noopener\" target=\"_blank\">HS:lle<\/a>, ett\u00e4 Kovalaisen perustelut ontuvat: \u201dsyksyn aikana ei ole ollut mit\u00e4\u00e4n sellaisia isoja muutoksia, ett\u00e4 sen pit\u00e4isi n\u00e4ky\u00e4 voimakkaasti kuluttajahinnassa\u201d.<\/p>\n<p class=\"article-body mb-nof-24 px-nof-16\">Karikallio arveli, ett\u00e4 kahvipaketin hinnan nopea nousu johtui oikeasti strategisesta hinnoittelusta. Onko n\u00e4in, S-ryhm\u00e4n Mikko Kovalainen?<\/p>\n<p class=\"article-body mb-nof-24 px-nof-16\">\u201dKahvin hintahan kiinnostaa Suomessa poikkeuksellisen paljon ja meill\u00e4 Suomessa kahvia kampanjoidaan paljon. Ymm\u00e4rr\u00e4mme ihmisten pettymyksen t\u00e4h\u00e4n hinnan nousuun.\u201d<\/p>\n<p class=\"article-body mb-nof-24 px-nof-16\">Sanoit aiemmin, ett\u00e4 hinnannousu johtui muun muassa markkinatilanteesta ja raakakahvin hinnasta. Niiss\u00e4 ei kuitenkaan ole tapahtunut suuria muutoksia?<\/p>\n<p class=\"article-body mb-nof-24 px-nof-16\">\u201dPuhuin silloin yleisell\u00e4 tasolla asioista, jotka vaikuttavat kahvin hintaan. T\u00e4ss\u00e4 L\u00f6fbergsin tapauksessa emme valitettavasti voi kommentoida yksitt\u00e4isten tuotteiden hintakehityst\u00e4, koska niihin liittyy sopimusasioita tavarantoimittajan kanssa.\u201d<\/p>\n<p class=\"article-body mb-nof-24 px-nof-16\">Tiesittek\u00f6 jo viime vuoden puolella, ett\u00e4 tammikuussa hinta tulee nousemaan?<\/p>\n<p class=\"article-body mb-nof-24 px-nof-16\">\u201dMeid\u00e4n tahtotila oli se, ett\u00e4 hinta pysyisi samalla tasolla my\u00f6s vuodenvaihteen j\u00e4lkeen, mutta syist\u00e4, joita valitettavasti en t\u00e4ss\u00e4 kohtaa voi kommentoida, hintaa ei pystytty pit\u00e4m\u00e4\u00e4n vastaavalla tasolla.\u201d<\/p>\n<p class=\"article-body mb-nof-24 px-nof-16\">Voisiko niit\u00e4 syit\u00e4 avata v\u00e4h\u00e4n tarkemmin, miksi hinnan pit\u00e4minen alemmalla tasolla ei onnistunut?<\/p>\n<p class=\"article-body mb-nof-24 px-nof-16\">\u201dMe emme valitettavasti tosiaan voi kommentoida yksitt\u00e4isten tuotteiden hinnoittelua tarkemmin t\u00e4ss\u00e4 kohtaa.\u201d<\/p>\n<p class=\"article-body mb-nof-24 px-nof-16\">Lidlin viestinn\u00e4st\u00e4 kommentoidaan hinnannousua s\u00e4hk\u00f6postitse n\u00e4in:<\/p>\n<p class=\"article-body mb-nof-24 px-nof-16\">\u201dEmme ole kampanjoineet L\u00f6fbergsin kahveilla tai ole kertoneet, ett\u00e4 juuri n\u00e4iden kahvien hintaa olisi pysyv\u00e4sti laskettu.\u201d<\/p>\n<p class=\"article-body mb-nof-24 px-nof-16\">L\u00f6fbergs Suomen toimitusjohtaja <a class=\"font-bold underline-offset-[0.12em] [text-decoration:var(--person-link-text-decoration)] ![text-decoration-color:var(--person-link-text-decoration-color)]\" href=\"https:\/\/www.hs.fi\/haku\/?query=Rami%20Kuusisto\" rel=\"nofollow noopener\" target=\"_blank\">Rami Kuusisto<\/a> sanoo, ett\u00e4 ei voi ottaa kantaa asiakkaiden, kuten S-ryhm\u00e4n, tekemiin hinnoittelup\u00e4\u00e4t\u00f6ksiin.<\/p>\n<p class=\"article-body mb-nof-24 px-nof-16\">\u201dKuluttajahinnoista ja niist\u00e4 viestimisest\u00e4 vastaavat meid\u00e4n asiakkaat eli t\u00e4ss\u00e4 kohtaa suuret keskusliikkeet.\u201d<\/p>\n<p class=\"article-body mb-nof-24 px-nof-16\">Kuusisto ei my\u00f6sk\u00e4\u00e4n halua kommentoida sit\u00e4, mill\u00e4 hinnoilla he ovat myyneet tuotetta keskusliikkeille, sill\u00e4 se menee \u201dsopimus- ja liikesalaisuuden piiriin\u201d.<\/p>\n<p class=\"article-body mb-nof-24 px-nof-16\">\u201dYleisesti voin kommentoida, ett\u00e4 markkinoilla kahvi on sis\u00e4\u00e4nvetotuote ja sit\u00e4 k\u00e4ytet\u00e4\u00e4n erilaisissa rooleissa.\u201d<\/p>\n","protected":false},"excerpt":{"rendered":"Kahvi|S-ryhm\u00e4 ei halua avata tarkempia syit\u00e4, miksi L\u00f6fbergs-kahvin hinta nousi \u00e4kisti. Lue tiivistelm\u00e4 S-ryhm\u00e4n kaupoissa L\u00f6fbergs-kahvin hinta nousi&hellip;\n","protected":false},"author":2,"featured_media":138549,"comment_status":"","ping_status":"","sticky":false,"template":"","format":"standard","meta":{"footnotes":""},"categories":[76],"tags":[79,77,33,31,30,46,32,78],"class_list":{"0":"post-138548","1":"post","2":"type-post","3":"status-publish","4":"format-standard","5":"has-post-thumbnail","7":"category-talous","8":"tag-business","9":"tag-economy","10":"tag-fi","11":"tag-finland","12":"tag-finnish","13":"tag-helsingin-sanomat","14":"tag-suomi","15":"tag-talous"},"share_on_mastodon":{"url":"https:\/\/pubeurope.com\/@fi\/115870453179579741","error":""},"_links":{"self":[{"href":"https:\/\/www.europesays.com\/fi\/wp-json\/wp\/v2\/posts\/138548","targetHints":{"allow":["GET"]}}],"collection":[{"href":"https:\/\/www.europesays.com\/fi\/wp-json\/wp\/v2\/posts"}],"about":[{"href":"https:\/\/www.europesays.com\/fi\/wp-json\/wp\/v2\/types\/post"}],"author":[{"embeddable":true,"href":"https:\/\/www.europesays.com\/fi\/wp-json\/wp\/v2\/users\/2"}],"replies":[{"embeddable":true,"href":"https:\/\/www.europesays.com\/fi\/wp-json\/wp\/v2\/comments?post=138548"}],"version-history":[{"count":0,"href":"https:\/\/www.europesays.com\/fi\/wp-json\/wp\/v2\/posts\/138548\/revisions"}],"wp:featuredmedia":[{"embeddable":true,"href":"https:\/\/www.europesays.com\/fi\/wp-json\/wp\/v2\/media\/138549"}],"wp:attachment":[{"href":"https:\/\/www.europesays.com\/fi\/wp-json\/wp\/v2\/media?parent=138548"}],"wp:term":[{"taxonomy":"category","embeddable":true,"href":"https:\/\/www.europesays.com\/fi\/wp-json\/wp\/v2\/categories?post=138548"},{"taxonomy":"post_tag","embeddable":true,"href":"https:\/\/www.europesays.com\/fi\/wp-json\/wp\/v2\/tags?post=138548"}],"curies":[{"name":"wp","href":"https:\/\/api.w.org\/{rel}","templated":true}]}}