{"id":138550,"date":"2026-01-10T10:59:07","date_gmt":"2026-01-10T10:59:07","guid":{"rendered":"https:\/\/www.europesays.com\/fi\/138550\/"},"modified":"2026-01-10T10:59:07","modified_gmt":"2026-01-10T10:59:07","slug":"time-lehden-laakarilahde-yli-200-kuollutta-iranin-protesteissa-uutisia-lyhyesti","status":"publish","type":"post","link":"https:\/\/www.europesays.com\/fi\/138550\/","title":{"rendered":"Time-lehden l\u00e4\u00e4k\u00e4ril\u00e4hde: Yli 200 kuollutta Iranin protesteissa | Uutisia lyhyesti"},"content":{"rendered":"<p><img decoding=\"async\" alt=\"Kuvakaappaus videosta, jossa henkil\u00f6 heitt\u00e4\u00e4 jotakin v\u00e4kijoukossa Iranissa.\" src=\"https:\/\/www.europesays.com\/fi\/wp-content\/uploads\/2026\/01\/39-15789226960ba9e50dd0.jpeg\" class=\"aw-1l9m598 hKVVvP\"\/><\/p>\n<p>Avaa kuvien katselu<\/p>\n<p>Mielenosoittajia Teheranissa 31.12.2025. Kuva: Kuvakaappaus some-videosta \/ AFP<\/p>\n<p>10:45\u2022P\u00e4ivitetty 11:58<\/p>\n<p class=\"aw-1gybjub aw-1p7kakr kEtdKx cEmitX yle__article__paragraph\"><a class=\"aw-iao6s4 iHOxEa yle__article__link\" href=\"https:\/\/time.com\/7345092\/iran-protests-death-toll-regime-crackdown\/\" role=\"link\" rel=\"nofollow noopener\" target=\"_blank\">Time-lehti kertoo<\/a> haastattelemaansa l\u00e4\u00e4k\u00e4riin vedoten, ett\u00e4 Iranin pari viikkoa kest\u00e4neiss\u00e4 mielenosoituksissa on kuollut yli kaksisataa ihmist\u00e4.<\/p>\n<p class=\"aw-1gybjub aw-1p7kakr kEtdKx cEmitX yle__article__paragraph\">L\u00e4\u00e4k\u00e4ri ty\u00f6skentelee Teheranissa. H\u00e4nen mukaansa kuudessa sairaalassa on raportoitu yhteens\u00e4 217 kuolemantapausta. Useimmissa uhreissa oli ampumahaavoja, kertoo nimett\u00f6m\u00e4n\u00e4 pysyttelev\u00e4 l\u00e4\u00e4kint\u00e4alan ammattilainen.<\/p>\n<p class=\"aw-1gybjub aw-1p7kakr kEtdKx cEmitX yle__article__paragraph\">Tietoja kuolonuhreista ei ole voitu vahvistaa. Norjassa toimiva Iran Rights Watch-j\u00e4rjest\u00f6 arvioi, ett\u00e4 kuolleita on noin viisikymment\u00e4.<\/p>\n<p class=\"aw-1gybjub aw-1p7kakr kEtdKx cEmitX yle__article__paragraph\"><a class=\"aw-iao6s4 iHOxEa yle__article__link\" href=\"https:\/\/www.bbc.com\/news\/articles\/cj9rengvnp9o\" role=\"link\" rel=\"nofollow noopener\" target=\"_blank\">Britannian yleisradioyhti\u00f6 BBC<\/a> kertoo, ett\u00e4 Teheranin ja muiden kaupunkien sairaalat ovat nopeasti t\u00e4yttym\u00e4ss\u00e4, kun p\u00e4ivystykseen hakeutuu loukkaantuneita mielenosoittajia. BBC:n haastatteleman l\u00e4\u00e4k\u00e4rin mukaan ainakin yhdess\u00e4 sairaalassa on vajausta kirurgeista.<\/p>\n<p class=\"aw-1gybjub aw-1p7kakr kEtdKx cEmitX yle__article__paragraph\">Iranissa vaikutusvaltainen vallankumouskaarti on varoittanut levottomuuksien lietsomisesta. Se on ilmoittanut takaavansa ja turvaavansa islamilaisen tasavallan tavoitteet ja olemassaolon. Valtiontelevision mukaan \u200cmaan turvallisuus on \u201dpunainen viiva\u201d.<\/p>\n<p class=\"aw-1gybjub aw-1p7kakr kEtdKx cEmitX yle__article__paragraph\">Reuters<\/p>\n","protected":false},"excerpt":{"rendered":"Avaa kuvien katselu Mielenosoittajia Teheranissa 31.12.2025. Kuva: Kuvakaappaus some-videosta \/ AFP 10:45\u2022P\u00e4ivitetty 11:58 Time-lehti kertoo haastattelemaansa l\u00e4\u00e4k\u00e4riin vedoten,&hellip;\n","protected":false},"author":2,"featured_media":138551,"comment_status":"","ping_status":"","sticky":false,"template":"","format":"standard","meta":{"footnotes":""},"categories":[14],"tags":[22,23,26,27,33,31,30,17,3648,70,24,25,28,29,15,18,21,32,5818,19,20,56,16,59,60,61],"class_list":{"0":"post-138550","1":"post","2":"type-post","3":"status-publish","4":"format-standard","5":"has-post-thumbnail","7":"category-ulkomaat","8":"tag-breaking-news","9":"tag-breakingnews","10":"tag-featured-news","11":"tag-featurednews","12":"tag-fi","13":"tag-finland","14":"tag-finnish","15":"tag-headlines","16":"tag-iran","17":"tag-kansainvalinen-politiikka","18":"tag-latest-news","19":"tag-latestnews","20":"tag-main-news","21":"tag-mainnews","22":"tag-news","23":"tag-otsikot","24":"tag-paauutiset","25":"tag-suomi","26":"tag-teheran","27":"tag-top-stories","28":"tag-topstories","29":"tag-ulkomaat","30":"tag-uutiset","31":"tag-world","32":"tag-world-news","33":"tag-worldnews"},"share_on_mastodon":{"url":"https:\/\/pubeurope.com\/@fi\/115870457130156962","error":""},"_links":{"self":[{"href":"https:\/\/www.europesays.com\/fi\/wp-json\/wp\/v2\/posts\/138550","targetHints":{"allow":["GET"]}}],"collection":[{"href":"https:\/\/www.europesays.com\/fi\/wp-json\/wp\/v2\/posts"}],"about":[{"href":"https:\/\/www.europesays.com\/fi\/wp-json\/wp\/v2\/types\/post"}],"author":[{"embeddable":true,"href":"https:\/\/www.europesays.com\/fi\/wp-json\/wp\/v2\/users\/2"}],"replies":[{"embeddable":true,"href":"https:\/\/www.europesays.com\/fi\/wp-json\/wp\/v2\/comments?post=138550"}],"version-history":[{"count":0,"href":"https:\/\/www.europesays.com\/fi\/wp-json\/wp\/v2\/posts\/138550\/revisions"}],"wp:featuredmedia":[{"embeddable":true,"href":"https:\/\/www.europesays.com\/fi\/wp-json\/wp\/v2\/media\/138551"}],"wp:attachment":[{"href":"https:\/\/www.europesays.com\/fi\/wp-json\/wp\/v2\/media?parent=138550"}],"wp:term":[{"taxonomy":"category","embeddable":true,"href":"https:\/\/www.europesays.com\/fi\/wp-json\/wp\/v2\/categories?post=138550"},{"taxonomy":"post_tag","embeddable":true,"href":"https:\/\/www.europesays.com\/fi\/wp-json\/wp\/v2\/tags?post=138550"}],"curies":[{"name":"wp","href":"https:\/\/api.w.org\/{rel}","templated":true}]}}