{"id":138574,"date":"2026-01-10T11:39:07","date_gmt":"2026-01-10T11:39:07","guid":{"rendered":"https:\/\/www.europesays.com\/fi\/138574\/"},"modified":"2026-01-10T11:39:07","modified_gmt":"2026-01-10T11:39:07","slug":"jari-saarion-tilanteesta-todella-ikava-tieto-aikaa-kuluu-arviolta-noin-13-tuntia","status":"publish","type":"post","link":"https:\/\/www.europesays.com\/fi\/138574\/","title":{"rendered":"Jari Saarion tilanteesta todella ik\u00e4v\u00e4 tieto \u2013 \u201dAikaa kuluu arviolta noin 13 tuntia\u201d"},"content":{"rendered":"<p>Meripelastusjohtaja kertoo Jari Saarion h\u00e4d\u00e4st\u00e4.<\/p>\n<p>Jari Saario on merih\u00e4d\u00e4ss\u00e4.Video: IS <\/p>\n<p class=\"article-body mb-nof-24 px-nof-16\">Yksinsoutaja <a class=\"font-bold underline-offset-[0.12em] [text-decoration:var(--person-link-text-decoration)] ![text-decoration-color:var(--person-link-text-decoration-color)]\" href=\"https:\/\/www.is.fi\/haku\/?query=Jari%20Saario\" rel=\"nofollow noopener\" target=\"_blank\">Jari Saario<\/a>, 53, on merih\u00e4d\u00e4ss\u00e4 syrj\u00e4isell\u00e4 merialueella, jossa et\u00e4isyydet ovat pitki\u00e4 ja olosuhteet vaativia.<\/p>\n<p class=\"article-body mb-nof-24 px-nof-16\">Suomalaisen meripelastusjohtajan mukaan kauppa-alus on menossa auttamaan h\u00e4nt\u00e4, mutta aluksella on matkaa Saarion sijaintiin ajassa mitattuna yh\u00e4 useita tunteja.<\/p>\n<p class=\"article-body mb-nof-24 px-nof-16\">Alueellisten meripelastusviranomaisten on kerrottu koordinoivan tilannetta yhdess\u00e4 kansainv\u00e4listen toimijoiden kanssa. Saarion sijainti on viranomaisten tiedossa, ja pelastustoimet ovat siis meneill\u00e4\u00e4n.<\/p>\n<p class=\"article-body mb-nof-24 px-nof-16\">L\u00e4nsi-Suomen merivartioston, Turun meripelastuskeskus MRCC:n mukaan vastuu Saarion pelastustoimista on Etel\u00e4-Afrikan meripelastuskeskuksella.<\/p>\n<p class=\"article-body mb-nof-24 px-nof-16\">Suomessa meripelastuskeskus MRCC Turku saa suomalaisalusten h\u00e4t\u00e4tilanteita tiedoksi eri merialueilta ja seuraa tilanteita.<\/p>\n<p class=\"article-body mb-nof-24 px-nof-16\">\u2013 L\u00e4hin kauppa-alus on menossa sinne auttamaan, mutta aikaa kuluu arviolta noin 13 tuntia. Joka tapauksessa aikaa menee tuntitolkulla. Se ei ole mik\u00e4\u00e4n nopea toimenpide, kertoi meripelastusjohtaja <a class=\"font-bold underline-offset-[0.12em] [text-decoration:var(--person-link-text-decoration)] ![text-decoration-color:var(--person-link-text-decoration-color)]\" href=\"https:\/\/www.is.fi\/haku\/?query=Antti%20Jutila\" rel=\"nofollow noopener\" target=\"_blank\">Antti Jutila<\/a> noin kello 12.40 Suomen aikaa.<\/p>\n<p class=\"article-body mb-nof-24 px-nof-16\">Jutilan tiedossa ei toistaiseksi ollut, ett\u00e4 pelastustoimiin olisi menossa lentokonetta tai muuta pelastusalusta kuin mainittu kauppa-alus.<\/p>\n<p class=\"article-body mb-nof-24 px-nof-16\">\u2013 Ei ole tarkasti tiedossa, mit\u00e4 kalustoa heill\u00e4 on nyt pelastustoimiin k\u00e4ytett\u00e4viss\u00e4, h\u00e4n totesi.<\/p>\n<p class=\"article-body mb-nof-24 px-nof-16\">Saariosta julkaistun tiedotteen mukaan Saario joutui merih\u00e4t\u00e4\u00e4n yksinsoutumatkallaan Kap Hornista kohti Kapkaupunkia.<\/p>\n<p class=\"article-body mb-nof-24 px-nof-16\">Saarion veneen kerrottiin vaurioituneen rajussa aallokossa ja merenk\u00e4ynniss\u00e4. H\u00e4n joutui h\u00e4lytt\u00e4m\u00e4\u00e4n apua.<\/p>\n","protected":false},"excerpt":{"rendered":"Meripelastusjohtaja kertoo Jari Saarion h\u00e4d\u00e4st\u00e4. Jari Saario on merih\u00e4d\u00e4ss\u00e4.Video: IS Yksinsoutaja Jari Saario, 53, on merih\u00e4d\u00e4ss\u00e4 syrj\u00e4isell\u00e4 merialueella,&hellip;\n","protected":false},"author":2,"featured_media":138575,"comment_status":"","ping_status":"","sticky":false,"template":"","format":"standard","meta":{"footnotes":""},"categories":[136],"tags":[407,137,33,31,30,34,408,32,109],"class_list":{"0":"post-138574","1":"post","2":"type-post","3":"status-publish","4":"format-standard","5":"has-post-thumbnail","7":"category-julkkikset","8":"tag-celebrities","9":"tag-entertainment","10":"tag-fi","11":"tag-finland","12":"tag-finnish","13":"tag-ilta-sanomat","14":"tag-julkkikset","15":"tag-suomi","16":"tag-viihde"},"share_on_mastodon":{"url":"https:\/\/pubeurope.com\/@fi\/115870614287273927","error":""},"_links":{"self":[{"href":"https:\/\/www.europesays.com\/fi\/wp-json\/wp\/v2\/posts\/138574","targetHints":{"allow":["GET"]}}],"collection":[{"href":"https:\/\/www.europesays.com\/fi\/wp-json\/wp\/v2\/posts"}],"about":[{"href":"https:\/\/www.europesays.com\/fi\/wp-json\/wp\/v2\/types\/post"}],"author":[{"embeddable":true,"href":"https:\/\/www.europesays.com\/fi\/wp-json\/wp\/v2\/users\/2"}],"replies":[{"embeddable":true,"href":"https:\/\/www.europesays.com\/fi\/wp-json\/wp\/v2\/comments?post=138574"}],"version-history":[{"count":0,"href":"https:\/\/www.europesays.com\/fi\/wp-json\/wp\/v2\/posts\/138574\/revisions"}],"wp:featuredmedia":[{"embeddable":true,"href":"https:\/\/www.europesays.com\/fi\/wp-json\/wp\/v2\/media\/138575"}],"wp:attachment":[{"href":"https:\/\/www.europesays.com\/fi\/wp-json\/wp\/v2\/media?parent=138574"}],"wp:term":[{"taxonomy":"category","embeddable":true,"href":"https:\/\/www.europesays.com\/fi\/wp-json\/wp\/v2\/categories?post=138574"},{"taxonomy":"post_tag","embeddable":true,"href":"https:\/\/www.europesays.com\/fi\/wp-json\/wp\/v2\/tags?post=138574"}],"curies":[{"name":"wp","href":"https:\/\/api.w.org\/{rel}","templated":true}]}}