{"id":138578,"date":"2026-01-10T11:44:07","date_gmt":"2026-01-10T11:44:07","guid":{"rendered":"https:\/\/www.europesays.com\/fi\/138578\/"},"modified":"2026-01-10T11:44:07","modified_gmt":"2026-01-10T11:44:07","slug":"netflixista-poistuu-marvel-tahden-sotaelokuva-eliittierikoisjoukot-lahtevat-afganistaniin","status":"publish","type":"post","link":"https:\/\/www.europesays.com\/fi\/138578\/","title":{"rendered":"Netflixist\u00e4 poistuu Marvel-t\u00e4hden sotaelokuva \u2013 eliittierikoisjoukot l\u00e4htev\u00e4t Afganistaniin"},"content":{"rendered":"<p>12 Strong (2018) poistuu Netflixist\u00e4 23. tammikuuta.<\/p>\n<p><strong>Nicolai Fuglsigin<\/strong> ohjaama sotaelokuva perustuu <strong>Doug Stantonin<\/strong> tosipohjaiseen Horse Soldiers -kirjaan. 12 Strong sijoittuu syyskuun 11. p\u00e4iv\u00e4n iskujen j\u00e4lkimaininkeihin, kun USA:n armeijan erikoisjoukkojen eliittiyksikk\u00f6 l\u00e4htee Afganistaniin ensimm\u00e4isin\u00e4 amerikkalaissotilaina. Sotilaiden on taivuteltava paikallinen kenraali taistelemaan Talibania ja al-Qaidaa vastaan. Amerikkalaiset joutuvat totuttelemaan afganistanilaisten ratsumiesten tapoihin.<\/p>\n<p>P\u00e4\u00e4osassa n\u00e4hd\u00e4\u00e4n Marvel-t\u00e4hti <strong>Chris Hemsworth<\/strong>. Muissa rooleissa n\u00e4hd\u00e4\u00e4n <strong>Michael Shannon<\/strong>, <strong>Michael Pe\u00f1a<\/strong>, <strong>Elsa Pataky<\/strong>, <strong>Trevante Rhodes<\/strong>, <strong>Navid Negahban<\/strong>, <strong>Taylor Sheridan<\/strong> ja <strong>Rob Riggle<\/strong>.<\/p>\n<p>12 Strongin <a href=\"https:\/\/www.rottentomatoes.com\/m\/12_strong\" rel=\"noreferrer noopener nofollow\" target=\"_blank\">Rotten Tomatoes -prosentti<\/a> on 50.<\/p>\n<p>Katso traileri alta.<\/p>\n<p><img loading=\"lazy\" decoding=\"async\" alt=\"YouTube video\" width=\"480\" height=\"360\" data-pin-nopin=\"true\" nopin=\"nopin\" class=\"perfmatters-lazy\" src=\"https:\/\/www.europesays.com\/fi\/wp-content\/uploads\/2026\/01\/1768045447_391_hqdefault.jpg\"\/><\/p>\n<p>Lue my\u00f6s: <a href=\"https:\/\/www.episodi.fi\/uutiskirje\/?uutiskirjemainos=tekstilinkkimainos\" title=\"Tilaa Episodin uutiskirje ja voit voittaa leffalippuja! Nappaa tv-vinkit suoraan s\u00e4hk\u00f6postiin t\u00e4st\u00e4.\" class=\"underline-custom !font-montserrat !font-bold !underline-offset-4 !decoration-4 !decoration-episodi-blue !text-md\" rel=\"nofollow noopener\" target=\"_blank\">Tilaa Episodin uutiskirje ja voit voittaa leffalippuja! Nappaa katseluvinkit suoraan s\u00e4hk\u00f6postiin t\u00e4st\u00e4.<\/a><\/p>\n","protected":false},"excerpt":{"rendered":"12 Strong (2018) poistuu Netflixist\u00e4 23. tammikuuta. Nicolai Fuglsigin ohjaama sotaelokuva perustuu Doug Stantonin tosipohjaiseen Horse Soldiers -kirjaan.&hellip;\n","protected":false},"author":2,"featured_media":138579,"comment_status":"","ping_status":"","sticky":false,"template":"","format":"standard","meta":{"footnotes":""},"categories":[131],"tags":[155,137,33,173,31,30,172,32,109],"class_list":{"0":"post-138578","1":"post","2":"type-post","3":"status-publish","4":"format-standard","5":"has-post-thumbnail","7":"category-elokuvat","8":"tag-elokuvat","9":"tag-entertainment","10":"tag-fi","11":"tag-film","12":"tag-finland","13":"tag-finnish","14":"tag-movies","15":"tag-suomi","16":"tag-viihde"},"share_on_mastodon":{"url":"https:\/\/pubeurope.com\/@fi\/115870633974484716","error":""},"_links":{"self":[{"href":"https:\/\/www.europesays.com\/fi\/wp-json\/wp\/v2\/posts\/138578","targetHints":{"allow":["GET"]}}],"collection":[{"href":"https:\/\/www.europesays.com\/fi\/wp-json\/wp\/v2\/posts"}],"about":[{"href":"https:\/\/www.europesays.com\/fi\/wp-json\/wp\/v2\/types\/post"}],"author":[{"embeddable":true,"href":"https:\/\/www.europesays.com\/fi\/wp-json\/wp\/v2\/users\/2"}],"replies":[{"embeddable":true,"href":"https:\/\/www.europesays.com\/fi\/wp-json\/wp\/v2\/comments?post=138578"}],"version-history":[{"count":0,"href":"https:\/\/www.europesays.com\/fi\/wp-json\/wp\/v2\/posts\/138578\/revisions"}],"wp:featuredmedia":[{"embeddable":true,"href":"https:\/\/www.europesays.com\/fi\/wp-json\/wp\/v2\/media\/138579"}],"wp:attachment":[{"href":"https:\/\/www.europesays.com\/fi\/wp-json\/wp\/v2\/media?parent=138578"}],"wp:term":[{"taxonomy":"category","embeddable":true,"href":"https:\/\/www.europesays.com\/fi\/wp-json\/wp\/v2\/categories?post=138578"},{"taxonomy":"post_tag","embeddable":true,"href":"https:\/\/www.europesays.com\/fi\/wp-json\/wp\/v2\/tags?post=138578"}],"curies":[{"name":"wp","href":"https:\/\/api.w.org\/{rel}","templated":true}]}}