{"id":138594,"date":"2026-01-10T12:04:07","date_gmt":"2026-01-10T12:04:07","guid":{"rendered":"https:\/\/www.europesays.com\/fi\/138594\/"},"modified":"2026-01-10T12:04:07","modified_gmt":"2026-01-10T12:04:07","slug":"ilmeneeko-keuruulla-pikakassojen-kaytossa-vilppia-kysyimme-kaupoilta-miten-asiakkaat-ovat-omaksuneet-niiden-kayton","status":"publish","type":"post","link":"https:\/\/www.europesays.com\/fi\/138594\/","title":{"rendered":"Ilmeneek\u00f6 Keuruulla pikakassojen k\u00e4yt\u00f6ss\u00e4 vilppi\u00e4? Kysyimme kaupoilta, miten asiakkaat ovat omaksuneet niiden k\u00e4yt\u00f6n"},"content":{"rendered":"<p class=\"article-ingress--medium\">Keuruulla asiakkaat osaavat k\u00e4ytt\u00e4\u00e4 itsepalvelukassoja p\u00e4\u00e4s\u00e4\u00e4nt\u00f6isesti oikein, mutta joukkoon mahtuu my\u00f6s poikkeuksia.<\/p>\n<p><img decoding=\"async\" src=\"https:\/\/www.europesays.com\/fi\/wp-content\/uploads\/2026\/01\/1768046647_627_468.jpg\" alt=\"K-Supermarket J\u00e4rvituulen pikakassalle lis\u00e4ttiin portti, jotta asiakkaiden ylim\u00e4\u00e4r\u00e4inen kulkeminen kassojen l\u00e4pi v\u00e4henisi. Ostokuitilla p\u00e4\u00e4see vain m\u00e4\u00e4r\u00e4tyn ajan l\u00e4pi portista ennen kuin sen toiminta lakkaa.\" class=\"_Img_1rerz_1\" style=\"aspect-ratio:1.7777777777777777\" loading=\"eager\"\/><\/p>\n<p class=\"article-picture-caption\">K-Supermarket J\u00e4rvituulen pikakassalle lis\u00e4ttiin portti, jotta asiakkaiden ylim\u00e4\u00e4r\u00e4inen kulkeminen kassojen l\u00e4pi v\u00e4henisi. Ostokuitilla p\u00e4\u00e4see vain m\u00e4\u00e4r\u00e4tyn ajan l\u00e4pi portista ennen kuin sen toiminta lakkaa. Kuva:\u00a0Liisa Mantila<\/p>\n<p><a href=\"https:\/\/www.suurkeuruu.fi\/haku\/?query=Liisa+Mantila\" rel=\"nofollow noopener\" target=\"_blank\"><\/p>\n<p>Liisa Mantila<\/p>\n<p><\/a><\/p>\n<p>11:00<\/p>\n<p class=\"article-body mb-nof-24 px-nof-16\">Itsepalvelukassat eli pikakassat ovat pidemm\u00e4n aikaa her\u00e4tt\u00e4neet julkista keskustelua niihin kohdistuvien v\u00e4\u00e4rink\u00e4yt\u00f6sten takia.<\/p>\n<p class=\"article-body mb-nof-24 px-nof-16\">Isommissa kaupungeissa pikakassoja on jouduttu jopa poistamaan kaupoista tai muuten rajoittamaan niiden k\u00e4ytt\u00f6\u00e4.<\/p>\n<p>KommentoiIlmoita asiavirheest\u00e4KommentoiIlmoita asiavirheest\u00e4<\/p>\n","protected":false},"excerpt":{"rendered":"Keuruulla asiakkaat osaavat k\u00e4ytt\u00e4\u00e4 itsepalvelukassoja p\u00e4\u00e4s\u00e4\u00e4nt\u00f6isesti oikein, mutta joukkoon mahtuu my\u00f6s poikkeuksia. K-Supermarket J\u00e4rvituulen pikakassalle lis\u00e4ttiin portti, jotta&hellip;\n","protected":false},"author":2,"featured_media":138595,"comment_status":"","ping_status":"","sticky":false,"template":"","format":"standard","meta":{"footnotes":""},"categories":[85],"tags":[33,31,30,419,418,32,171,91,92],"class_list":{"0":"post-138594","1":"post","2":"type-post","3":"status-publish","4":"format-standard","5":"has-post-thumbnail","7":"category-mobiili","8":"tag-fi","9":"tag-finland","10":"tag-finnish","11":"tag-mobiili","12":"tag-mobile","13":"tag-suomi","14":"tag-suur-keuruu","15":"tag-technology","16":"tag-teknologia"},"share_on_mastodon":{"url":"https:\/\/pubeurope.com\/@fi\/115870712941617174","error":""},"_links":{"self":[{"href":"https:\/\/www.europesays.com\/fi\/wp-json\/wp\/v2\/posts\/138594","targetHints":{"allow":["GET"]}}],"collection":[{"href":"https:\/\/www.europesays.com\/fi\/wp-json\/wp\/v2\/posts"}],"about":[{"href":"https:\/\/www.europesays.com\/fi\/wp-json\/wp\/v2\/types\/post"}],"author":[{"embeddable":true,"href":"https:\/\/www.europesays.com\/fi\/wp-json\/wp\/v2\/users\/2"}],"replies":[{"embeddable":true,"href":"https:\/\/www.europesays.com\/fi\/wp-json\/wp\/v2\/comments?post=138594"}],"version-history":[{"count":0,"href":"https:\/\/www.europesays.com\/fi\/wp-json\/wp\/v2\/posts\/138594\/revisions"}],"wp:featuredmedia":[{"embeddable":true,"href":"https:\/\/www.europesays.com\/fi\/wp-json\/wp\/v2\/media\/138595"}],"wp:attachment":[{"href":"https:\/\/www.europesays.com\/fi\/wp-json\/wp\/v2\/media?parent=138594"}],"wp:term":[{"taxonomy":"category","embeddable":true,"href":"https:\/\/www.europesays.com\/fi\/wp-json\/wp\/v2\/categories?post=138594"},{"taxonomy":"post_tag","embeddable":true,"href":"https:\/\/www.europesays.com\/fi\/wp-json\/wp\/v2\/tags?post=138594"}],"curies":[{"name":"wp","href":"https:\/\/api.w.org\/{rel}","templated":true}]}}