{"id":138606,"date":"2026-01-10T12:17:08","date_gmt":"2026-01-10T12:17:08","guid":{"rendered":"https:\/\/www.europesays.com\/fi\/138606\/"},"modified":"2026-01-10T12:17:08","modified_gmt":"2026-01-10T12:17:08","slug":"vastenmielinen-totuus-kiinasta-ei-saa-unohtua","status":"publish","type":"post","link":"https:\/\/www.europesays.com\/fi\/138606\/","title":{"rendered":"Vastenmielinen totuus Kiinasta ei saa unohtua"},"content":{"rendered":"<p><a href=\"https:\/\/www.iltalehti.fi\/kirjoittajat\/Janne Suutarinen\" class=\"article-description-pov-author\" rel=\"nofollow noopener\" target=\"_blank\"><\/p>\n<p>Janne Suutarinen<\/p>\n<p><img decoding=\"async\" class=\"author-image\" src=\"https:\/\/www.europesays.com\/fi\/wp-content\/uploads\/2026\/01\/671d05ee13db3e93d38b2c1818059d23eb798ee1643f9550d3fe825b80865ac7.png\" alt=\"\"\/><\/a><\/p>\n<p>Kansalaisilla ja yrityksill\u00e4 on moraalinen velvollisuus pohtia, millaisia toimia kukin voi tehd\u00e4 Kiina-riippuvuuden kevent\u00e4miseksi, kirjoittaa toimittaja Janne Suutarinen.<\/p>\n<p>T\u00e4n\u00e4\u00e4n klo 13:15 (p\u00e4ivitetty klo 13:15)<\/p>\n<p><img decoding=\"async\" class=\"image image-show image-preview\" src=\"https:\/\/www.europesays.com\/fi\/wp-content\/uploads\/2026\/01\/e17a3c833baa4970d4668b04b343d5a4f9f2c5464ae78aaf4783800f9a1d209c.jpg\" alt=\"\"\/><img decoding=\"async\" class=\"image image-show\" src=\"https:\/\/www.europesays.com\/fi\/wp-content\/uploads\/2026\/01\/1768047427_881_e17a3c833baa4970d4668b04b343d5a4f9f2c5464ae78aaf4783800f9a1d209c.jpg\" alt=\"\"\/><\/p>\n<p>Uhka ilmassa. Taiwanin ilmavoimien Mirage 2000 -h\u00e4vitt\u00e4j\u00e4 l\u00e4hd\u00f6ss\u00e4 ilmaan 29. joulukuuta Hsinchun lentotukikohdasta, kun Kiina ilmoitti aloittavansa uudet  suuret sotaharjoitukset Taiwanin edustalla. Ritchie B. Tongo<\/p>\n<p class=\"paragraph\">Vuoden 2026 alkaessa on ilmassa t\u00e4h\u00e4n menness\u00e4 lupaavimpia merkkej\u00e4 siit\u00e4, ett\u00e4 kohta jo nelivuotiseksi venynyt Ukrainan sota olisi matkalla kohti neuvotteluratkaisua.<\/p>\n<p class=\"paragraph\">Kiovassa tunnelma on varovaisen optimistinen, tai ainakin niin siit\u00e4 virallisesti viestit\u00e4\u00e4n. Vuodenvaihteessa 90 prosenttia rauhansopimuksesta oli valmiina, kertoi Ukrainan presidentti <a href=\"https:\/\/www.iltalehti.fi\/henkilot\/Volodymyr Zelenskyi\" class=\"article-link-person-page\" rel=\"nofollow noopener\" target=\"_blank\">Volodymyr Zelenskyi<\/a>. Suurimpana esteen\u00e4 ovat edelleen Ven\u00e4j\u00e4n aluevaatimukset.<\/p>\n<p class=\"paragraph\">Moskovassa jatkuu uho. Ven\u00e4j\u00e4n presidentti <a href=\"https:\/\/www.iltalehti.fi\/henkilot\/Vladimir Putin\" class=\"article-link-person-page\" rel=\"nofollow noopener\" target=\"_blank\">Vladimir Putin<\/a> julisti uudenvuodenpuheessaan <a href=\"https:\/\/www.reuters.com\/world\/russias-putin-new-year-address-voices-confidence-victory-ukraine-2025-12-31\/\" target=\"_blank\" rel=\"noopener nofollow\">uskovansa sotavoittoon<\/a>. Kremlin herra maalaili j\u00e4lleen Ukrainan sodan osaksi Ven\u00e4j\u00e4n kansan eksistentiaalista kamppailua tulevaisuudestaan.<\/p>\n<p>Ven\u00e4j\u00e4n syyllisyys ei unohdu<\/p>\n<p class=\"paragraph\">T\u00e4t\u00e4 painia Ven\u00e4j\u00e4 on k\u00e4ynyt kansantaloutensa kustannuksella. Sen tunnelmat ovat yksi parhaista ilmapuntareista Putinin neuvotteluhalukkuutta veikkaillessa. Inflaatio on saatu laskusuuntaan, mutta kasvu jatkuu aneemisena ja yritykset ovat vaipuneet pessimismiin. Pankkikriisin <a href=\"https:\/\/www.kauppalehti.fi\/uutiset\/a\/0cf242e8-8772-4611-bae4-23e0cfe2a03a\" target=\"_blank\" rel=\"noopener nofollow\">riski kasvaa kohisten<\/a>.<\/p>\n<p class=\"paragraph\">Kun sota jonain p\u00e4iv\u00e4n\u00e4 p\u00e4\u00e4ttyy, Ven\u00e4j\u00e4n syyllisyys ei unohdu. Muisti on syyt\u00e4 pit\u00e4\u00e4 ter\u00e4v\u00e4n\u00e4 my\u00f6s silloin, kun ynn\u00e4t\u00e4\u00e4n tekij\u00f6it\u00e4, jotka mahdollistivat Ven\u00e4j\u00e4n satojatuhansia henki\u00e4 vaatineen sotaretken.<\/p>\n<p class=\"paragraph\">T\u00e4ysin keskeinen tekij\u00e4 on Kiina.<\/p>\n<p class=\"paragraph\">Aasian talousj\u00e4tti olisi voinut miss\u00e4 tahansa vaiheessa halutessaan katkaista siivet Putinin sotataloudelta. Sen sijaan se on vain kasvattanut asemaansa Ven\u00e4j\u00e4n t\u00e4rkeimp\u00e4n\u00e4 kahdenv\u00e4lisen\u00e4 kauppakumppanina.<\/p>\n<p class=\"paragraph\">Kiinan kommunistinen puolue on antanut sanattoman siunauksensa veril\u00f6ylylle, koska se jakaa suuren mittakaavan intressej\u00e4 Kremlin kanssa.<\/p>\n<p class=\"paragraph\">Putinismiin kuuluva hourailu eksistentiaalisesta kriisist\u00e4 ja l\u00e4\u00e4kkeeksi tarjottu uusimperialismi sopivat hyvin Pekingille, sill\u00e4 ne asettavat Ven\u00e4j\u00e4n l\u00e4ntist\u00e4, demokraattista maailmaa vastaan.<\/p>\n<p>Kiina haluaa nokittaa l\u00e4nsimaita<\/p>\n<p class=\"paragraph\">Virallisesti Kiina tavoittelee niin kutsuttua moninapaista maailmanj\u00e4rjestyst\u00e4. K\u00e4yt\u00e4nn\u00f6ss\u00e4 kyse on varsinkin Yhdysvaltain nokittamisesta sek\u00e4 taloudellisesti ett\u00e4 <a href=\"https:\/\/www.kauppalehti.fi\/uutiset\/a\/88ed6500-ee7b-429b-a454-e31c14ea4e45\" rel=\"noopener nofollow\" target=\"_blank\">eneneviss\u00e4 m\u00e4\u00e4rin my\u00f6s sotilaallisesti<\/a>. Hartaasti rakennettu mineraalivipu paljastaa, kuinka kehnosti l\u00e4nsi on <a href=\"https:\/\/www.kauppalehti.fi\/uutiset\/a\/0ae8b740-8801-4950-841c-4a8e9c736c76\" rel=\"noopener nofollow\" target=\"_blank\">ennakoinut Kiinan uhkaa<\/a>.<\/p>\n<p class=\"citation\">Kiinan koukussa ollaan, ja pahasti.<\/p>\n<p class=\"paragraph\">EU joutui loppuvuonna pyytelem\u00e4\u00e4n hattu kourassa Pekingilt\u00e4 aseteollisuudelle kriittisi\u00e4 <a href=\"https:\/\/www.kauppalehti.fi\/uutiset\/a\/d8dbb5ca-1d74-4caa-ab14-c0d642fc3f1c\" rel=\"noopener nofollow\" target=\"_blank\">harvinaisia maametalleja<\/a>. Kiinan koukussa ollaan, ja pahasti. T\u00e4m\u00e4 synnytt\u00e4\u00e4 helposti poliittista varovaisuutta ellei jopa pokkurointia kirist\u00e4j\u00e4\u00e4 kohtaan.<\/p>\n<p class=\"paragraph\">Tilanne on paitsi kiusallinen my\u00f6s vaarallinen. Valtiolliset tahot ja etuj\u00e4rjest\u00f6t voivat kokea painetta puhua Kiinasta silotellusti, mutta sen ei tule antaa h\u00e4m\u00e4rt\u00e4\u00e4 tosiasioita. Kansalaisilla ja yrityksill\u00e4 on moraalinen velvollisuus pohtia, millaisia toimia kukin voi tehd\u00e4 Kiina-riippuvuuden kevent\u00e4miseksi.<\/p>\n<p class=\"paragraph\"><a href=\"https:\/\/www.kauppalehti.fi\/uutiset\/a\/b7ef0ba2-c016-42a9-a924-0b4b541fe713\" rel=\"noopener nofollow\" target=\"_blank\">Kommentti on julkaistu alun perin Kauppalehdess\u00e4.<\/a><\/p>\n","protected":false},"excerpt":{"rendered":"Janne Suutarinen Kansalaisilla ja yrityksill\u00e4 on moraalinen velvollisuus pohtia, millaisia toimia kukin voi tehd\u00e4 Kiina-riippuvuuden kevent\u00e4miseksi, kirjoittaa toimittaja&hellip;\n","protected":false},"author":2,"featured_media":138607,"comment_status":"","ping_status":"","sticky":false,"template":"","format":"standard","meta":{"footnotes":""},"categories":[14],"tags":[22,23,26,27,33,31,30,17,24,25,28,29,15,18,21,637,144,32,19,20,56,16,1262,1665,59,60,61,13032],"class_list":{"0":"post-138606","1":"post","2":"type-post","3":"status-publish","4":"format-standard","5":"has-post-thumbnail","7":"category-ulkomaat","8":"tag-breaking-news","9":"tag-breakingnews","10":"tag-featured-news","11":"tag-featurednews","12":"tag-fi","13":"tag-finland","14":"tag-finnish","15":"tag-headlines","16":"tag-latest-news","17":"tag-latestnews","18":"tag-main-news","19":"tag-mainnews","20":"tag-news","21":"tag-otsikot","22":"tag-paauutiset","23":"tag-politiikka","24":"tag-presidentti","25":"tag-suomi","26":"tag-top-stories","27":"tag-topstories","28":"tag-ulkomaat","29":"tag-uutiset","30":"tag-venajan-politiikka","31":"tag-venalaiset-poliitikot","32":"tag-world","33":"tag-world-news","34":"tag-worldnews","35":"tag-yhtenainen-venaja-puolue"},"share_on_mastodon":{"url":"https:\/\/pubeurope.com\/@fi\/115870763947893217","error":""},"_links":{"self":[{"href":"https:\/\/www.europesays.com\/fi\/wp-json\/wp\/v2\/posts\/138606","targetHints":{"allow":["GET"]}}],"collection":[{"href":"https:\/\/www.europesays.com\/fi\/wp-json\/wp\/v2\/posts"}],"about":[{"href":"https:\/\/www.europesays.com\/fi\/wp-json\/wp\/v2\/types\/post"}],"author":[{"embeddable":true,"href":"https:\/\/www.europesays.com\/fi\/wp-json\/wp\/v2\/users\/2"}],"replies":[{"embeddable":true,"href":"https:\/\/www.europesays.com\/fi\/wp-json\/wp\/v2\/comments?post=138606"}],"version-history":[{"count":0,"href":"https:\/\/www.europesays.com\/fi\/wp-json\/wp\/v2\/posts\/138606\/revisions"}],"wp:featuredmedia":[{"embeddable":true,"href":"https:\/\/www.europesays.com\/fi\/wp-json\/wp\/v2\/media\/138607"}],"wp:attachment":[{"href":"https:\/\/www.europesays.com\/fi\/wp-json\/wp\/v2\/media?parent=138606"}],"wp:term":[{"taxonomy":"category","embeddable":true,"href":"https:\/\/www.europesays.com\/fi\/wp-json\/wp\/v2\/categories?post=138606"},{"taxonomy":"post_tag","embeddable":true,"href":"https:\/\/www.europesays.com\/fi\/wp-json\/wp\/v2\/tags?post=138606"}],"curies":[{"name":"wp","href":"https:\/\/api.w.org\/{rel}","templated":true}]}}