{"id":138612,"date":"2026-01-10T12:31:06","date_gmt":"2026-01-10T12:31:06","guid":{"rendered":"https:\/\/www.europesays.com\/fi\/138612\/"},"modified":"2026-01-10T12:31:06","modified_gmt":"2026-01-10T12:31:06","slug":"david-bowien-kuolemasta-10-vuotta-tiedatko-miksi-hanen-toinen-silmansa-oli-erilainen","status":"publish","type":"post","link":"https:\/\/www.europesays.com\/fi\/138612\/","title":{"rendered":"David Bowien kuolemasta 10 vuotta \u2013 Tied\u00e4tk\u00f6, miksi h\u00e4nen toinen silm\u00e4ns\u00e4 oli erilainen?"},"content":{"rendered":"<p>David Bowie tunnettiin ensisijaisesti musiikistaan, mutta my\u00f6s persoonallisesta ulkon\u00e4\u00f6st\u00e4\u00e4n.<\/p>\n<p><img decoding=\"async\" class=\"image image-show image-preview\" src=\"https:\/\/www.europesays.com\/fi\/wp-content\/uploads\/2026\/01\/c1967c3ac9f73c5968d7bea400132186a6cbf821b48d30b704df9bbfd80dd1ae.jpg\" alt=\"\"\/><img decoding=\"async\" class=\"image image-show\" src=\"https:\/\/www.europesays.com\/fi\/wp-content\/uploads\/2026\/01\/1768048266_661_c1967c3ac9f73c5968d7bea400132186a6cbf821b48d30b704df9bbfd80dd1ae.jpg\" alt=\"\"\/><\/p>\n<p>David Bowie vuonna 1973. AOP<\/p>\n<p class=\"paragraph\">Laulaja <a href=\"https:\/\/www.iltalehti.fi\/henkilot\/David Bowie\" class=\"article-link-person-page\" rel=\"nofollow noopener\" target=\"_blank\">David Bowie<\/a> kuoli tasan 10 vuotta sitten, eli 10. tammikuuta 2016.<\/p>\n<p class=\"paragraph\">Tiesitk\u00f6, ettei Bowiella ollut eriv\u00e4risi\u00e4 silmi\u00e4, vaikka monet niin luulivatkin? Bowien silmien v\u00e4ri oli sama, eli sininen. H\u00e4nen vasemmassa silm\u00e4ss\u00e4\u00e4n oli kuitenkin pysyv\u00e4sti laajentunut pupilli, eli anisokoria. Suurentunut pupilli loi vaikutelman, ett\u00e4 toinen silm\u00e4 olisi eri v\u00e4rinen kuin toinen.<\/p>\n<p class=\"paragraph\">Bowien silm\u00e4n pupilli laajentui pysyv\u00e4sti, kun h\u00e4n oli teini-ik\u00e4inen. Bowie joutui tappeluun yst\u00e4v\u00e4ns\u00e4 kanssa. Kyse oli naisasioista. H\u00e4n sai iskun silm\u00e4\u00e4ns\u00e4, eik\u00e4 pupilli en\u00e4\u00e4 koskaan reagoinut valoon normaalisti.<\/p>\n<p>David Bowien toinen puolilli oli suurentunut pysyv\u00e4sti. AOP<\/p>\n<p class=\"paragraph\">Bowie kertoi viel\u00e4 el\u00e4ess\u00e4\u00e4n julkisuuteen, ettei h\u00e4n koskaan antanut asian haitata itse\u00e4\u00e4n, vaikka se muuttikin h\u00e4nen ulkon\u00e4k\u00f6\u00f6ns\u00e4.<\/p>\n<p class=\"paragraph\">My\u00f6hemmin erikoisen n\u00e4k\u00f6isest\u00e4 silm\u00e4st\u00e4 oli vain hy\u00f6ty\u00e4, sill\u00e4 se kiinnitti monen huomion ja teki h\u00e4nest\u00e4 tunnistettavan. Persoonallinen look sopi hyvin Bowien imagoon. H\u00e4net tunnettiin erilaisuudestaan ja taiteellisesta identiteetist\u00e4\u00e4n.<\/p>\n<p>Menehtyi sy\u00f6p\u00e4\u00e4n<\/p>\n<p class=\"paragraph\">Bowie menehtyi 69-vuotiaana maksasy\u00f6p\u00e4\u00e4n. H\u00e4n menehtyi l\u00e4heisten mukaan rauhallisesti kotonaan perheens\u00e4 ymp\u00e4r\u00f6im\u00e4n\u00e4. H\u00e4n sai diagnoosin sy\u00f6v\u00e4st\u00e4 noin 1,5 vuotta ennen kuolemaansa, eik\u00e4 kertonut siit\u00e4 etuk\u00e4teen julkisuuteen. Bowie edusti viel\u00e4 muutamaa viikkoa ennen kuolemaansa julkisuudessa. Sairauden kolme viimeist\u00e4 kuukautta olivat olleet raskaita. Sy\u00f6p\u00e4 oli edennyt viimeiseen vaiheeseensa, eik\u00e4 mit\u00e4\u00e4n ollut en\u00e4\u00e4 teht\u00e4viss\u00e4. Vain kipuja pystyttiin en\u00e4\u00e4 hoitamaan.<\/p>\n<p class=\"paragraph\">Bowie julkaisi juuri ennen kuolemaansa albumin. Bowien viimeiseksi musiikkivideoksi j\u00e4i Lazarus-kappaleen musiikkivideo. Kappaleessa Bowie laulaa olevansa taivaassa.<\/p>\n<p class=\"paragraph\">\u2013 Sain kuulla vasta my\u00f6hemmin, ett\u00e4 samaan aikaan kun kuvasimme Lazarusta, Bowie oli saanut tiet\u00e4\u00e4, ettei h\u00e4nen pelastamisekseen ollut en\u00e4\u00e4 mit\u00e4\u00e4n teht\u00e4viss\u00e4. Hoidot oli lopetettu, sy\u00f6p\u00e4\u00e4 ei saatu pois, videon ohjaaja <a href=\"https:\/\/www.iltalehti.fi\/henkilot\/Johan Renck\" class=\"article-link-person-page\" rel=\"nofollow noopener\" target=\"_blank\">Johan Renck<\/a> sanoi my\u00f6hemmin julkaistussa dokumentissa.<\/p>\n","protected":false},"excerpt":{"rendered":"David Bowie tunnettiin ensisijaisesti musiikistaan, mutta my\u00f6s persoonallisesta ulkon\u00e4\u00f6st\u00e4\u00e4n. David Bowie vuonna 1973. AOP Laulaja David Bowie kuoli&hellip;\n","protected":false},"author":2,"featured_media":138613,"comment_status":"","ping_status":"","sticky":false,"template":"","format":"standard","meta":{"footnotes":""},"categories":[136],"tags":[35,138,407,137,33,31,30,408,47,141,532,32,484,109],"class_list":{"0":"post-138612","1":"post","2":"type-post","3":"status-publish","4":"format-standard","5":"has-post-thumbnail","7":"category-julkkikset","8":"tag-24h","9":"tag-audio","10":"tag-celebrities","11":"tag-entertainment","12":"tag-fi","13":"tag-finland","14":"tag-finnish","15":"tag-julkkikset","16":"tag-musiikki","17":"tag-muusikot-bandit","18":"tag-rock-ja-pop","19":"tag-suomi","20":"tag-taiteellinen-ilmaisu-ja-mediat","21":"tag-viihde"},"share_on_mastodon":{"url":"https:\/\/pubeurope.com\/@fi\/115870818795552001","error":""},"_links":{"self":[{"href":"https:\/\/www.europesays.com\/fi\/wp-json\/wp\/v2\/posts\/138612","targetHints":{"allow":["GET"]}}],"collection":[{"href":"https:\/\/www.europesays.com\/fi\/wp-json\/wp\/v2\/posts"}],"about":[{"href":"https:\/\/www.europesays.com\/fi\/wp-json\/wp\/v2\/types\/post"}],"author":[{"embeddable":true,"href":"https:\/\/www.europesays.com\/fi\/wp-json\/wp\/v2\/users\/2"}],"replies":[{"embeddable":true,"href":"https:\/\/www.europesays.com\/fi\/wp-json\/wp\/v2\/comments?post=138612"}],"version-history":[{"count":0,"href":"https:\/\/www.europesays.com\/fi\/wp-json\/wp\/v2\/posts\/138612\/revisions"}],"wp:featuredmedia":[{"embeddable":true,"href":"https:\/\/www.europesays.com\/fi\/wp-json\/wp\/v2\/media\/138613"}],"wp:attachment":[{"href":"https:\/\/www.europesays.com\/fi\/wp-json\/wp\/v2\/media?parent=138612"}],"wp:term":[{"taxonomy":"category","embeddable":true,"href":"https:\/\/www.europesays.com\/fi\/wp-json\/wp\/v2\/categories?post=138612"},{"taxonomy":"post_tag","embeddable":true,"href":"https:\/\/www.europesays.com\/fi\/wp-json\/wp\/v2\/tags?post=138612"}],"curies":[{"name":"wp","href":"https:\/\/api.w.org\/{rel}","templated":true}]}}