{"id":138626,"date":"2026-01-10T12:45:08","date_gmt":"2026-01-10T12:45:08","guid":{"rendered":"https:\/\/www.europesays.com\/fi\/138626\/"},"modified":"2026-01-10T12:45:08","modified_gmt":"2026-01-10T12:45:08","slug":"iivo-niskanen-sivuun-sm-hiihdoista-mtv-uutiset","status":"publish","type":"post","link":"https:\/\/www.europesays.com\/fi\/138626\/","title":{"rendered":"Iivo Niskanen sivuun SM-hiihdoista | MTV Uutiset"},"content":{"rendered":"<p><strong class=\"typography-bold\">Suomen hiihtot\u00e4hti Iivo Niskanen ei kilpaile t\u00e4n\u00e4 viikonloppuna Kuopion SM-hiihdoissa.<\/strong><\/p>\n<p>Niskanen ilmoitti p\u00e4\u00e4t\u00f6ksest\u00e4\u00e4n <a class=\"underline\" data-testid=\"external-link\" href=\"https:\/\/www.instagram.com\/stories\/iivoniskanen\/\" rel=\"noopener noreferrer nofollow\" target=\"_blank\" data-sentry-component=\"ExternalLink\" data-sentry-source-file=\"ExternalLink.tsx\">Instagram-tilins\u00e4 tarinat-osiossa<\/a>.<\/p>\n<p>\u2013 En tuu kisaamaan SM-kisoissa. Keuhkot ja lumi on yht\u00e4 kuivana pakkasjakson j\u00e4lkeen. Ensi viikolla sitten Oberhofissa seuraavan kerran, Niskanen kirjoittaa.<\/p>\n<p>Kuopiossa on ollut SM-viikonlopun alla kire\u00e4 pakkanen. Perjantain kisap\u00e4iv\u00e4 jouduttiin perumaan pakkasen vuoksi kokonaan.<\/p>\n<p>Kuopiossa kisataan lauantaina 10 kilometrin vapaan hiihtotavan v\u00e4liaikal\u00e4ht\u00f6kilpailut. Sunnuntaina edess\u00e4 on perinteisen hiihtotavan sprintit.<\/p>\n<p>Niskasen poisj\u00e4\u00e4nnist\u00e4 huolimatta lauantaina ladulla n\u00e4hd\u00e4\u00e4n liuta maailmancupistakin tuttuja hiiht\u00e4ji\u00e4. Muun muassa <strong class=\"typography-bold\">Arsi Ruuskanen<\/strong>, <strong class=\"typography-bold\">Ristomatti Hakola<\/strong>, <strong class=\"typography-bold\">Remi Lindholm<\/strong>, <strong class=\"typography-bold\">Petteri Koivisto<\/strong> ja <strong class=\"typography-bold\">Lauri Vuorinen<\/strong> ovat mukana.<\/p>\n<p>Maastohiihdon maailmancup jatkuu viikon p\u00e4\u00e4st\u00e4 Saksan Oberhofissa, jossa hiihdet\u00e4\u00e4n vapaan hiihtotavan sprintit ja 10 kilometrin perinteisen v\u00e4liaikal\u00e4ht\u00f6kilpailut.<\/p>\n<p><script async src=\"\/\/www.instagram.com\/embed.js\"><\/script><\/p>\n","protected":false},"excerpt":{"rendered":"Suomen hiihtot\u00e4hti Iivo Niskanen ei kilpaile t\u00e4n\u00e4 viikonloppuna Kuopion SM-hiihdoissa. Niskanen ilmoitti p\u00e4\u00e4t\u00f6ksest\u00e4\u00e4n Instagram-tilins\u00e4 tarinat-osiossa. \u2013 En tuu&hellip;\n","protected":false},"author":2,"featured_media":138627,"comment_status":"","ping_status":"","sticky":false,"template":"","format":"standard","meta":{"footnotes":""},"categories":[5],"tags":[22,23,26,27,33,31,30,17,24,25,28,29,15,18,21,32,19,20,16],"class_list":{"0":"post-138626","1":"post","2":"type-post","3":"status-publish","4":"format-standard","5":"has-post-thumbnail","7":"category-otsikot","8":"tag-breaking-news","9":"tag-breakingnews","10":"tag-featured-news","11":"tag-featurednews","12":"tag-fi","13":"tag-finland","14":"tag-finnish","15":"tag-headlines","16":"tag-latest-news","17":"tag-latestnews","18":"tag-main-news","19":"tag-mainnews","20":"tag-news","21":"tag-otsikot","22":"tag-paauutiset","23":"tag-suomi","24":"tag-top-stories","25":"tag-topstories","26":"tag-uutiset"},"share_on_mastodon":{"url":"https:\/\/pubeurope.com\/@fi\/115870873853466996","error":""},"_links":{"self":[{"href":"https:\/\/www.europesays.com\/fi\/wp-json\/wp\/v2\/posts\/138626","targetHints":{"allow":["GET"]}}],"collection":[{"href":"https:\/\/www.europesays.com\/fi\/wp-json\/wp\/v2\/posts"}],"about":[{"href":"https:\/\/www.europesays.com\/fi\/wp-json\/wp\/v2\/types\/post"}],"author":[{"embeddable":true,"href":"https:\/\/www.europesays.com\/fi\/wp-json\/wp\/v2\/users\/2"}],"replies":[{"embeddable":true,"href":"https:\/\/www.europesays.com\/fi\/wp-json\/wp\/v2\/comments?post=138626"}],"version-history":[{"count":0,"href":"https:\/\/www.europesays.com\/fi\/wp-json\/wp\/v2\/posts\/138626\/revisions"}],"wp:featuredmedia":[{"embeddable":true,"href":"https:\/\/www.europesays.com\/fi\/wp-json\/wp\/v2\/media\/138627"}],"wp:attachment":[{"href":"https:\/\/www.europesays.com\/fi\/wp-json\/wp\/v2\/media?parent=138626"}],"wp:term":[{"taxonomy":"category","embeddable":true,"href":"https:\/\/www.europesays.com\/fi\/wp-json\/wp\/v2\/categories?post=138626"},{"taxonomy":"post_tag","embeddable":true,"href":"https:\/\/www.europesays.com\/fi\/wp-json\/wp\/v2\/tags?post=138626"}],"curies":[{"name":"wp","href":"https:\/\/api.w.org\/{rel}","templated":true}]}}