{"id":138628,"date":"2026-01-10T12:57:07","date_gmt":"2026-01-10T12:57:07","guid":{"rendered":"https:\/\/www.europesays.com\/fi\/138628\/"},"modified":"2026-01-10T12:57:07","modified_gmt":"2026-01-10T12:57:07","slug":"jaanika-luuli-paasevansa-kivalle-lomalle-espanjaan-seurasi-painajainen","status":"publish","type":"post","link":"https:\/\/www.europesays.com\/fi\/138628\/","title":{"rendered":"Jaanika luuli p\u00e4\u00e4sev\u00e4ns\u00e4 kivalle lomalle Espanjaan \u2013 Seurasi painajainen"},"content":{"rendered":"<p>Laulaja Janely osallistui somen kautta j\u00e4rjestettyyn realityyn, eik\u00e4 osannut odottaa sen negatiivisia seurauksia. Nyt h\u00e4n haluaa varoittaa muita. <\/p>\n<p class=\"paragraph\">Muun muassa Viidakon t\u00e4hdet -ohjelmasta tuttu laulaja <strong>Janely<\/strong> eli <strong>Jaanika Leino<\/strong>, osallistui hiljattain somejulkkisten j\u00e4rjest\u00e4m\u00e4\u00e4n Pacthouse-realitykilpailuun, jota striimattiin sosiaalisessa mediassa.<\/p>\n<p class=\"paragraph\">Pacthouse muistuttaa televisiosta tuttua Big Brother -ohjelmaa. Kilpailussa tunnetut henkil\u00f6t kilpailivat rahapalkinnosta ja muista palkinnoista. Janelyn lis\u00e4ksi osallistujina olivat muun muassa <strong>Joni Hesselgren<\/strong> ja <a href=\"https:\/\/www.iltalehti.fi\/henkilot\/Kelly Kalonji\" class=\"article-link-person-page\" rel=\"nofollow noopener\" target=\"_blank\">Kelly Kalonji<\/a>.<\/p>\n<p class=\"paragraph\">Katsojat saivat seurata suoria p\u00e4ivitt\u00e4isi\u00e4 l\u00e4hetyksi\u00e4 internetin v\u00e4lityksell\u00e4 ja vaikuttaa kilpailun kulkuun. Kilpailu k\u00e4ytiin Espanjassa villassa, jossa osallistujat asuivat viikon verran.<\/p>\n<p class=\"paragraph\">\u2013 Minulle se myytiin positiivisena kokemuksena, jonka kautta saa lis\u00e4n\u00e4kyvyytt\u00e4. N\u00e4kyvyys ei ollut minulle niin merkityksellist\u00e4. Siell\u00e4 oli muutama yst\u00e4v\u00e4ni, joten ajattelin, ett\u00e4 t\u00e4m\u00e4 olisi kiva loma Espanjassa. Loma, josta voi viel\u00e4 voittaa rahaakin. En ajatellut, ett\u00e4 siit\u00e4 voisi seurata mit\u00e4\u00e4n negatiivista. Kokemus oli lopulta aika erilainen, Janely kertoo nyt.<\/p>\n<p>Janely on suomalainen laulaja. Jaanika Leinon kotialbumi<\/p>\n<p class=\"paragraph\">Janely ajautui kilpailun aikana riitoihin toisen osallistujan, <strong>Juhana Tegelbergin<\/strong>, kanssa. Riidan seurauksena koko kilpailusta tuli Janelyn mukaan painajaismainen. Videoklipit kaksikon v\u00e4lisist\u00e4 yhteenotoista py\u00f6riv\u00e4t edelleen Tiktok-sovelluksessa.<\/p>\n<p class=\"paragraph\">Janelyn n\u00e4kemyksen mukaan ongelmat alkoivat siit\u00e4, kun h\u00e4n pyysi tuotantoa puuttumaan Tegelbergin k\u00e4yt\u00f6kseen talossa. Tegelberg k\u00e4ytti suorissa l\u00e4hetyksiss\u00e4 muun muassa transsukupuolisia loukkaavia termej\u00e4 ja puhui naisvihamieliseen s\u00e4vyyn.<\/p>\n<p class=\"paragraph\">Kenties rajuin riita syttyi er\u00e4\u00e4n\u00e4 iltana Janelyn ja Tegelbergin v\u00e4lille talon olohuoneessa. Tegelberg arvosteli suorassa l\u00e4hetyksess\u00e4 alatyylisesti Janelyn vartaloa lihavaksi. My\u00f6s h\u00e4nen laulu-uransa ja laulu\u00e4\u00e4nens\u00e4 joutui tulilinjalle. Tilanne k\u00e4rjistyi ratkaisuun, josta Janely ei ole erityisen ylpe\u00e4.<\/p>\n<p class=\"paragraph\">\u2013 H\u00e4n n\u00f6yryytti minua siin\u00e4. Minua alkoi impulsiivisena ihmisen\u00e4 vituttamaan se h\u00e4nen vittuilunsa siin\u00e4. Otin lasin k\u00e4teen ja kaadoin sen h\u00e4nen p\u00e4\u00e4lleen. En ole ylpe\u00e4 siit\u00e4. Olisin voinut j\u00e4tt\u00e4\u00e4 juomat heitt\u00e4m\u00e4tt\u00e4 ja toimia fiksummin.<\/p>\n<p class=\"paragraph\">Janely kertoo mielenterveytens\u00e4 olleen koetuksella kuvauksissa. H\u00e4n vietti yhden y\u00f6n kuvauksissa vessan lattialla itkien ahdistustaan ja koki, ettei tilanteeseen puututa. Janely olisi toivonut, ettei tuotanto sallisi talossa mink\u00e4\u00e4nlaista vihapuhetta, kuten esimerkiksi h\u00e4nen kehoonsa kohdistuvia kommentteja.<\/p>\n<p class=\"paragraph\">\u2013 Katsojina saattaa olla ihmisi\u00e4, jotka ovat esimerkiksi isompia kuin min\u00e4. Milt\u00e4 puheet heist\u00e4 tuntuvat? Janely pohtii nyt.<\/p>\n<p>Piina jatkui kilpailun j\u00e4lkeen<\/p>\n<p class=\"paragraph\">V\u00e4likohtaukset eiv\u00e4t j\u00e4\u00e4neet vain talon seinien sis\u00e4puolelle. Kilpailu loppui joulukuun alussa, mutta Janely ei ole p\u00e4\u00e4ssyt someh\u00e4irik\u00f6innist\u00e4 eroon viel\u00e4k\u00e4\u00e4n.<\/p>\n<p class=\"paragraph\">Janely kertoo alkaneensa vastaanottaa jo talossa ollessaan runsaasti viha- ja uhkailuviestej\u00e4 tuntemattomilta ihmisilt\u00e4 somessa. H\u00e4n arvioi vihaviestien l\u00e4hett\u00e4jien olevan Tegelbergin faneja. Iltalehti on n\u00e4hnyt viestej\u00e4.<\/p>\n<p class=\"paragraph\">\u2013 Viimeksi t\u00e4n\u00e4\u00e4n sain uhkausviestin, jossa uhattiin ly\u00f6d\u00e4 minulta hampaat kurkkuun, Janely kertoo. Iltalehti on n\u00e4hnyt kyseisen viestin.<\/p>\n<p class=\"paragraph\">Tegelberg on jatkanut kilpailun j\u00e4lkeenkin vihanpitoa sosiaalisessa mediassa. ja yllytt\u00e4nyt fanejaan Janelyn kimppuun. Iltalehti on n\u00e4hnyt videon, jolla Tegelberg kehottaa fanejaan kiusaamaan Janelya.<\/p>\n<p class=\"paragraph\">Janely aikoo tehd\u00e4 rikosilmoituksia kokemastaan h\u00e4irinn\u00e4st\u00e4 ja uhkaavista viesteist\u00e4. Janely on my\u00f6s konsultoinut lakimiehi\u00e4.<\/p>\n<p>Janely muistetaan  -kilpailijana. H\u00e4n on luonut pitk\u00e4\u00e4 uraa laulajana ja tavoittelee t\u00e4ll\u00e4 hetkell\u00e4 unelmiaan New Yorkissa Yhdysvalloissa. Jaanely Leinon kotialbumi<\/p>\n<p>Tegelberg ja tuotanto kommentoivat<\/p>\n<p class=\"paragraph\">Iltalehti tavoitti <strong>Juhana Tegelbergin<\/strong> kommentoimaan asiaa sosiaalisen median kautta. Tegelberg totesi, ettei halua antaa kommentteja medioille. H\u00e4n kuitenkin kommentoi sen verran, ett\u00e4 ongelmat syntyiv\u00e4t siit\u00e4, ettei Janely tiennyt entuudestaan kuka h\u00e4n on. Tegelberg tunnetaan somessa rajuista ulostuloistaan.<\/p>\n<p class=\"paragraph\">\u2013 Jos h\u00e4n olisi tiennyt kuka olen, h\u00e4n ei olisi ikin\u00e4 asettunut minua vastaan, Tegelberg sanoi toimittajalle l\u00e4hett\u00e4m\u00e4ss\u00e4\u00e4n k\u00e4rkk\u00e4\u00e4ss\u00e4 \u00e4\u00e4niviestiss\u00e4.<\/p>\n<p class=\"paragraph\">Iltalehti tavoitti my\u00f6s Instagramissa Pacthouse-kilpailua luotsaavan <strong>Anthony Singhin<\/strong>, joka tunnetaan nimimerkill\u00e4 Saini, kommentoimaan tapausta.<\/p>\n<p class=\"paragraph\">\u2013 Mik\u00e4li tuotannon tietoon tulee tilanteita, jotka rikkovat sovittuja pelis\u00e4\u00e4nt\u00f6j\u00e4 tai ne koetaan loukkaaviksi, ne k\u00e4sitell\u00e4\u00e4n tapauskohtaisesti. Kaikki tilanteet eiv\u00e4t n\u00e4y katsojille sellaisenaan ja osa niist\u00e4 k\u00e4sitell\u00e4\u00e4n keskustelemalla osapuolien kanssa kulissien takana, h\u00e4n vastaa kirjoittamassaan viestiss\u00e4.<\/p>\n<p class=\"paragraph\">Singh sanoo, ett\u00e4 Pacthouse-kilpailussa on selke\u00e4t pelis\u00e4\u00e4nn\u00f6t, jotka kielt\u00e4v\u00e4t syrjiv\u00e4n, naisvihamielisen tai muuta ihmisryhm\u00e4\u00e4 loukkaavan kielenk\u00e4yt\u00f6n.<\/p>\n<p class=\"paragraph\">\u2013 Tuotanto ei hyv\u00e4ksy t\u00e4llaista puhetta ja pyrkii ohjaamaan ilmapiiri\u00e4 kunnioittavampaan suuntaan tarvittaessa.<\/p>\n<p class=\"paragraph\">Singh sanoo, ett\u00e4 tuotanto ottaa osallistujien kokemukset vakavasti ja on ollut yhteydess\u00e4 Janelyyn.<\/p>\n<p class=\"paragraph\">\u2013 H\u00e4nelle on tehty selv\u00e4ksi, ett\u00e4 ett\u00e4 osallistuminen ohjelmaan on vapaaehtoista ja ett\u00e4 h\u00e4nell\u00e4 on mahdollisuus keskeytt\u00e4\u00e4 osallistumisensa, mik\u00e4li h\u00e4n kokee olonsa ep\u00e4mukavaksi.<\/p>\n<p class=\"paragraph\">Tuotanto aikoo jatkossa kiinnitt\u00e4\u00e4 huomiota entist\u00e4 enemm\u00e4n osallistujien tukemiseen kuvausten ulkopuolella, sill\u00e4 tuotanto ei hyv\u00e4ksy somekiusaamista tai uhkailua. Tuotanto aikoo esimerkiksi ohjeistaa ja neuvoa osallistujia tilanteissa, sek\u00e4 pit\u00e4\u00e4 tiukempaa yhteytt\u00e4 tarvittaessa.<\/p>\n","protected":false},"excerpt":{"rendered":"Laulaja Janely osallistui somen kautta j\u00e4rjestettyyn realityyn, eik\u00e4 osannut odottaa sen negatiivisia seurauksia. Nyt h\u00e4n haluaa varoittaa muita.&hellip;\n","protected":false},"author":2,"featured_media":138629,"comment_status":"","ping_status":"","sticky":false,"template":"","format":"standard","meta":{"footnotes":""},"categories":[136],"tags":[35,407,137,33,31,30,408,979,32,2140,140,139,2581,109],"class_list":{"0":"post-138628","1":"post","2":"type-post","3":"status-publish","4":"format-standard","5":"has-post-thumbnail","7":"category-julkkikset","8":"tag-24h","9":"tag-celebrities","10":"tag-entertainment","11":"tag-fi","12":"tag-finland","13":"tag-finnish","14":"tag-julkkikset","15":"tag-sahkoinen-media","16":"tag-suomi","17":"tag-tosi-tv-ohjelmat","18":"tag-tv-ja-elokuvat","19":"tag-tv-ohjelmat","20":"tag-tv-2010-luku","21":"tag-viihde"},"share_on_mastodon":{"url":"https:\/\/pubeurope.com\/@fi\/115870921033020549","error":""},"_links":{"self":[{"href":"https:\/\/www.europesays.com\/fi\/wp-json\/wp\/v2\/posts\/138628","targetHints":{"allow":["GET"]}}],"collection":[{"href":"https:\/\/www.europesays.com\/fi\/wp-json\/wp\/v2\/posts"}],"about":[{"href":"https:\/\/www.europesays.com\/fi\/wp-json\/wp\/v2\/types\/post"}],"author":[{"embeddable":true,"href":"https:\/\/www.europesays.com\/fi\/wp-json\/wp\/v2\/users\/2"}],"replies":[{"embeddable":true,"href":"https:\/\/www.europesays.com\/fi\/wp-json\/wp\/v2\/comments?post=138628"}],"version-history":[{"count":0,"href":"https:\/\/www.europesays.com\/fi\/wp-json\/wp\/v2\/posts\/138628\/revisions"}],"wp:featuredmedia":[{"embeddable":true,"href":"https:\/\/www.europesays.com\/fi\/wp-json\/wp\/v2\/media\/138629"}],"wp:attachment":[{"href":"https:\/\/www.europesays.com\/fi\/wp-json\/wp\/v2\/media?parent=138628"}],"wp:term":[{"taxonomy":"category","embeddable":true,"href":"https:\/\/www.europesays.com\/fi\/wp-json\/wp\/v2\/categories?post=138628"},{"taxonomy":"post_tag","embeddable":true,"href":"https:\/\/www.europesays.com\/fi\/wp-json\/wp\/v2\/tags?post=138628"}],"curies":[{"name":"wp","href":"https:\/\/api.w.org\/{rel}","templated":true}]}}