{"id":138645,"date":"2026-01-10T13:23:08","date_gmt":"2026-01-10T13:23:08","guid":{"rendered":"https:\/\/www.europesays.com\/fi\/138645\/"},"modified":"2026-01-10T13:23:08","modified_gmt":"2026-01-10T13:23:08","slug":"yksin-pienen-vauvan-kanssa-jaanyt-mirella-merivirta-joutui-tekemaan-raskaan-paatoksen","status":"publish","type":"post","link":"https:\/\/www.europesays.com\/fi\/138645\/","title":{"rendered":"Yksin pienen vauvan kanssa j\u00e4\u00e4nyt Mirella Merivirta joutui tekem\u00e4\u00e4n raskaan p\u00e4\u00e4t\u00f6ksen"},"content":{"rendered":"<p>            Matti Matikainen\n        <\/p>\n<p class=\"subtitle \">Mirellasta on kuoriutunut varsinainen leijonaemo, mutta h\u00e4nkin on kertonut kantaneensa monenlaisia tunteita tilanteesta: muun muassa h\u00e4pe\u00e4\u00e4 ja ep\u00e4onnistumista.<\/p>\n<p class=\"article-content article-content-width !bg-background\">Missin\u00e4 aikanaan tunnetuksi tullut  ja huippukokki  ilmoittivat viime helmikuussa somessa saavansa lapsen.<\/p>\n<p class=\"article-content article-content-width !bg-background\">Vauva syntyi hein\u00e4kuussa, mutta perheidylli s\u00e4rkyi ennen kuin se ehti edes alkaa, sill\u00e4 Mirella j\u00e4i vauvan kanssa kahdestaan vain noin viikko syntym\u00e4n j\u00e4lkeen.<\/p>\n<p class=\"article-content article-content-width !bg-background\">Somessa olikin ihmetelty, ettei is\u00e4\u00e4 juuri n\u00e4kynyt tuoreissa vauvaa koskevissa julkaisuissa.<\/p>\n<p>        <a itemprop=\"url\" href=\"https:\/\/www.seiska.fi\/kotimaa\/vauvabuumi-nama-julkimot-saivat-perheenlisaysta-2025\/1975997\" rel=\"nofollow noopener\" target=\"_blank\"><\/p>\n<p>\nVuosi 2025\n<\/p>\n<p class=\"section-date\">\n        <strong class=\"article-section\" data-section=\"kotimaa\"><br \/>\n            kotimaa<br \/>\n        <\/strong><br \/>\n        31.12.2025 18:00\n    <\/p>\n<p>Vauvabuumi! N\u00e4m\u00e4 julkimot saivat perheenlis\u00e4yst\u00e4 2025\n    <\/p>\n<p itemprop=\"description\" class=\"subtitle \">\n    Lukuisat suomalaisjulkkikset ovat lis\u00e4\u00e4ntyneet t\u00e4n\u00e4kin vuonna.\n<\/p>\n<p>        <\/a><\/p>\n<p class=\"article-content article-content-width !bg-background\">Lopulta Teemu vahvisti eron olevan totta Instagramissa lokakuun alussa.<\/p>\n<p>                <img decoding=\"async\" src=\"https:\/\/www.europesays.com\/fi\/wp-content\/uploads\/2026\/01\/2042414.webp.jpeg\" width=\"576\" height=\"720\" alt=\"Mirella Merivirta ja Teemu Laurell erosivat l\u00e4hes heti vauvan syntym\u00e4n j\u00e4lkeen kes\u00e4ll\u00e4 2025. Kuva loppuvuodesta 2024, kun kaikki oli viel\u00e4 hyvin.\" loading=\"lazy\" \/>            <\/p>\n<p>\n            Mirella Merivirta ja Teemu Laurell erosivat l\u00e4hes heti vauvan syntym\u00e4n j\u00e4lkeen kes\u00e4ll\u00e4 2025. Kuva loppuvuodesta 2024, kun kaikki oli viel\u00e4 hyvin.<br \/>\n            Timo Korhonen\n        <\/p>\n<p>Leijonaemo<\/p>\n<p class=\"article-content article-content-width !bg-background\">T\u00e4m\u00e4n j\u00e4lkeen Mirellasta onkin kuoriutunut varsinainen leijonaemo somessa, n\u00e4ytt\u00e4en, ett\u00e4 h\u00e4n on pystynyt haastavassa tilanteessa toimimaan ilmeisen mainiosti.<\/p>\n<p class=\"article-content article-content-width !bg-background\">Helppoa arki ei kuitenkaan ole ollut, kuten h\u00e4n Iltalehdelle viime joulukuun alussa antamassaan haastattelussa kertoi.<\/p>\n<p>        <a itemprop=\"url\" href=\"https:\/\/www.seiska.fi\/kotimaa\/il-kokkisota-tahdesta-eronneelta-missikaunottarelta-karu-ulostulo\/2008881\" rel=\"nofollow noopener\" target=\"_blank\"><\/p>\n<p>\nKokkisota-t\u00e4hden ex-rakas Iltalehdess\u00e4:\n<\/p>\n<p class=\"section-date\">\n        <strong class=\"article-section\" data-section=\"kotimaa\"><br \/>\n            kotimaa<br \/>\n        <\/strong><br \/>\n        2.12.2025 10:54\n    <\/p>\n<p>IL: Kokkisota-t\u00e4hdest\u00e4 eronneelta missikaunottarelta karu ulostulo\n    <\/p>\n<p itemprop=\"description\" class=\"subtitle \">\n    Mirella j\u00e4i vauvan kanssa yksin.\n<\/p>\n<p>        <\/a><\/p>\n<p class=\"article-content article-content-width !bg-background\">Mirella <a href=\"https:\/\/www.iltalehti.fi\/viihdeuutiset\/a\/3e605adc-dacb-41f1-a529-ba2dd28333b9\" target=\"_blank\" rel=\"nofollow noopener\">kertoi Iltalehden haastattelussa, ett\u00e4 h\u00e4nen pahin pelkonsa toteutui<\/a>, kun h\u00e4n j\u00e4i yksin vauvan kanssa. H\u00e4n on huomannut ottaneensa sek\u00e4 \u00e4idin ett\u00e4 is\u00e4n roolin.<\/p>\n<p class=\"article-content article-content-width !bg-background\">\u2013 En ole juridisesti yksinhuoltaja, mutta puhun itsest\u00e4ni yksinhuoltajana, koska olen ihan yksin lapseni kanssa.<\/p>\n<p>                <img decoding=\"async\" src=\"https:\/\/www.europesays.com\/fi\/wp-content\/uploads\/2026\/01\/2042424.webp.jpeg\" width=\"576\" height=\"720\" alt=\"MIrella on kertonut olevansa k\u00e4yt\u00e4nn\u00f6ss\u00e4 yksinhuoltaja.\" loading=\"lazy\" \/>            <\/p>\n<p>\n            MIrella on kertonut olevansa k\u00e4yt\u00e4nn\u00f6ss\u00e4 yksinhuoltaja.<br \/>\n            Kai Joronen\n        <\/p>\n<p>Tunne ep\u00e4onnistumisesta <\/p>\n<p class=\"article-content article-content-width !bg-background\">Mirella sanoi pahimman pelkonsa toteutuneen j\u00e4\u00e4dess\u00e4\u00e4n yksin Selen-vauvansa kanssa.<\/p>\n<p class=\"article-content article-content-width !bg-background\">Tapaus her\u00e4tti isoja tunteita: my\u00f6s katkeruutta ja vihaa, Mirella mietti IL:lle.<\/p>\n<p>        <a itemprop=\"url\" href=\"https:\/\/www.seiska.fi\/kotimaa\/vauvan-kanssa-yksin-jaaneelta-kokkisota-tahden-ex-puolisolta-sydantasarkeva-ulostulo\/1956289\" rel=\"nofollow noopener\" target=\"_blank\"><\/p>\n<p>\nJ\u00e4i pienen vauvan kanssa yksin\n<\/p>\n<p class=\"section-date\">\n        <strong class=\"article-section\" data-section=\"kotimaa\"><br \/>\n            kotimaa<br \/>\n        <\/strong><br \/>\n        9.10.2025 10:32\n    <\/p>\n<p>Vauvan kanssa yksin j\u00e4\u00e4neelt\u00e4 Kokkisota-t\u00e4hden ex-puolisolta syd\u00e4nt\u00e4s\u00e4rkev\u00e4 ulostulo\n    <\/p>\n<p itemprop=\"description\" class=\"subtitle \">\n    Mirella kertoo saaneensa lohtua muun muassa teko\u00e4lyst\u00e4.\n<\/p>\n<p>        <\/a><\/p>\n<p class=\"article-content article-content-width !bg-background\">L\u00e4sn\u00e4 olivat my\u00f6s h\u00e4pe\u00e4 sek\u00e4 tunne ep\u00e4onnistumisesta.<\/p>\n<p class=\"article-content article-content-width !bg-background\">\u2013 Varmasti haemme sellaista meid\u00e4n tyylist\u00e4 tapaa toimia yhdess\u00e4 vanhempina, koska t\u00e4m\u00e4 on niin tuore asia, Mirella ruoti IL:lle h\u00e4nen ja Teemun vanhemmuutta.<\/p>\n<p>                <img decoding=\"async\" src=\"https:\/\/www.europesays.com\/fi\/wp-content\/uploads\/2026\/01\/2042415.webp.jpeg\" width=\"576\" height=\"322\" alt=\"MIrella on ottanut osaa my\u00f6s Miss Suomi -kisaan.\" loading=\"lazy\" \/>            <\/p>\n<p>\n            MIrella on ottanut osaa my\u00f6s Miss Suomi -kisaan.<br \/>\n            Ari Lahti\n        <\/p>\n<p>&#8221;Yksi kipeimmist\u00e4 asioista&#8221;<\/p>\n<p class=\"article-content article-content-width !bg-background\">Aiemmin t\u00e4ll\u00e4 viikolla Mirella teki Instagramissa julkaisun, joka oli kaikkea muuta kuin helppo.<\/p>\n<p class=\"article-content article-content-width !bg-background\">Kuvissa Mirella seikkailee yhdess\u00e4 rakkaan Bigi-koiransa kanssa.<\/p>\n<p class=\"article-content article-content-width !bg-background\">Huomio kiinnittyy my\u00f6s tekstiin kuvien yhteydess\u00e4.<\/p>\n<p>        <a itemprop=\"url\" href=\"https:\/\/www.seiska.fi\/kotimaa\/kokkisota-tahden-ex-rakkaalta-raju-avautuminen-erosta-jain-tyton-kanssa-kahdestaan\/1954142\" rel=\"nofollow noopener\" target=\"_blank\"><\/p>\n<p>\nKokkisota-t\u00e4hden ex-rakas\n<\/p>\n<p class=\"section-date\">\n        <strong class=\"article-section\" data-section=\"kotimaa\"><br \/>\n            kotimaa<br \/>\n        <\/strong><br \/>\n        7.10.2025 12:35\n    <\/p>\n<p>Kokkisota-t\u00e4hden ex-rakkaalta raju avautuminen erosta: &#8221;J\u00e4in tyt\u00f6n kanssa kahdestaan&#8221;\n    <\/p>\n<p itemprop=\"description\" class=\"subtitle \">\n    Mirella kertoo j\u00e4\u00e4neens\u00e4 yksin pian lapsen syntym\u00e4n j\u00e4lkeen.\n<\/p>\n<p>        <\/a><\/p>\n<p class=\"article-content article-content-width !bg-background\">\u2013 Kaikkea en ole kertonut t\u00e4st\u00e4 tilanteesta, vaikka rehellinen olen ollut.<\/p>\n<p class=\"article-content article-content-width !bg-background\">Enk\u00e4 oikeastaan edes tied\u00e4, miten t\u00e4m\u00e4n sanoisi.<\/p>\n<p class=\"article-content article-content-width !bg-background\">\u2013 Yksi kipeimmist\u00e4 asioista on kuitenkin ollut tehd\u00e4 tiukka p\u00e4\u00e4t\u00f6s \u2013 luopua Bigist\u00e4. \ud83d\udc94Kun Bigi tuli minulle, tein p\u00e4\u00e4t\u00f6ksen sitoutua h\u00e4neen niin, ett\u00e4 koira kulkisi kaikkialla mukana, ja t\u00e4st\u00e4 pidin kiinni.<\/p>\n<p>&#8221;Oli pakko laittaa omat tunteet sivuun&#8221;<\/p>\n<p class=\"article-content article-content-width !bg-background\">Mirella kertoo, ett\u00e4 h\u00e4n olikin Bigin kanssa erottamaton parivaljakko kuuden vuoden ajan.<\/p>\n<p class=\"article-content article-content-width !bg-background\">H\u00e4n on kuitenkin p\u00e4\u00e4tt\u00e4nyt luopua koirastaan.<\/p>\n<p class=\"article-content article-content-width !bg-background\">\u2013\u00a0P\u00e4\u00e4t\u00f6s teki ja yh\u00e4 tekee kipeet\u00e4, mutta t\u00e4ss\u00e4 kohtaa oli pakko laittaa omat tunteet sivuun ja ajatella tytt\u00e4ren ja Bigin parasta, niin paljon rakastan kumpaakin.<\/p>\n<p>        <a itemprop=\"url\" href=\"https:\/\/www.seiska.fi\/kotimaa\/huippukokki-ja-missirakas-shokkiero-vauvavuonna\/1933073\" rel=\"nofollow noopener\" target=\"_blank\"><\/p>\n<p>\nHuippukokki ja missirakas\n<\/p>\n<p class=\"section-date\">\n        <strong class=\"article-section\" data-section=\"kotimaa\"><br \/>\n            kotimaa<br \/>\n        <\/strong><br \/>\n        7.10.2025 10:53\n    <\/p>\n<p>Huippukokki ja missirakas \u2013 shokkiero vauvavuonna!\n    <\/p>\n<p itemprop=\"description\" class=\"subtitle \">\n    Teemu ja Mirella saivat perheenlis\u00e4yst\u00e4 hein\u00e4kuussa. Nyt julkkispari on eronnut.\n<\/p>\n<p>        <\/a><\/p>\n<p class=\"article-content article-content-width !bg-background\">\u2013 Bigi asuu nyt minun veljell\u00e4ni ja h\u00e4nen puolisollaan (stadikoirasta tuli maalainen). H\u00e4n saa siell\u00e4 rakkautta ja huomiota enemm\u00e4n kuin itse pystyisin antamaan.\u00a0Ik\u00e4v\u00e4 on kova, mutta tied\u00e4n, ett\u00e4 Bigi on hyv\u00e4ss\u00e4 paikassa. \u2764\ufe0f<\/p>\n<p>&#8221;Meiss\u00e4 naisissa on joku ihme voima&#8221;<\/p>\n<p class=\"article-content article-content-width !bg-background\">Lis\u00e4ksi h\u00e4n summaa tekstiss\u00e4\u00e4n \u00e4itiytt\u00e4 ja yksin j\u00e4\u00e4mist\u00e4.<\/p>\n<p class=\"article-content article-content-width !bg-background\">\u2013 Meiss\u00e4 naisissa on joku ihme voima, enk\u00e4 tarkoita pelk\u00e4st\u00e4\u00e4n omaa sis\u00e4ist\u00e4 voimaa, vaan my\u00f6s sit\u00e4, miten suuri voima on, kun naiset yhdist\u00e4v\u00e4t voimansa.<\/p>\n<p>        <a itemprop=\"url\" href=\"https:\/\/www.seiska.fi\/kotimaa\/missikaunotar-ja-aviomies-shokkiero\/1944823\" rel=\"nofollow noopener\" target=\"_blank\"><\/p>\n<p>\nMissikaunotar ja aviomies\n<\/p>\n<p class=\"section-date\">\n        <strong class=\"article-section\" data-section=\"kotimaa\"><br \/>\n            kotimaa<br \/>\n        <\/strong><br \/>\n        30.9.2025 07:00\n    <\/p>\n<p>Missikaunotar ja aviomies: Shokkiero!\n    <\/p>\n<p itemprop=\"description\" class=\"subtitle \">\n    Kolmentoista vuoden suhde tuli p\u00e4\u00e4t\u00f6kseen.\n<\/p>\n<p>        <\/a><\/p>\n<p class=\"article-content article-content-width !bg-background\">\u2013 En osaa edes kertoa, kuinka kiitollinen olen teille kaikille, jotka olette laittaneet viesti\u00e4. Anteeksi, etten kaikkeen ole yh\u00e4 vastannut, mutta ett\u00e4 tied\u00e4tte \u2013 kiitos. \u2764\ufe0f<\/p>\n<p class=\"article-content article-content-width !bg-background\">Mirellan julkaisu on resonoinut, ja monet tutut sek\u00e4 tuntemattomat ovat k\u00e4yneet kommenteissa tsemppaamassa ja kiittelem\u00e4ss\u00e4 h\u00e4nt\u00e4.<\/p>\n","protected":false},"excerpt":{"rendered":"Matti Matikainen Mirellasta on kuoriutunut varsinainen leijonaemo, mutta h\u00e4nkin on kertonut kantaneensa monenlaisia tunteita tilanteesta: muun muassa h\u00e4pe\u00e4\u00e4&hellip;\n","protected":false},"author":2,"featured_media":138646,"comment_status":"","ping_status":"","sticky":false,"template":"","format":"standard","meta":{"footnotes":""},"categories":[136],"tags":[2454,24081,407,137,33,31,30,408,12051,106,32,12052,109,12462],"class_list":{"0":"post-138645","1":"post","2":"type-post","3":"status-publish","4":"format-standard","5":"has-post-thumbnail","7":"category-julkkikset","8":"tag-aitiys","9":"tag-bigi-koira","10":"tag-celebrities","11":"tag-entertainment","12":"tag-fi","13":"tag-finland","14":"tag-finnish","15":"tag-julkkikset","16":"tag-mirella-merivirta","17":"tag-muoti","18":"tag-suomi","19":"tag-teemu-laurell","20":"tag-viihde","21":"tag-yksinhuoltajuus"},"share_on_mastodon":{"url":"https:\/\/pubeurope.com\/@fi\/115871023295764234","error":""},"_links":{"self":[{"href":"https:\/\/www.europesays.com\/fi\/wp-json\/wp\/v2\/posts\/138645","targetHints":{"allow":["GET"]}}],"collection":[{"href":"https:\/\/www.europesays.com\/fi\/wp-json\/wp\/v2\/posts"}],"about":[{"href":"https:\/\/www.europesays.com\/fi\/wp-json\/wp\/v2\/types\/post"}],"author":[{"embeddable":true,"href":"https:\/\/www.europesays.com\/fi\/wp-json\/wp\/v2\/users\/2"}],"replies":[{"embeddable":true,"href":"https:\/\/www.europesays.com\/fi\/wp-json\/wp\/v2\/comments?post=138645"}],"version-history":[{"count":0,"href":"https:\/\/www.europesays.com\/fi\/wp-json\/wp\/v2\/posts\/138645\/revisions"}],"wp:featuredmedia":[{"embeddable":true,"href":"https:\/\/www.europesays.com\/fi\/wp-json\/wp\/v2\/media\/138646"}],"wp:attachment":[{"href":"https:\/\/www.europesays.com\/fi\/wp-json\/wp\/v2\/media?parent=138645"}],"wp:term":[{"taxonomy":"category","embeddable":true,"href":"https:\/\/www.europesays.com\/fi\/wp-json\/wp\/v2\/categories?post=138645"},{"taxonomy":"post_tag","embeddable":true,"href":"https:\/\/www.europesays.com\/fi\/wp-json\/wp\/v2\/tags?post=138645"}],"curies":[{"name":"wp","href":"https:\/\/api.w.org\/{rel}","templated":true}]}}