{"id":138651,"date":"2026-01-10T13:34:14","date_gmt":"2026-01-10T13:34:14","guid":{"rendered":"https:\/\/www.europesays.com\/fi\/138651\/"},"modified":"2026-01-10T13:34:14","modified_gmt":"2026-01-10T13:34:14","slug":"tekstarit-miksi-kouluruoka-ei-voi-olla-normaalisuolaista","status":"publish","type":"post","link":"https:\/\/www.europesays.com\/fi\/138651\/","title":{"rendered":"Tekstarit: Miksi kouluruoka ei voi olla \u201dnormaalisuolaista\u201d?"},"content":{"rendered":"<p>            <a href=\"https:\/\/www.uudenkaupunginsanomat.fi\/wp-content\/uploads\/2025\/05\/tekstarit.jpg\" data-caption=\"kuvituskuva\" rel=\"nofollow noopener\" target=\"_blank\"><img loading=\"lazy\" decoding=\"async\" width=\"696\" height=\"522\" class=\"entry-thumb td-modal-image\" src=\"https:\/\/www.europesays.com\/fi\/wp-content\/uploads\/2026\/01\/tekstarit-696x522.jpg\"   alt=\"\" title=\"tekstarit\"\/><\/a>kuvituskuva<\/p>\n<p><b>Uudenkaupungin Sanomien<\/b> tekstiviestipalstalla puhutaan muun muassa kouluruoasta.<\/p>\n<p>Kyll\u00e4 oli fiksusti kirjoittaneet nuoret lehteen asiaa. My\u00f6s t\u00e4ss\u00e4 kerran menness\u00e4ni Winteriss\u00e4 harrastukseen, ala- tai yl\u00e4koululaiset\u00a0jutteli muutaman sanan toivottivat hyv\u00e4\u00e4 p\u00e4iv\u00e4n jatkoa. Fiksuja nuoria. L\u00e4mmitti syd\u00e4nt\u00e4 ja tuli iloinen mieli.<\/p>\n<p>Miksi kaupunki ei tee hiihtolatua Sorvakon pururadalle?<\/p>\n<p>Olen v\u00e4h\u00e4n harmissani kun Uudenkaupungin kirpputorit eiv\u00e4t ole aamup\u00e4iv\u00e4ll\u00e4 auki.<\/p>\n<p>Kyll\u00e4 nuoret ovat oikeassa. Kouluruoka mautonta. Suola puuttuu ja mausteet. Muuten kyll\u00e4 ok. He s\u00f6isiv\u00e4t\u00a0 varmaan jo maustetta tai edes suolaa, niin ett\u00e4 saa itse lis\u00e4t\u00e4 sit\u00e4. Tied\u00e4n kun olen sy\u00f6nyt kouluruokaa. Parempi vaihtoehto olisi kaupan herkuille, joita hakevat. My\u00f6s v\u00e4lipala, jos pitk\u00e4 koulup\u00e4iv\u00e4. Banaani, omena, smoothie, jokin helppo.<\/p>\n<p>Onko niin, ett\u00e4 asukkaat saavat k\u00e4rsi\u00e4 huonosta j\u00e4tehuollosta, johon kaupungilla on sormensa peliss\u00e4. J\u00e4teastioita tyhjennet\u00e4\u00e4n huonosti esim. bioj\u00e4te, joka on luvattu tyhjent\u00e4\u00e4 kun sulaa, eli pit\u00e4\u00e4k\u00f6 odottaa kes\u00e4kuuta eli tyhj\u00e4st\u00e4 palvelustako maksetaan? Ja miksi pit\u00e4is maksaa kun asioita ei hoideta.<\/p>\n<p>Miksi kouluruoka ei voi olla \u201dnormaalisuolaista\u201d? Pel\u00e4t\u00e4\u00e4nk\u00f6 heid\u00e4n verenpaineensa nousevan? Turha pelko. Pit\u00e4isi huolestua, etteiv\u00e4t sy\u00f6 kouluruokaa. Nim. sairaanhoitaja<\/p>\n<p>T\u00e4m\u00e4n hallituksen aikana hyv\u00e4tuloisten ostovoima kasvaa toisilla heikkenee, ruokajonot sen todistaa.<\/p>\n<p>Edellisess\u00e4 tekstaripalstassa oli kiitokset Pyh\u00e4maan Kauneimmat joululaulutilaisuudesta. Kiitoksesta isoin osa kuuluu ehk\u00e4 Salme ja Erkki Leinolle ja Raili V\u00e4lisalmelle, tilaisuuden mahdollistajille. Kiitos kyll\u00e4 muillekin!<\/p>\n<p>Kouluruokailusta: jos v\u00e4lipalaakin kaivataan, annetaan ruokansa sy\u00f6neille (vanha tapa opetella sy\u00f6m\u00e4\u00e4n lautanen tyhj\u00e4ksi) lautasen palautuksessa lipuke, jolla saa jossain v\u00e4liss\u00e4 v\u00e4lipalaa. Kustannukset\u00a0 nousevat, mutta niin sy\u00f6minenkin.<\/p>\n<p>Pit\u00e4\u00e4k\u00f6 kaikkien kulttuurijuttujenkin nimet lainata naapureista, kuten t\u00e4\u00e4 Alls\u00e5ng p\u00e5 Wintteri. Se on k\u00e4site, mutta k\u00e4sitteeksi tullaan identifioitumalla siihen.<\/p>\n<p>Tekik\u00f6h\u00e4n LSL Tapiola valituksillaan karhunpalveluksen susille? Kun menee sutta pakoon, tuleekin karhu vastaan.<\/p>\n<p>Kiitos vanhasta Ugin Sanomien sivusta!<\/p>\n<p>Eik\u00f6 tosiaan Ugissa ole mit\u00e4 talkooporukkaa, mik\u00e4 askartelee kaiken n\u00e4k\u00f6ist\u00e4 kunnalle laavuja jne. Pyh\u00e4maassa vissiin jotain on? Eik\u00e4 t\u00e4\u00e4ll\u00e4 ole edes palokunnalla muuta kuin h\u00e4lytysryhm\u00e4, miss\u00e4 nais- ja miesryhm\u00e4t?<\/p>\n<p>Ei Ugissa kannata tankata, on niin kallista. Helposti s\u00e4\u00e4st\u00e4\u00e4 25-30c\/litralta kun tankkaa vaikka Mietoisissa Kustavintiell\u00e4 tai Turussa. N\u00e4in itse tehnyt jo pitemm\u00e4n aikaa.<\/p>\n<p>Janhuan kerrostalot alkuvuoden postit jaettu miten sattuu, ilmeisesti ei olla jaksettu jakaa vaan heitetty kasap\u00e4in eri osoitteisiin.<\/p>\n<p>Lastenpsykiatri Sinkkonen on sanonut, ett\u00e4 kasvaminen on pettymyksiin tottumista. Jos kouluruoka on l\u00e4hes joka kerta pettymys, tuskin on kasvattava kokemus.<\/p>\n<p>Suomessa on nyt Euroopan korkein ty\u00f6tt\u00f6myysaste, ja t\u00e4\u00e4ll\u00e4 joku v\u00e4itt\u00e4\u00e4 ostovoiman nousseen?<\/p>\n<p>Hyv\u00e4 ett\u00e4 Sorvakon mustalla kissalla on koti. Hienoa kuitenkin ett\u00e4 ihmiset pit\u00e4v\u00e4t silm\u00e4t auki ja v\u00e4litt\u00e4v\u00e4t.<\/p>\n<p>Hienoa ett\u00e4 Ukissa avataan nyt lauantaina uusi kirpputori\/kahvila. Ilahduttaa sekin, ett\u00e4 se on avoinna my\u00f6s sunnuntaisin. Onnea matkaan!<\/p>\n<p>Etk\u00f6 n\u00e4hnyt torikamerasta, ett\u00e4 l\u00e4hes kaikki kaupunginmiehet olivat torikuusen poistotapahtumassa (osa henkisen\u00e4 tukena). Sen takia aurausta on jouduttu v\u00e4hent\u00e4m\u00e4\u00e4n. Eik\u00e4 ole ehditty niin hyvin auraamaan.<\/p>\n<p>Kenen auto on Ajurinkujalla? Asuuko se siell\u00e4?<\/p>\n<p>Kiitokset Uudenkaupungin sokoksen henkil\u00f6kunnalle, hyv\u00e4\u00e4 palvelua ja edulliset tuotteet.<\/p>\n<p>On tosiaan ristiriitaista ruokkia peuroja asutuksen liepeill\u00e4 ja sitten kauhistella susia samalla alueella. Kummasti se mets\u00e4stysinto hiipuu kun suden sijasta pit\u00e4isi peuroja tappaa.<\/p>\n<p>Sorvakossa tietyt asukkaat ahdistavat ja vainoavat jotkut niin pieneen nurkkaan, ettei siell\u00e4 kauan viihdyt\u00e4. Ja miss\u00e4\u00e4n ei n\u00e4y tyhjien asuntojen vuokrailmoituksia! Hakitsussakin viihtyy enemm\u00e4n, ei kiitos Sorvakolle!<\/p>\n<p>Vuoden paras vitsi? Ps ei syrji ket\u00e4\u00e4n.<\/p>\n<p><a href=\"https:\/\/www.europesays.com\/fi\/wp-content\/uploads\/2026\/01\/tekstarit.jpg\"><img fetchpriority=\"high\" decoding=\"async\" class=\"alignleft size-full wp-image-105647\" src=\"https:\/\/www.europesays.com\/fi\/wp-content\/uploads\/2026\/01\/tekstarit.jpg\" alt=\"\" width=\"900\" height=\"205\"  \/><\/a><\/p>\n","protected":false},"excerpt":{"rendered":"kuvituskuva Uudenkaupungin Sanomien tekstiviestipalstalla puhutaan muun muassa kouluruoasta. Kyll\u00e4 oli fiksusti kirjoittaneet nuoret lehteen asiaa. My\u00f6s t\u00e4ss\u00e4 kerran&hellip;\n","protected":false},"author":2,"featured_media":132753,"comment_status":"","ping_status":"","sticky":false,"template":"","format":"standard","meta":{"footnotes":""},"categories":[76],"tags":[79,77,33,31,30,32,78],"class_list":{"0":"post-138651","1":"post","2":"type-post","3":"status-publish","4":"format-standard","5":"has-post-thumbnail","7":"category-talous","8":"tag-business","9":"tag-economy","10":"tag-fi","11":"tag-finland","12":"tag-finnish","13":"tag-suomi","14":"tag-talous"},"share_on_mastodon":{"url":"https:\/\/pubeurope.com\/@fi\/115871066588162618","error":""},"_links":{"self":[{"href":"https:\/\/www.europesays.com\/fi\/wp-json\/wp\/v2\/posts\/138651","targetHints":{"allow":["GET"]}}],"collection":[{"href":"https:\/\/www.europesays.com\/fi\/wp-json\/wp\/v2\/posts"}],"about":[{"href":"https:\/\/www.europesays.com\/fi\/wp-json\/wp\/v2\/types\/post"}],"author":[{"embeddable":true,"href":"https:\/\/www.europesays.com\/fi\/wp-json\/wp\/v2\/users\/2"}],"replies":[{"embeddable":true,"href":"https:\/\/www.europesays.com\/fi\/wp-json\/wp\/v2\/comments?post=138651"}],"version-history":[{"count":0,"href":"https:\/\/www.europesays.com\/fi\/wp-json\/wp\/v2\/posts\/138651\/revisions"}],"wp:featuredmedia":[{"embeddable":true,"href":"https:\/\/www.europesays.com\/fi\/wp-json\/wp\/v2\/media\/132753"}],"wp:attachment":[{"href":"https:\/\/www.europesays.com\/fi\/wp-json\/wp\/v2\/media?parent=138651"}],"wp:term":[{"taxonomy":"category","embeddable":true,"href":"https:\/\/www.europesays.com\/fi\/wp-json\/wp\/v2\/categories?post=138651"},{"taxonomy":"post_tag","embeddable":true,"href":"https:\/\/www.europesays.com\/fi\/wp-json\/wp\/v2\/tags?post=138651"}],"curies":[{"name":"wp","href":"https:\/\/api.w.org\/{rel}","templated":true}]}}