{"id":138654,"date":"2026-01-10T13:36:07","date_gmt":"2026-01-10T13:36:07","guid":{"rendered":"https:\/\/www.europesays.com\/fi\/138654\/"},"modified":"2026-01-10T13:36:07","modified_gmt":"2026-01-10T13:36:07","slug":"uusi-omistaja-kohtasi-heti-ongelmia-lappeenrannan-nuijamiehessa-jos-vedet-laitettaisiin-paalle-meilla-olisi-uimahalli-etela-karjala","status":"publish","type":"post","link":"https:\/\/www.europesays.com\/fi\/138654\/","title":{"rendered":"Uusi omistaja kohtasi heti ongelmia Lappeenrannan Nuijamiehess\u00e4: \u201dJos vedet laitettaisiin p\u00e4\u00e4lle, meill\u00e4 olisi uimahalli\u201d | Etel\u00e4-Karjala"},"content":{"rendered":"<p class=\"aw-1gybjub aw-5vja16 kEtdKx kmuxyA yle__article__paragraph\">Nuijamies Venue -yrityksen mukaan l\u00e4mmitysj\u00e4rjestelm\u00e4ss\u00e4 on haljennut putki ja vesipumppu on rikki.<\/p>\n<p><img decoding=\"async\" alt=\"Kuvassa Kulttuuritila Nuijamies talvisessa ilmapiiriss\u00e4.\" src=\"https:\/\/www.europesays.com\/fi\/wp-content\/uploads\/2026\/01\/39-15790906960dd5e5362a.jpeg\" class=\"aw-1l9m598 hKVVvP\"\/><\/p>\n<p>Avaa kuvien katselu<\/p>\n<p>Nuijamies vaihtoi omistajaa perjantaina 9. tammikuuta. Kuva: Kare Lehtonen \/ Yle<\/p>\n<p>14:03\u2022P\u00e4ivitetty 15:30<\/p>\n<p class=\"aw-1gybjub aw-1p7kakr kEtdKx cEmitX yle__article__paragraph\">Lappeenrantalaisen Nuijamiehen rakennuksesta on paljastunut teknisi\u00e4 ongelmia, kertoo Nuijamies Venue -yritys <a class=\"aw-iao6s4 iHOxEa yle__article__link\" href=\"https:\/\/www.facebook.com\/nuijamiesvenue\" role=\"link\" rel=\"nofollow noopener\" target=\"_blank\">Facebookissa<\/a> ja Instagramissa.<\/p>\n<p class=\"aw-1gybjub aw-1p7kakr kEtdKx cEmitX yle__article__paragraph\">Entinen elokuvateatteri <a class=\"aw-iao6s4 iHOxEa yle__article__link\" href=\"https:\/\/yle.fi\/a\/74-20203350\" role=\"link\" rel=\"nofollow noopener\" target=\"_blank\">vaihtoi omistajaa<\/a> eilen perjantaina, kun Nuijamies Venue osti rakennuksen Kulttuuritila Nuijamies -yhdistyksen konkurssipes\u00e4lt\u00e4.<\/p>\n<p class=\"aw-1gybjub aw-1p7kakr kEtdKx cEmitX yle__article__paragraph\">Nyt Nuijamies Venue kirjoittaa, ett\u00e4 rakennuksen valkokankaan alla olevassa l\u00e4mmitysj\u00e4rjestelm\u00e4ss\u00e4 on putkia halki ja kiertovesipumppu on mennyt rikki.<\/p>\n<p class=\"aw-1gybjub aw-1p7kakr kEtdKx cEmitX yle__article__paragraph\">\u2013 Jos l\u00e4mm\u00f6t ja vedet laitettaisiin nyt p\u00e4\u00e4lle, meill\u00e4 olisi uimahalli. T\u00e4st\u00e4 ei nyt ihan hevill\u00e4 selvit\u00e4k\u00e4\u00e4n, p\u00e4ivityksess\u00e4 sanotaan.<\/p>\n<p class=\"aw-1gybjub aw-1p7kakr kEtdKx cEmitX yle__article__paragraph\">Nuijamiehen rakennus j\u00e4i kylmilleen marraskuussa. Syyn\u00e4 olivat k\u00e4ytt\u00f6kustannukset, joita edelliselt\u00e4 omistajalta oli maksamatta ja Lappeenrannan osuuspankkitalo katkaisi jakelun.<\/p>\n<p class=\"aw-1gybjub aw-1p7kakr kEtdKx cEmitX yle__article__paragraph\">Nuijamies on vuonna 1954 valmistunut elokuvateatterirakennus, joka on suojeltu asemakaavassa.<\/p>\n<p class=\"aw-1gybjub aw-1p7kakr kEtdKx cEmitX yle__article__paragraph\">Juttu jatkuu upotuksen j\u00e4lkeen.<\/p>\n<p>Aloitus viiv\u00e4styy<\/p>\n<p class=\"aw-1gybjub aw-1p7kakr kEtdKx cEmitX yle__article__paragraph\">Nuijamies Venuen mukaan tekniset ongelmat paljastuivat lauantaina, kun yritys tutki rakennusta yhdess\u00e4 asiantuntijan kanssa.<\/p>\n<p class=\"aw-1gybjub aw-1p7kakr kEtdKx cEmitX yle__article__paragraph\">Luova johtaja <strong class=\"aw-ak79eh KyCXm yle__article__strong\">Kira Pesosen<\/strong> mukaan tarvittavien korjausten laajuutta tai hintaa ei viel\u00e4 tiedet\u00e4. Nuijamies Venue selvitt\u00e4\u00e4 tilannetta yhdess\u00e4 Lappeenrannan osuuspankkitalon kanssa.<\/p>\n<p class=\"aw-1gybjub aw-1p7kakr kEtdKx cEmitX yle__article__paragraph\">Osuuspankkitalo omistaa Nuijamiehen tontin ja viereisen Kino-Aulan, jonka puolelta Nuijamiehen s\u00e4hk\u00f6t, vedet ja l\u00e4mmitys ovat tulleet.<\/p>\n<p class=\"aw-1gybjub aw-1p7kakr kEtdKx cEmitX yle__article__paragraph\">Pesosen mukaan selvitett\u00e4v\u00e4ksi tulee my\u00f6s se, kuinka tarvittavat korjaukset saadaan rahoitettua.<\/p>\n<p class=\"aw-1gybjub aw-1p7kakr kEtdKx cEmitX yle__article__paragraph\">\u2013 Totta kai olemme tienneet, ett\u00e4 rakennus on vanha ja siell\u00e4 voi olla esimerkiksi kupariputkia. T\u00e4llaisessa tapauksessa kustannukset voivat kuitenkin nousta korkealle, Pesonen toteaa.<\/p>\n<p class=\"aw-1gybjub aw-1p7kakr kEtdKx cEmitX yle__article__paragraph\">Pesonen arvioi aiemmin, ett\u00e4 Nuijamies Venue voisi aloittaa toimintansa aikaisintaan helmikuussa, jos kaikki menee hyvin. Nyt aikataulu on kuitenkin auki, ja aloitus tulee viiv\u00e4stym\u00e4\u00e4n toivotusta.<\/p>\n<p class=\"aw-1gybjub aw-1p7kakr kEtdKx cEmitX yle__article__paragraph\">\u2013 Toivotaan, ettei homma kaadu ennen kuin ehdi kunnolla alkaakaan.<\/p>\n","protected":false},"excerpt":{"rendered":"Nuijamies Venue -yrityksen mukaan l\u00e4mmitysj\u00e4rjestelm\u00e4ss\u00e4 on haljennut putki ja vesipumppu on rikki. Avaa kuvien katselu Nuijamies vaihtoi omistajaa&hellip;\n","protected":false},"author":2,"featured_media":138655,"comment_status":"","ping_status":"","sticky":false,"template":"","format":"standard","meta":{"footnotes":""},"categories":[12],"tags":[22,23,1302,26,27,33,31,30,17,17056,1446,24,25,28,29,15,24083,18,21,3639,32,19,20,16],"class_list":{"0":"post-138654","1":"post","2":"type-post","3":"status-publish","4":"format-standard","5":"has-post-thumbnail","7":"category-suomi","8":"tag-breaking-news","9":"tag-breakingnews","10":"tag-etela-karjala","11":"tag-featured-news","12":"tag-featurednews","13":"tag-fi","14":"tag-finland","15":"tag-finnish","16":"tag-headlines","17":"tag-kulttuuritilat","18":"tag-lappeenranta","19":"tag-latest-news","20":"tag-latestnews","21":"tag-main-news","22":"tag-mainnews","23":"tag-news","24":"tag-nuijamies","25":"tag-otsikot","26":"tag-paauutiset","27":"tag-rakennukset","28":"tag-suomi","29":"tag-top-stories","30":"tag-topstories","31":"tag-uutiset"},"share_on_mastodon":{"url":"https:\/\/pubeurope.com\/@fi\/115871074475503577","error":""},"_links":{"self":[{"href":"https:\/\/www.europesays.com\/fi\/wp-json\/wp\/v2\/posts\/138654","targetHints":{"allow":["GET"]}}],"collection":[{"href":"https:\/\/www.europesays.com\/fi\/wp-json\/wp\/v2\/posts"}],"about":[{"href":"https:\/\/www.europesays.com\/fi\/wp-json\/wp\/v2\/types\/post"}],"author":[{"embeddable":true,"href":"https:\/\/www.europesays.com\/fi\/wp-json\/wp\/v2\/users\/2"}],"replies":[{"embeddable":true,"href":"https:\/\/www.europesays.com\/fi\/wp-json\/wp\/v2\/comments?post=138654"}],"version-history":[{"count":0,"href":"https:\/\/www.europesays.com\/fi\/wp-json\/wp\/v2\/posts\/138654\/revisions"}],"wp:featuredmedia":[{"embeddable":true,"href":"https:\/\/www.europesays.com\/fi\/wp-json\/wp\/v2\/media\/138655"}],"wp:attachment":[{"href":"https:\/\/www.europesays.com\/fi\/wp-json\/wp\/v2\/media?parent=138654"}],"wp:term":[{"taxonomy":"category","embeddable":true,"href":"https:\/\/www.europesays.com\/fi\/wp-json\/wp\/v2\/categories?post=138654"},{"taxonomy":"post_tag","embeddable":true,"href":"https:\/\/www.europesays.com\/fi\/wp-json\/wp\/v2\/tags?post=138654"}],"curies":[{"name":"wp","href":"https:\/\/api.w.org\/{rel}","templated":true}]}}