{"id":138660,"date":"2026-01-10T13:46:17","date_gmt":"2026-01-10T13:46:17","guid":{"rendered":"https:\/\/www.europesays.com\/fi\/138660\/"},"modified":"2026-01-10T13:46:17","modified_gmt":"2026-01-10T13:46:17","slug":"telian-mobiiliverkossa-hairioita-mtv-uutiset","status":"publish","type":"post","link":"https:\/\/www.europesays.com\/fi\/138660\/","title":{"rendered":"Telian mobiiliverkossa h\u00e4iri\u00f6it\u00e4 | MTV Uutiset"},"content":{"rendered":"<p>Telian mobiiliverkossa oli sunnuntai-iltana h\u00e4iri\u00f6it\u00e4.<\/p>\n<p>Telian mobiiliverkossa oli sunnuntai-iltana h\u00e4iri\u00f6it\u00e4 laitevian vuoksi puoli yhteen asti y\u00f6ll\u00e4.<\/p>\n<p>Yhti\u00f6 tiedotti asiasta kello 20.30 sunnuntai-iltana.<\/p>\n<p>Osa puheluista ja mobiilidatasta toimi ep\u00e4vakaasti.<\/p>\n<p>H\u00e4t\u00e4keskuspuhelut toimivat yhti\u00f6n mukaan koko ajan normaalisti.<\/p>\n<p>\u00a0Telian viestint\u00e4p\u00e4\u00e4llikk\u00f6 <strong class=\"typography-bold\">Timo Launonen<\/strong> kertoo yhti\u00f6ll\u00e4 olevan laitevika, joka vaikuttaa valtakunnallisesti, mutta vaikutukset n\u00e4kyv\u00e4t asiakkaiden p\u00e4\u00e4ss\u00e4 satunnaisesti.<\/p>\n<p>\u2013\u2009 Ymm\u00e4rt\u00e4\u00e4kseni n\u00e4kyy asiakkaille siten, ett\u00e4 mobiiliverkossa voi p\u00e4tki\u00e4 nettiyhteys ja voi ilmenty\u00e4 hitautena, Launonen sanoo STT:lle.<\/p>\n<p>Tilanne n\u00e4ytt\u00e4\u00e4 kohentuneen, kun tietoliikennett\u00e4 uudelleenohjattiin, Launonen kertoo STT:lle.\u00a0<\/p>\n<p>Puoli yhdelt\u00e4 y\u00f6ll\u00e4 yhti\u00f6 tiedotti, ett\u00e4 vika on saatu korjattua ja verkko toimii normaalisti.<\/p>\n<p>\u2013 Tilanne koheni hieman ennen kymment\u00e4 illalla verkkoon tehtyjen muutosten my\u00f6t\u00e4, ja vioittunut laite saatiin vaihdettua kello 23.45, mink\u00e4 j\u00e4lkeen palvelut alkoivat palautua normaaliksi, yhti\u00f6 tiedottaa.<\/p>\n","protected":false},"excerpt":{"rendered":"Telian mobiiliverkossa oli sunnuntai-iltana h\u00e4iri\u00f6it\u00e4. Telian mobiiliverkossa oli sunnuntai-iltana h\u00e4iri\u00f6it\u00e4 laitevian vuoksi puoli yhteen asti y\u00f6ll\u00e4. Yhti\u00f6 tiedotti&hellip;\n","protected":false},"author":2,"featured_media":138661,"comment_status":"","ping_status":"","sticky":false,"template":"","format":"standard","meta":{"footnotes":""},"categories":[87],"tags":[33,31,30,148,32,91,92],"class_list":{"0":"post-138660","1":"post","2":"type-post","3":"status-publish","4":"format-standard","5":"has-post-thumbnail","7":"category-internet","8":"tag-fi","9":"tag-finland","10":"tag-finnish","11":"tag-internet","12":"tag-suomi","13":"tag-technology","14":"tag-teknologia"},"share_on_mastodon":{"url":"https:\/\/pubeurope.com\/@fi\/115871113743161197","error":""},"_links":{"self":[{"href":"https:\/\/www.europesays.com\/fi\/wp-json\/wp\/v2\/posts\/138660","targetHints":{"allow":["GET"]}}],"collection":[{"href":"https:\/\/www.europesays.com\/fi\/wp-json\/wp\/v2\/posts"}],"about":[{"href":"https:\/\/www.europesays.com\/fi\/wp-json\/wp\/v2\/types\/post"}],"author":[{"embeddable":true,"href":"https:\/\/www.europesays.com\/fi\/wp-json\/wp\/v2\/users\/2"}],"replies":[{"embeddable":true,"href":"https:\/\/www.europesays.com\/fi\/wp-json\/wp\/v2\/comments?post=138660"}],"version-history":[{"count":0,"href":"https:\/\/www.europesays.com\/fi\/wp-json\/wp\/v2\/posts\/138660\/revisions"}],"wp:featuredmedia":[{"embeddable":true,"href":"https:\/\/www.europesays.com\/fi\/wp-json\/wp\/v2\/media\/138661"}],"wp:attachment":[{"href":"https:\/\/www.europesays.com\/fi\/wp-json\/wp\/v2\/media?parent=138660"}],"wp:term":[{"taxonomy":"category","embeddable":true,"href":"https:\/\/www.europesays.com\/fi\/wp-json\/wp\/v2\/categories?post=138660"},{"taxonomy":"post_tag","embeddable":true,"href":"https:\/\/www.europesays.com\/fi\/wp-json\/wp\/v2\/tags?post=138660"}],"curies":[{"name":"wp","href":"https:\/\/api.w.org\/{rel}","templated":true}]}}