{"id":138662,"date":"2026-01-10T13:49:07","date_gmt":"2026-01-10T13:49:07","guid":{"rendered":"https:\/\/www.europesays.com\/fi\/138662\/"},"modified":"2026-01-10T13:49:07","modified_gmt":"2026-01-10T13:49:07","slug":"jattiyllatys-sm-hiihdoissa-ilta-sanomat","status":"publish","type":"post","link":"https:\/\/www.europesays.com\/fi\/138662\/","title":{"rendered":"J\u00e4ttiyll\u00e4tys SM-hiihdoissa &#8211; Ilta-Sanomat"},"content":{"rendered":"<ol>\n<li><a href=\"https:\/\/news.google.com\/rss\/articles\/CBMiYkFVX3lxTFA0cHU0VlcxNjBvNW1Bd3ZNVmxxWkUzUTZMU0hBa09oOC1BRmZ3VXVkVTNVNzZxLW1La2c3YnpsMFVPLTJuWW53R1FETW1Qc3BMVk9XY2dfeV9tWU5MR2t5QS1B?oc=5\" target=\"_blank\" rel=\"nofollow noopener\">J\u00e4ttiyll\u00e4tys SM-hiihdoissa<\/a>&nbsp;&nbsp;Ilta-Sanomat<\/li>\n<li><a href=\"https:\/\/news.google.com\/rss\/articles\/CBMiY0FVX3lxTE5VSEZIVHlMSFJGamtQTzl2d0xfSWlYbjFYem9DY0xDQ3RUcTQydVNFdzZydWpfbVRBWHVSRWlZUXZ3OTAwdTRXcDlYdy1KNFRxX0RpckdhalJUUFZTWTVnTjQ0VQ?oc=5\" target=\"_blank\" rel=\"nofollow noopener\">Melkoinen yll\u00e4tysmestari Kuopion SM-hiihdoissa \u201dEn osannut odottaa\u201d<\/a>&nbsp;&nbsp;Ilta-Sanomat<\/li>\n<li><a href=\"https:\/\/news.google.com\/rss\/articles\/CBMiggFBVV95cUxQdUdoQjB1aUx2Q3ZhOTdxZVo5MHZUSzNMZjNFTUt5VGZfN29ETkFVNnM4TG81MzczRElZOUhTU3pLTU5XZWE3X3lDT0RWRU10aWVqeVFtZ3pEbVpPSUJYeEtTMmU0OWgtcnNGaGJ3Y3dXUTQ5MXNhNDhhV0FRbENrZkh3?oc=5\" target=\"_blank\" rel=\"nofollow noopener\">Tuore Suomen mestari pudotti uutispommin Ylelle: Ura p\u00e4\u00e4ttym\u00e4ss\u00e4<\/a>&nbsp;&nbsp;Iltalehti<\/li>\n<li><a href=\"https:\/\/news.google.com\/rss\/articles\/CBMiQkFVX3lxTE9WVEdxVUc5ZGdjdG55a0JId1dUQ3hCR19hMnNlVm13dG9vRmc5TXFLd0FwaG9vYV9VSkNpMkhhSXZSdw?oc=5\" target=\"_blank\" rel=\"nofollow noopener\">Emil Liekarilta rajua teksti\u00e4 huippuhiihtonsa j\u00e4lkeen \u2013 n\u00e4p\u00e4ytti my\u00f6s kriittisi\u00e4 sohvaperunoita<\/a>&nbsp;&nbsp;Yle<\/li>\n<li><a href=\"https:\/\/news.google.com\/rss\/articles\/CBMibkFVX3lxTE9XRzN5aGVlUXVxdjhFOXBTNjZLRWRyY1hwTXNDMnJFTUpFcmZ6bmthMm5Ld2hvUWVXN0I3V1g3OE9Sa3JUT3c4SmE0NEZVbXg3R19rTmduV1d0WklhTDBVbDhrVGxBdHZ1LXBRTVhn?oc=5\" target=\"_blank\" rel=\"nofollow noopener\">Hiihto | J\u00e4ttiyll\u00e4tys SM-hiihdoissa \u2013 mestaruus Satakuntaan<\/a>&nbsp;&nbsp;Satakunnan Kansa<\/li>\n<\/ol>\n","protected":false},"excerpt":{"rendered":"J\u00e4ttiyll\u00e4tys SM-hiihdoissa&nbsp;&nbsp;Ilta-Sanomat Melkoinen yll\u00e4tysmestari Kuopion SM-hiihdoissa \u201dEn osannut odottaa\u201d&nbsp;&nbsp;Ilta-Sanomat Tuore Suomen mestari pudotti uutispommin Ylelle: Ura p\u00e4\u00e4ttym\u00e4ss\u00e4&nbsp;&nbsp;Iltalehti Emil&hellip;\n","protected":false},"author":2,"featured_media":138663,"comment_status":"","ping_status":"","sticky":false,"template":"","format":"standard","meta":{"footnotes":""},"categories":[136],"tags":[407,137,33,31,30,34,408,32,109],"class_list":{"0":"post-138662","1":"post","2":"type-post","3":"status-publish","4":"format-standard","5":"has-post-thumbnail","7":"category-julkkikset","8":"tag-celebrities","9":"tag-entertainment","10":"tag-fi","11":"tag-finland","12":"tag-finnish","13":"tag-ilta-sanomat","14":"tag-julkkikset","15":"tag-suomi","16":"tag-viihde"},"share_on_mastodon":{"url":"https:\/\/pubeurope.com\/@fi\/115871125495998887","error":""},"_links":{"self":[{"href":"https:\/\/www.europesays.com\/fi\/wp-json\/wp\/v2\/posts\/138662","targetHints":{"allow":["GET"]}}],"collection":[{"href":"https:\/\/www.europesays.com\/fi\/wp-json\/wp\/v2\/posts"}],"about":[{"href":"https:\/\/www.europesays.com\/fi\/wp-json\/wp\/v2\/types\/post"}],"author":[{"embeddable":true,"href":"https:\/\/www.europesays.com\/fi\/wp-json\/wp\/v2\/users\/2"}],"replies":[{"embeddable":true,"href":"https:\/\/www.europesays.com\/fi\/wp-json\/wp\/v2\/comments?post=138662"}],"version-history":[{"count":0,"href":"https:\/\/www.europesays.com\/fi\/wp-json\/wp\/v2\/posts\/138662\/revisions"}],"wp:featuredmedia":[{"embeddable":true,"href":"https:\/\/www.europesays.com\/fi\/wp-json\/wp\/v2\/media\/138663"}],"wp:attachment":[{"href":"https:\/\/www.europesays.com\/fi\/wp-json\/wp\/v2\/media?parent=138662"}],"wp:term":[{"taxonomy":"category","embeddable":true,"href":"https:\/\/www.europesays.com\/fi\/wp-json\/wp\/v2\/categories?post=138662"},{"taxonomy":"post_tag","embeddable":true,"href":"https:\/\/www.europesays.com\/fi\/wp-json\/wp\/v2\/tags?post=138662"}],"curies":[{"name":"wp","href":"https:\/\/api.w.org\/{rel}","templated":true}]}}