{"id":138664,"date":"2026-01-10T13:53:07","date_gmt":"2026-01-10T13:53:07","guid":{"rendered":"https:\/\/www.europesays.com\/fi\/138664\/"},"modified":"2026-01-10T13:53:07","modified_gmt":"2026-01-10T13:53:07","slug":"the-doors-muusikot-intoutuivat-versioimaan-yhtyeen-klassikkoa-kyseessa-ei-olekaan-mikaan-ihan-tavanomainen-cover","status":"publish","type":"post","link":"https:\/\/www.europesays.com\/fi\/138664\/","title":{"rendered":"The Doors -muusikot intoutuivat versioimaan yhtyeen klassikkoa &#8211; kyseess\u00e4 ei olekaan mik\u00e4\u00e4n ihan tavanomainen cover"},"content":{"rendered":"<p>The Doorsin elossa olevat j\u00e4senet Robby Krieger ja John Densmore ovat yksiss\u00e4 tuumin p\u00e4\u00e4tt\u00e4neet luoda uuden version yhtyeen Riders on the Storm -klassikosta. Aivan tavanomaisesta cover-esityksest\u00e4 ei ole kyse, sill\u00e4 mukana on muusikoita ja instrumentteja eri puolilta maailmaa.<\/p>\n<p>\u00c4\u00e4neen p\u00e4\u00e4sev\u00e4t muun muassa Lukas Nelson, Micah Nelson, Don Was, Foo Fightersin Rami Jaffee, Sierra Ferrell sek\u00e4 Aaron White. Instrumentteina kuullaan niinkin eksoottisia vempeleit\u00e4 kuin harmonikansukuista bandone\u00f3nia sek\u00e4\u00a0vanhaa kunnon didgeridoota.<\/p>\n<p>Tempaus on osa musiikki- ja taidekoulutusta edist\u00e4v\u00e4n Playing for Change Foundation -j\u00e4rjest\u00f6n Songs Around the World -projektia.<\/p>\n<p>\u201dLukas Nelson t\u00e4ytti Jim Morrisonin nahkahousut oikein mainiosti\u201d, Densmore hehkuttaa Nelsonin laulusuoritusta. \u201d[Edesmennyt The Doors -kosketinsoittaja] Ray [Manzarek] olisi ylpe\u00e4 tavasta mill\u00e4 Rami Jaffee kanavoi h\u00e4nt\u00e4 pianosoolossa. [Playing for Change -perustaja] Mark Johnson ideoi kauniin videon.\u201d<\/p>\n<p>\u201dMinulle merkitsee paljon n\u00e4hd\u00e4 muusikoita eri kulttuureista yhdist\u00e4m\u00e4ss\u00e4 voimansa t\u00e4m\u00e4n kappaleen parissa\u201d, Krieger lis\u00e4\u00e4.<\/p>\n<p>Katso ja kuuntele alta.<\/p>\n<p><img loading=\"lazy\" decoding=\"async\" alt=\"YouTube video\" width=\"480\" height=\"360\" data-pin-nopin=\"true\" nopin=\"nopin\" class=\"perfmatters-lazy\" src=\"https:\/\/www.europesays.com\/fi\/wp-content\/uploads\/2026\/01\/1768053187_573_hqdefault.jpg\"\/><\/p>\n<p>Lue my\u00f6s: <a href=\"https:\/\/www.soundi.fi\/uutiskirje\/\" title=\"Tilaa Soundin uutiskirje\" class=\"underline-custom !font-montserrat !font-bold !underline-offset-4 !decoration-4 !decoration-red-600 !text-md\" rel=\"nofollow noopener\" target=\"_blank\">Tilaa Soundin uutiskirje ja tied\u00e4t mist\u00e4 kahvitauolla puhutaan! Nappaa ajankohtaiset musiikin uutiset ja puheenaiheet suoraan s\u00e4hk\u00f6postiin t\u00e4st\u00e4.<\/a><\/p>\n","protected":false},"excerpt":{"rendered":"The Doorsin elossa olevat j\u00e4senet Robby Krieger ja John Densmore ovat yksiss\u00e4 tuumin p\u00e4\u00e4tt\u00e4neet luoda uuden version yhtyeen&hellip;\n","protected":false},"author":2,"featured_media":138665,"comment_status":"","ping_status":"","sticky":false,"template":"","format":"standard","meta":{"footnotes":""},"categories":[132],"tags":[137,33,31,30,195,47,32,109],"class_list":{"0":"post-138664","1":"post","2":"type-post","3":"status-publish","4":"format-standard","5":"has-post-thumbnail","7":"category-musiikki","8":"tag-entertainment","9":"tag-fi","10":"tag-finland","11":"tag-finnish","12":"tag-music","13":"tag-musiikki","14":"tag-suomi","15":"tag-viihde"},"share_on_mastodon":{"url":"https:\/\/pubeurope.com\/@fi\/115871141265722654","error":""},"_links":{"self":[{"href":"https:\/\/www.europesays.com\/fi\/wp-json\/wp\/v2\/posts\/138664","targetHints":{"allow":["GET"]}}],"collection":[{"href":"https:\/\/www.europesays.com\/fi\/wp-json\/wp\/v2\/posts"}],"about":[{"href":"https:\/\/www.europesays.com\/fi\/wp-json\/wp\/v2\/types\/post"}],"author":[{"embeddable":true,"href":"https:\/\/www.europesays.com\/fi\/wp-json\/wp\/v2\/users\/2"}],"replies":[{"embeddable":true,"href":"https:\/\/www.europesays.com\/fi\/wp-json\/wp\/v2\/comments?post=138664"}],"version-history":[{"count":0,"href":"https:\/\/www.europesays.com\/fi\/wp-json\/wp\/v2\/posts\/138664\/revisions"}],"wp:featuredmedia":[{"embeddable":true,"href":"https:\/\/www.europesays.com\/fi\/wp-json\/wp\/v2\/media\/138665"}],"wp:attachment":[{"href":"https:\/\/www.europesays.com\/fi\/wp-json\/wp\/v2\/media?parent=138664"}],"wp:term":[{"taxonomy":"category","embeddable":true,"href":"https:\/\/www.europesays.com\/fi\/wp-json\/wp\/v2\/categories?post=138664"},{"taxonomy":"post_tag","embeddable":true,"href":"https:\/\/www.europesays.com\/fi\/wp-json\/wp\/v2\/tags?post=138664"}],"curies":[{"name":"wp","href":"https:\/\/api.w.org\/{rel}","templated":true}]}}