{"id":138672,"date":"2026-01-10T14:01:08","date_gmt":"2026-01-10T14:01:08","guid":{"rendered":"https:\/\/www.europesays.com\/fi\/138672\/"},"modified":"2026-01-10T14:01:08","modified_gmt":"2026-01-10T14:01:08","slug":"tallainen-oli-renee-nicole-good-jonka-ice-agentti-ampui-nyt-mielenosoittajat-kantavat-hanen-kuviaan-kaduilla-ulkomaat","status":"publish","type":"post","link":"https:\/\/www.europesays.com\/fi\/138672\/","title":{"rendered":"T\u00e4llainen oli Renee Nicole Good, jonka ICE-agentti ampui \u2013 nyt mielenosoittajat kantavat h\u00e4nen kuviaan kaduilla | Ulkomaat"},"content":{"rendered":"<ul class=\"aw-1jjocuh iJTSwP yle__article__list yle__article__list--ul\">\n<li class=\"aw-1j7gwms gNYKfi\">Renee Nicole Good, 37, kuoli ICE-agentin luodeista Minneapolisissa, mik\u00e4 on johtanut laajoihin mielenosoituksiin.<\/li>\n<li class=\"aw-1j7gwms gNYKfi\">Good oli Yhdysvaltain kansalainen ja kolmen lapsen \u00e4iti.<\/li>\n<li class=\"aw-1j7gwms gNYKfi\">FBI tutkii tapausta, mutta tutkinnan avoimuutta on ep\u00e4ilty.<\/li>\n<\/ul>\n<p class=\"aw-1gybjub aw-1p7kakr kEtdKx cEmitX yle__article__paragraph\">Yhdysvaltain ICE-agentin ampuma <strong class=\"aw-ak79eh KyCXm yle__article__strong\">Renee Nicole Good<\/strong> on noussut kuolemansa j\u00e4lkeen hahmoksi, joka yhdist\u00e4\u00e4 liittovaltion maahanmuuttoviranomaisten vallank\u00e4ytt\u00f6\u00e4 vastustavia mielenosoittajia useissa kaupungeissa.<\/p>\n<p class=\"aw-1gybjub aw-1p7kakr kEtdKx cEmitX yle__article__paragraph\">Mielenosoitukset ovat jatkuneet muun muassa Minneapolisissa tapahtumapaikan l\u00e4hell\u00e4 uutissivusto <a class=\"aw-iao6s4 iHOxEa yle__article__link\" href=\"https:\/\/edition.cnn.com\/us\/live-news\/minneapolis-ice-shooting-01-08-26?post-id=cmk5z4me6000u3b6p3buinkq3\" role=\"link\" rel=\"nofollow noopener\" target=\"_blank\">CNN<\/a>:n mukaan.<\/p>\n<p class=\"aw-1gybjub aw-1p7kakr kEtdKx cEmitX yle__article__paragraph\">Vihaiset ja surulliset ihmiset ovat tuoneet Goodin kuvia my\u00f6s Chicagon, Washington DC:n, Illinoisin ja New Yorkin kaduille.<\/p>\n<p class=\"aw-1gybjub aw-1p7kakr kEtdKx cEmitX yle__article__paragraph\">Mielenosoitusten j\u00e4rjest\u00e4jien mukaan viikonlopuksi on suunniteltu yli tuhat mielenosoitusta eri puolille Yhdysvaltoja.<\/p>\n<p class=\"aw-1gybjub aw-1p7kakr kEtdKx cEmitX yle__article__paragraph\">Niiss\u00e4 vaaditaan loppua presidentti <strong class=\"aw-ak79eh KyCXm yle__article__strong\">Donald Trumpin<\/strong> m\u00e4\u00e4r\u00e4\u00e4mille ICE:n eli maahanmuutto- ja tulliviranomaisten operaatioille, jotka ovat kohdistuneet moniin demokraattijohtoisiin kaupunkeihin.<\/p>\n<p>Mielenosoittajat ovat huolissaan liittovaltion viranomaisten kovenevista otteista Minnesotassa.\u201dMeill\u00e4 oli pillit, heill\u00e4 oli aseet\u201d<\/p>\n<p class=\"aw-1gybjub aw-1p7kakr kEtdKx cEmitX yle__article__paragraph\">37-vuotias Good kuoli <a class=\"aw-iao6s4 iHOxEa yle__article__link\" href=\"https:\/\/yle.fi\/a\/74-20203240\" role=\"link\" rel=\"nofollow noopener\" target=\"_blank\">keskiviikkona<\/a> l\u00e4hell\u00e4 omaa kotiaan. <a class=\"aw-iao6s4 iHOxEa yle__article__link\" href=\"https:\/\/edition.cnn.com\/2026\/01\/08\/us\/renee-nicole-good-minneapolis-ice-shooting-hnk\" role=\"link\" rel=\"nofollow noopener\" target=\"_blank\">CNN:n<\/a> haastattelemat naapurit muistavat h\u00e4net \u201dtervetulleena yhteis\u00f6n j\u00e4senen\u00e4\u201d ja ovat pahoillaan Goodin lasten puolesta, joiden \u00e4iti ei en\u00e4\u00e4 tule kotiin.<\/p>\n<p class=\"aw-1gybjub aw-1p7kakr kEtdKx cEmitX yle__article__paragraph\">Kuusi vuotta sitten samalla alueella kuoli my\u00f6s <strong class=\"aw-ak79eh KyCXm yle__article__strong\">George Floyd<\/strong>, joka niin ik\u00e4\u00e4n menehtyi virnaomaisten voimank\u00e4yt\u00f6n johdosta. T\u00e4st\u00e4 syntyi <a class=\"aw-iao6s4 iHOxEa yle__article__link\" href=\"https:\/\/yle.fi\/a\/74-20164282\" role=\"link\" rel=\"nofollow noopener\" target=\"_blank\">Black lives matter -kansanliike<\/a>, jonka tarkoitus oli kiinnitt\u00e4\u00e4 huomio viranomaisten v\u00e4kivaltaan.<\/p>\n<p class=\"aw-1gybjub aw-1p7kakr kEtdKx cEmitX yle__article__paragraph\">Goodin naapurin <strong class=\"aw-ak79eh KyCXm yle__article__strong\">Kimmy Hullin<\/strong> mukaan naapurusto oppi silloin tukemaan toisiaan, kuten yhteis\u00f6 tekee my\u00f6s nyt Goodin ampumisen j\u00e4lkeen.<\/p>\n<p class=\"aw-1gybjub aw-1p7kakr kEtdKx cEmitX yle__article__paragraph\">Renee Goodin vaimo, <strong class=\"aw-ak79eh KyCXm yle__article__strong\">Rebecca Good<\/strong>, oli paikalla, kun Good ammuttiin.<\/p>\n<p class=\"aw-1gybjub aw-1p7kakr kEtdKx cEmitX yle__article__paragraph\">Pariskunta oli muuttanut Minneapolisiin vuosi sitten. Yst\u00e4vien mukaan he viettiv\u00e4t rauhallista el\u00e4m\u00e4\u00e4, johon ei kuulunut n\u00e4kyv\u00e4\u00e4 aktivismia.<\/p>\n<p class=\"aw-1gybjub aw-1p7kakr kEtdKx cEmitX yle__article__paragraph\">Rebecca Good on kuitenkin sanonut, ett\u00e4 h\u00e4nen edesmennyt vaimonsa oli \u201dpys\u00e4htynyt tukemaan naapureitaan\u201d, kun h\u00e4net ammuttiin.<\/p>\n<p class=\"aw-1gybjub aw-1p7kakr kEtdKx cEmitX yle__article__paragraph\">\u2013 Meill\u00e4 oli pillit, heill\u00e4 oli aseet, h\u00e4n sanoo <a class=\"aw-iao6s4 iHOxEa yle__article__link\" href=\"https:\/\/www.washingtonpost.com\/nation\/2026\/01\/09\/ice-shooting-victim-minneapolis\/\" role=\"link\" rel=\"nofollow noopener\" target=\"_blank\">Washington Post -lehdess\u00e4<\/a>.<\/p>\n<p><img decoding=\"async\" alt=\"Henkil\u00f6 pitelee banderollia, jossa on Renee Nicole Goodin kuva ja teksti &quot;Justice for Renee! Murdered by ICE!&quot;\" src=\"https:\/\/www.europesays.com\/fi\/wp-content\/uploads\/2026\/01\/39-15795016962041bd261d.jpeg\" loading=\"lazy\" class=\"aw-1l9m598 hKVVvP\"\/><\/p>\n<p>Avaa kuvien katselu<\/p>\n<p>Minneapolisissa muistetaan Renee Nicole Goodin ampuminen. Kuva: Peter Zay \/ AOP<img decoding=\"async\" alt=\"Banderolli, jossa Renee Nicole Goodin kuva ja teksti Justice for Renee Nicole Good. Party for socialism and liberartion&quot;.\" src=\"https:\/\/www.europesays.com\/fi\/wp-content\/uploads\/2026\/01\/39-15795026962041c2f663.jpeg\" loading=\"lazy\" class=\"aw-1l9m598 hKVVvP\"\/><\/p>\n<p>Avaa kuvien katselu<\/p>\n<p>Mielenosoittajat vaativat oikeutta Goodille Chicagossa. Kuva: Jacek Boczarski \/ AOPKristitty, runoilija ja \u00e4iti<\/p>\n<p class=\"aw-1gybjub aw-1p7kakr kEtdKx cEmitX yle__article__paragraph\">Renee Good oli Yhdysvaltain kansalainen ja kolmen lapsen \u00e4iti.<\/p>\n<p class=\"aw-1gybjub aw-1p7kakr kEtdKx cEmitX yle__article__paragraph\">L\u00e4heiset kertovat h\u00e4nen olleen kristitty, jolle uskonto oli t\u00e4rke\u00e4 asia. H\u00e4n oli palkittu runoilija, joka harrasti laulua ja kitaran soittoa.<\/p>\n<p class=\"aw-1gybjub aw-1p7kakr kEtdKx cEmitX yle__article__paragraph\">Good varttui Colorado Springsiss\u00e4. H\u00e4n siell\u00e4 koulua, jossa lauloi kuorossa. My\u00f6hemmin h\u00e4n opiskeli luovaa kirjoittamista ja englannin kielt\u00e4 yliopistossa Virginiassa.<\/p>\n<p class=\"aw-1gybjub aw-1p7kakr kEtdKx cEmitX yle__article__paragraph\">H\u00e4nt\u00e4 opettanut professori <strong class=\"aw-ak79eh KyCXm yle__article__strong\">Kent Wascom<\/strong> kertoo, ett\u00e4 Good oli vanhempi kuin monet opiskelijatoverinsa, odotti kolmatta lastaan ja teki kovasti t\u00f6it\u00e4 esimerkiksi hammasl\u00e4\u00e4k\u00e4rin vastaanotolla maksaakseen opintonsa.<\/p>\n<p class=\"aw-1gybjub aw-1p7kakr kEtdKx cEmitX yle__article__paragraph\">Professori muistaa Goodin l\u00e4mminhenkisen\u00e4 ihmisen\u00e4, joka ei koskaan tehnyt numeroa itsest\u00e4\u00e4n. H\u00e4n oli opiskelijayhteis\u00f6n yhdist\u00e4v\u00e4 voima ja yritti tukea muita.<\/p>\n<p class=\"aw-1gybjub aw-1p7kakr kEtdKx cEmitX yle__article__paragraph\">Renee Good ehti olla naimisissa kahden miehen kanssa ennen suhdettaan Rebecca Goodiin. Ensimm\u00e4inen liitto p\u00e4\u00e4ttyi eroon, j\u00e4lkimm\u00e4inen miehen kuolemaan.<\/p>\n<p class=\"aw-1gybjub aw-1p7kakr kEtdKx cEmitX yle__article__paragraph\">Leskeksi j\u00e4\u00e4ty\u00e4\u00e4n Good oli p\u00e4\u00e4asiassa koti\u00e4iti. H\u00e4nell\u00e4 oli 6-, 12-, ja 15-vuotiaat lapset.<\/p>\n<p><img decoding=\"async\" alt=\"Renee Nicole Goodin kuva graniittipylv\u00e4\u00e4ss\u00e4, kuvan alla teksti &quot;Murdered by Trump and ICE&quot;.\" src=\"https:\/\/www.europesays.com\/fi\/wp-content\/uploads\/2026\/01\/39-157949869620419c0f8f.jpeg\" loading=\"lazy\" class=\"aw-1l9m598 hKVVvP\"\/><\/p>\n<p>Avaa kuvien katselu<\/p>\n<p>Mielenosoittajat j\u00e4ttiv\u00e4t marssinsa j\u00e4lkeen Goodin kuvan ja kukkia New Yorkin Washington Square Parkiin. Kuva: Olga Fedorova \/ EPAMit\u00e4 videot kertovat?<\/p>\n<p class=\"aw-1gybjub aw-1p7kakr kEtdKx cEmitX yle__article__paragraph\">ICE on tehnyt laajoja operaatiota useissa kaupungeissa karkottaakseen maassa luvattomasti olevia maahanmuuttajia. Liittovaltion viranomaisten partiointi on her\u00e4tt\u00e4nyt laajaa vastusta paikallisten asukkaiden keskuudessa.<\/p>\n<p class=\"aw-1gybjub aw-1p7kakr kEtdKx cEmitX yle__article__paragraph\">Good kuoli ICE-agentin luoteihin keskiviikkona Minneapolisissa v\u00e4likohtauksessa, jossa liittovaltion maahanmuuttoviranomaiset k\u00e4skiv\u00e4t h\u00e4nt\u00e4 nousemaan autosta, mutta h\u00e4n ei noudattanut k\u00e4sky\u00e4.<\/p>\n<p class=\"aw-1gybjub aw-1p7kakr kEtdKx cEmitX yle__article__paragraph\">Goodin kuolemaa edelt\u00e4vist\u00e4 hetkist\u00e4 liikkuu ristiriitaista tietoa. Toiset v\u00e4itt\u00e4v\u00e4t h\u00e4nen ajaneen ICE-agenttia kohti autollaan, toiset v\u00e4itt\u00e4v\u00e4t h\u00e4nen yritt\u00e4neen poistua paikalta.<\/p>\n<p class=\"aw-1gybjub aw-1p7kakr kEtdKx cEmitX yle__article__paragraph\">Tapahtumasta on my\u00f6s useita <a class=\"aw-iao6s4 iHOxEa yle__article__link\" href=\"https:\/\/yle.fi\/a\/74-20203094\" role=\"link\" rel=\"nofollow noopener\" target=\"_blank\">videotallenteita<\/a>, joita yhdysvaltalaiset mediat ovat yritt\u00e4neet tulkita. Yksi niist\u00e4 on Goodin ampuneen ICE-agentin, <strong class=\"aw-ak79eh KyCXm yle__article__strong\">Jonathan Rossin<\/strong>, omalla puhelimella <a class=\"aw-iao6s4 iHOxEa yle__article__link\" href=\"https:\/\/yle.fi\/a\/74-20203502\" role=\"link\" rel=\"nofollow noopener\" target=\"_blank\">kuvattu<\/a>. Sen perusteella ei voi sanoa, osuiko Goodin auto agenttiin, mutta aiemmin julkisuudessa n\u00e4hty sivullisen kuvaama video osoittaa, ett\u00e4 auto on saattanut osua mieheen.<\/p>\n<p class=\"aw-1gybjub aw-1p7kakr kEtdKx cEmitX yle__article__paragraph\">Yhdell\u00e4 <a class=\"aw-iao6s4 iHOxEa yle__article__link\" href=\"https:\/\/yle.fi\/a\/74-20203094\" role=\"link\" rel=\"nofollow noopener\" target=\"_blank\">videolla<\/a> kuitenkin n\u00e4kyy, ett\u00e4 Ross k\u00e4velee ampumisen j\u00e4lkeen, eik\u00e4 n\u00e4yt\u00e4 silt\u00e4, ett\u00e4 h\u00e4n olisi loukkaantunut, jos auto h\u00e4neen osui.<\/p>\n<p><img decoding=\"async\" alt=\"Mielenosoittajia, yhdell\u00e4 kuva jossa lukee &quot;Justice for Renee Nicole Good&quot;.\" src=\"https:\/\/www.europesays.com\/fi\/wp-content\/uploads\/2026\/01\/39-157949969620419dc855.jpeg\" loading=\"lazy\" class=\"aw-1l9m598 hKVVvP\"\/><\/p>\n<p>Avaa kuvien katselu<\/p>\n<p>Mielenosoittajat ker\u00e4\u00e4ntyiv\u00e4t muistamaan Goodia Washington DC:ss\u00e4 Valkoisen talon edustalle. Kuva: Jim Lo Scalzo \/ EPA<img decoding=\"async\" alt=\"Renee Nicole Goodin kuva, jossa teksti &quot;in loving memory of Renee&quot;.\" src=\"https:\/\/www.europesays.com\/fi\/wp-content\/uploads\/2026\/01\/39-15794956962041678e31.jpeg\" loading=\"lazy\" class=\"aw-1l9m598 hKVVvP\"\/><\/p>\n<p>Avaa kuvien katselu<\/p>\n<p>Goodin kuva on kiinnitetty ICE:n viraston edustalle Washington DC:ss\u00e4. Kuva: Heather Diehl \/ AFPFBI tutkii tapausta<\/p>\n<p class=\"aw-1gybjub aw-1p7kakr kEtdKx cEmitX yle__article__paragraph\">Yhdysvaltain presidentti <strong class=\"aw-ak79eh KyCXm yle__article__strong\">Donald Trump<\/strong>, sis\u00e4isen turvallisuuden ministeri <strong class=\"aw-ak79eh KyCXm yle__article__strong\">Kristi Noem<\/strong> ja varapresidentti <strong class=\"aw-ak79eh KyCXm yle__article__strong\">J. D. Vance<\/strong> puolustelevat Goodin ampunutta agenttia ja v\u00e4itt\u00e4v\u00e4t h\u00e4nen toimineen itsepuolustustarkoituksessa. Noem jopa luonnehti keskiviikon tapahtumaa kotimaiseksi terrorismiksi.<\/p>\n<p class=\"aw-1gybjub aw-1p7kakr kEtdKx cEmitX yle__article__paragraph\">Turvallisuusministeri\u00f6 on v\u00e4itt\u00e4nyt Fox Newsille, ett\u00e4 Good olisi seurannut agentteja koko p\u00e4iv\u00e4n ja est\u00e4nyt lainvalvontaa.<\/p>\n<p class=\"aw-1gybjub aw-1p7kakr kEtdKx cEmitX yle__article__paragraph\">Goodin perhe ei t\u00e4t\u00e4 usko, sill\u00e4 h\u00e4n oli juuri vienyt 6-vuotiaan poikansa kouluun ennen ampumista, kertoo <a class=\"aw-iao6s4 iHOxEa yle__article__link\" href=\"https:\/\/www.washingtonpost.com\/nation\/2026\/01\/09\/ice-shooting-victim-minneapolis\/\" role=\"link\" rel=\"nofollow noopener\" target=\"_blank\">The Washington Post -lehti<\/a>.<\/p>\n<p class=\"aw-1gybjub aw-1p7kakr kEtdKx cEmitX yle__article__paragraph\">FBI on ottanut tutkinnan haltuunsa. Paikallisviranomaiset eiv\u00e4t p\u00e4\u00e4se k\u00e4siksi kaikkiin tietoihin, mik\u00e4 on her\u00e4tt\u00e4nyt huolta tutkinnan l\u00e4pin\u00e4kyvyydest\u00e4, kertovat <a class=\"aw-iao6s4 iHOxEa yle__article__link\" href=\"https:\/\/edition.cnn.com\/us\/live-news\/minneapolis-ice-shooting-01-08-26?post-id=cmk5sedq50005356pl0hqqsg3\" role=\"link\" rel=\"nofollow noopener\" target=\"_blank\">CNN<\/a> ja <a class=\"aw-iao6s4 iHOxEa yle__article__link\" href=\"https:\/\/www.washingtonpost.com\/nation\/2026\/01\/09\/ice-shooting-victim-minneapolis\/\" role=\"link\" rel=\"nofollow noopener\" target=\"_blank\">Washington Post<\/a>.<\/p>\n","protected":false},"excerpt":{"rendered":"Renee Nicole Good, 37, kuoli ICE-agentin luodeista Minneapolisissa, mik\u00e4 on johtanut laajoihin mielenosoituksiin. Good oli Yhdysvaltain kansalainen ja&hellip;\n","protected":false},"author":2,"featured_media":138673,"comment_status":"","ping_status":"","sticky":false,"template":"","format":"standard","meta":{"footnotes":""},"categories":[14],"tags":[3981,22,23,26,27,33,31,30,17,24,25,28,29,2571,6699,7822,15,18,21,32,19,20,56,16,59,60,61,619],"class_list":{"0":"post-138672","1":"post","2":"type-post","3":"status-publish","4":"format-standard","5":"has-post-thumbnail","7":"category-ulkomaat","8":"tag-ampuminen","9":"tag-breaking-news","10":"tag-breakingnews","11":"tag-featured-news","12":"tag-featurednews","13":"tag-fi","14":"tag-finland","15":"tag-finnish","16":"tag-headlines","17":"tag-latest-news","18":"tag-latestnews","19":"tag-main-news","20":"tag-mainnews","21":"tag-mielenosoitukset","22":"tag-minneapolis","23":"tag-minnesota","24":"tag-news","25":"tag-otsikot","26":"tag-paauutiset","27":"tag-suomi","28":"tag-top-stories","29":"tag-topstories","30":"tag-ulkomaat","31":"tag-uutiset","32":"tag-world","33":"tag-world-news","34":"tag-worldnews","35":"tag-yhdysvallat"},"share_on_mastodon":{"url":"https:\/\/pubeurope.com\/@fi\/115871172754668026","error":""},"_links":{"self":[{"href":"https:\/\/www.europesays.com\/fi\/wp-json\/wp\/v2\/posts\/138672","targetHints":{"allow":["GET"]}}],"collection":[{"href":"https:\/\/www.europesays.com\/fi\/wp-json\/wp\/v2\/posts"}],"about":[{"href":"https:\/\/www.europesays.com\/fi\/wp-json\/wp\/v2\/types\/post"}],"author":[{"embeddable":true,"href":"https:\/\/www.europesays.com\/fi\/wp-json\/wp\/v2\/users\/2"}],"replies":[{"embeddable":true,"href":"https:\/\/www.europesays.com\/fi\/wp-json\/wp\/v2\/comments?post=138672"}],"version-history":[{"count":0,"href":"https:\/\/www.europesays.com\/fi\/wp-json\/wp\/v2\/posts\/138672\/revisions"}],"wp:featuredmedia":[{"embeddable":true,"href":"https:\/\/www.europesays.com\/fi\/wp-json\/wp\/v2\/media\/138673"}],"wp:attachment":[{"href":"https:\/\/www.europesays.com\/fi\/wp-json\/wp\/v2\/media?parent=138672"}],"wp:term":[{"taxonomy":"category","embeddable":true,"href":"https:\/\/www.europesays.com\/fi\/wp-json\/wp\/v2\/categories?post=138672"},{"taxonomy":"post_tag","embeddable":true,"href":"https:\/\/www.europesays.com\/fi\/wp-json\/wp\/v2\/tags?post=138672"}],"curies":[{"name":"wp","href":"https:\/\/api.w.org\/{rel}","templated":true}]}}