{"id":138708,"date":"2026-01-10T14:49:08","date_gmt":"2026-01-10T14:49:08","guid":{"rendered":"https:\/\/www.europesays.com\/fi\/138708\/"},"modified":"2026-01-10T14:49:08","modified_gmt":"2026-01-10T14:49:08","slug":"prinssi-william-ja-prinsessa-catherine-huhuja-uudesta-koiranpennustqa","status":"publish","type":"post","link":"https:\/\/www.europesays.com\/fi\/138708\/","title":{"rendered":"Prinssi William ja Prinsessa Catherine: Huhuja uudesta koiranpennustqa"},"content":{"rendered":"<p>            Isabel Infantes\/WPA Pool\/Shutterstock\/All Over Press\n        <\/p>\n<p class=\"subtitle \">Walesin perheen koira sai pentuja, joista yhden huhutaan j\u00e4\u00e4neen heid\u00e4n luokseen.<\/p>\n<p class=\"article-content article-content-width !bg-background\">Walesin prinssi\u00a0ja prinsessa\u00a0uskotaan kasvattaneen perheens\u00e4 kokoa yhdell\u00e4 koiralla.<\/p>\n<p class=\"font-weight-bold m-font-weight-bold article-content article-content-width !bg-background\">Arkistovideo: Kruununprinsessa VIctoria ja koiranpentu<\/p>\n<p class=\"article-content article-content-width !bg-background\">Perheen koira, Orla-niminen cockerspanieli, sai viime vuonna pentuja. Aiemmin lehdiss\u00e4 huhuttiin, ett\u00e4 he suunnittelivat pit\u00e4v\u00e4ns\u00e4 yhden koiran pennuista.<\/p>\n<p class=\"article-content article-content-width !bg-background\">Daily Mailin mukaan pennut olivat hauskaa kes\u00e4puuhaa perheen lapsille, kun prinssi, 12, prinsessa, 10, ja prinssi, 7, saivat touhuta niiden kanssa.<\/p>\n<p class=\"article-content article-content-width !bg-background\">Prinssiperhe vahvisti tiedon Orlan pennuista prinssi Williamin syntym\u00e4p\u00e4iv\u00e4n\u00e4 kes\u00e4kuun lopulla.<\/p>\n<p class=\"article-content article-content-width !bg-background\">Tuolloin he jakoivat herttaisen kuvan, jossa William istuu pentujen ymp\u00e4r\u00f6im\u00e4n\u00e4. Syntt\u00e4ritoivotuksen allekirjoitukseksi oli lis\u00e4tty koko perhe sek\u00e4 Orla ja pennut.<\/p>\n<p class=\"article-content article-content-width !bg-background\"><a href=\"https:\/\/people.com\/did-kate-middleton-prince-william-welcome-new-puppy-11880990\" target=\"_blank\" rel=\"nofollow noopener\">People<\/a>-lehden mukaan prinssiperhe n\u00e4htiin hiljattain mukanaan kaksi koiraa. Koirien uskotaan olevan Orla ja yksi sen pennuista.<\/p>\n<p>        <a itemprop=\"url\" href=\"https:\/\/www.seiska.fi\/kuninkaalliset\/prinsessa-catherinen-tilanteessa-shokkikaanne\/1572893\" rel=\"nofollow noopener\" target=\"_blank\"><\/p>\n<p class=\"section-date\">\n        <strong class=\"article-section\" data-section=\"kuninkaalliset\"><br \/>\n            kuninkaalliset<br \/>\n        <\/strong><br \/>\n        8.1.2025 08:04\n    <\/p>\n<p>Prinsessa Catherinen tilanteessa shokkik\u00e4\u00e4nne\n    <\/p>\n<p itemprop=\"description\" class=\"subtitle \">\n    Catherinen sy\u00f6p\u00e4hoidot p\u00e4\u00e4ttyiv\u00e4t alkusyksyst\u00e4.\n<\/p>\n<p>        <\/a><\/p>\n<p>Rakas perheenj\u00e4sen<\/p>\n<p class=\"article-content article-content-width !bg-background\">Orla on ollut osa Walesin perhett\u00e4 jo vuodesta 2020. Ennen t\u00e4t\u00e4 Williamilla ja Catherinella oli toinenkin spanieli, Lupo, jonka heille lahjoitti Katen veli.<\/p>\n<p class=\"article-content article-content-width !bg-background\">James kertoi kirjassaan\u00a0Meet Ella: The Dog Who Saved My Life,\u00a0ett\u00e4 Lupo oli my\u00f6h\u00e4inen h\u00e4\u00e4lahja h\u00e4nelt\u00e4 Catherinelle ja Williamille.<\/p>\n<p class=\"article-content article-content-width !bg-background\">Peoplen mukaan Lupo piti Catherinelle seuraa prinssi Williamin viett\u00e4ess\u00e4 pitk\u00e4n ajan poissa kotoa.<\/p>\n<p class=\"article-content article-content-width !bg-background\">Orla on n\u00e4hty perheen mukana useita kertoja, ja se ihastutti muun muassa vuoden 2024 syksyll\u00e4, kun Catherine tiedotti videolla p\u00e4\u00e4tt\u00e4neens\u00e4 sy\u00f6p\u00e4hoidot.<\/p>\n<p>        <a itemprop=\"url\" href=\"https:\/\/www.seiska.fi\/kuninkaalliset\/prinsessa-catherine-jarkyttyi-prinssi-williamin-salasuhteesta-vaati-rakastajattaren-poissulkemista\/2001537\" rel=\"nofollow noopener\" target=\"_blank\"><\/p>\n<p>\nRakastajatar sai monoa\n<\/p>\n<p class=\"section-date\">\n        <strong class=\"article-section\" data-section=\"kuninkaalliset\"><br \/>\n            kuninkaalliset<br \/>\n        <\/strong><br \/>\n        25.11.2025 07:00\n    <\/p>\n<p>Prinsessa Catherine j\u00e4rkyttyi prinssi Williamin salasuhteesta \u2013 vaati rakastajattaren poissulkemista\n    <\/p>\n<p itemprop=\"description\" class=\"subtitle \">\n    Prinssi Williamin on v\u00e4itetty olleen salasuhteessa prinssiparin yst\u00e4v\u00e4tt\u00e4ren kanssa.\n<\/p>\n<p>        <\/a><\/p>\n<p>                <img decoding=\"async\" src=\"https:\/\/www.europesays.com\/fi\/wp-content\/uploads\/2026\/01\/2040715.webp.jpeg\" width=\"576\" height=\"567\" alt=\"Orla on ollut prinssiparin mukana julkisuudessakin.\" loading=\"lazy\" \/>            <\/p>\n<p>\n            Orla on ollut prinssiparin mukana julkisuudessakin.<br \/>\n            Tim Rooke\/Shutterstock\/All Over Press\n        <\/p>\n","protected":false},"excerpt":{"rendered":"Isabel Infantes\/WPA Pool\/Shutterstock\/All Over Press Walesin perheen koira sai pentuja, joista yhden huhutaan j\u00e4\u00e4neen heid\u00e4n luokseen. Walesin prinssi\u00a0ja&hellip;\n","protected":false},"author":2,"featured_media":138709,"comment_status":"","ping_status":"","sticky":false,"template":"","format":"standard","meta":{"footnotes":""},"categories":[130],"tags":[14840,137,33,31,30,22574,212,24085,32,109,24086,5005],"class_list":{"0":"post-138708","1":"post","2":"type-post","3":"status-publish","4":"format-standard","5":"has-post-thumbnail","7":"category-viihde","8":"tag-catherine","9":"tag-entertainment","10":"tag-fi","11":"tag-finland","12":"tag-finnish","13":"tag-james-middleton","14":"tag-lifestyle","15":"tag-orla","16":"tag-suomi","17":"tag-viihde","18":"tag-walesin-prinssi","19":"tag-william"},"share_on_mastodon":{"url":"https:\/\/pubeurope.com\/@fi\/115871361430143503","error":""},"_links":{"self":[{"href":"https:\/\/www.europesays.com\/fi\/wp-json\/wp\/v2\/posts\/138708","targetHints":{"allow":["GET"]}}],"collection":[{"href":"https:\/\/www.europesays.com\/fi\/wp-json\/wp\/v2\/posts"}],"about":[{"href":"https:\/\/www.europesays.com\/fi\/wp-json\/wp\/v2\/types\/post"}],"author":[{"embeddable":true,"href":"https:\/\/www.europesays.com\/fi\/wp-json\/wp\/v2\/users\/2"}],"replies":[{"embeddable":true,"href":"https:\/\/www.europesays.com\/fi\/wp-json\/wp\/v2\/comments?post=138708"}],"version-history":[{"count":0,"href":"https:\/\/www.europesays.com\/fi\/wp-json\/wp\/v2\/posts\/138708\/revisions"}],"wp:featuredmedia":[{"embeddable":true,"href":"https:\/\/www.europesays.com\/fi\/wp-json\/wp\/v2\/media\/138709"}],"wp:attachment":[{"href":"https:\/\/www.europesays.com\/fi\/wp-json\/wp\/v2\/media?parent=138708"}],"wp:term":[{"taxonomy":"category","embeddable":true,"href":"https:\/\/www.europesays.com\/fi\/wp-json\/wp\/v2\/categories?post=138708"},{"taxonomy":"post_tag","embeddable":true,"href":"https:\/\/www.europesays.com\/fi\/wp-json\/wp\/v2\/tags?post=138708"}],"curies":[{"name":"wp","href":"https:\/\/api.w.org\/{rel}","templated":true}]}}