{"id":138714,"date":"2026-01-10T14:54:08","date_gmt":"2026-01-10T14:54:08","guid":{"rendered":"https:\/\/www.europesays.com\/fi\/138714\/"},"modified":"2026-01-10T14:54:08","modified_gmt":"2026-01-10T14:54:08","slug":"vanhus-kuristui-kuoliaaksi-hoivakodissa-poliisi-tutkii-rikosta","status":"publish","type":"post","link":"https:\/\/www.europesays.com\/fi\/138714\/","title":{"rendered":"Vanhus kuristui kuoliaaksi hoivakodissa \u2013 poliisi tutkii rikosta"},"content":{"rendered":"<p>Poliisin mukaan asiassa on syyt\u00e4 ep\u00e4ill\u00e4 rikosta.<\/p>\n<p class=\"article-body mb-nof-24 px-nof-16\">Lounais-Suomen poliisi tutkii turkulaisessa yksityisess\u00e4 hoivakodissa 7. joulukuuta tapahtunutta kuolemantapausta.<\/p>\n<p class=\"article-body mb-nof-24 px-nof-16\">Poliisin mukaan asiassa on syyt\u00e4 ep\u00e4ill\u00e4 rikosta. Poliisi selvitt\u00e4\u00e4, liittyyk\u00f6 kuolemaan tuottamusta, laiminly\u00f6nti\u00e4 tai muuta lakiin perustumatonta menettely\u00e4.<\/p>\n<p class=\"article-body mb-nof-24 px-nof-16\"><a class=\"underline underline-offset-[0.12em] [text-decoration-thickness:var(--generic-link-underline-thickness)] [text-decoration-color:var(--generic-link-underline-color)] [text-decoration-skip-ink:var(--generic-link-underline-skip-ink)] break-words\" href=\"https:\/\/www.ts.fi\/uutiset\/6869713\" rel=\"nofollow noopener\" target=\"_blank\">Turun Sanomat<\/a> kirjoitti perjantaina, ett\u00e4 79-vuotias nainen kuoli Esperin hoivakoti Otsossa. H\u00e4n oli kuolemansa hetkell\u00e4 tuoliin sidottuna. Lehden mukaan nainen kuristui kuoliaaksi.<\/p>\n<p class=\"article-body mb-nof-24 px-nof-16\">Turun Sanomien mukaan naisen omaiset ovat pyrkineet ottamaan selv\u00e4\u00e4 siit\u00e4, miksi nainen oli sidottuna ja miten nainen kuristui. Hoivakodista ei ole vastattu omaisten kysymyksiin, eiv\u00e4tk\u00e4 omaiset ole saaneet kuolemasta esimerkiksi ruumiinavaus\u00adp\u00f6yt\u00e4kirjaa.<\/p>\n<p class=\"article-body mb-nof-24 px-nof-16\">Esperi vahvisti tapauksen perjantaina <a class=\"underline underline-offset-[0.12em] [text-decoration-thickness:var(--generic-link-underline-thickness)] [text-decoration-color:var(--generic-link-underline-color)] [text-decoration-skip-ink:var(--generic-link-underline-skip-ink)] break-words\" href=\"https:\/\/esperi.fi\/tietoa-meista\/ajankohtaista\/viranomainen-tutkii-kuolinsyyta\/\" rel=\"nofollow noopener\" target=\"_blank\">tiedotteessaan<\/a>, jonka mukaan viranomainen tutkii parhaillaan kuolinsyyt\u00e4.<\/p>\n<p class=\"article-body mb-nof-24 px-nof-16\">\u2013 Selvit\u00e4mme asiaa my\u00f6s sis\u00e4isesti ja hyvinvointialueelle on tehty selvitys tapahtuneesta. Olemme keskustelleet asiasta menehtyneen asukkaan l\u00e4heisten kanssa.<\/p>\n<p class=\"article-body mb-nof-24 px-nof-16\">\u2013 Otamme osaa l\u00e4heisten menetykseen ja olemme syv\u00e4sti pahoillamme tapahtuneesta.<\/p>\n<p class=\"article-body mb-nof-24 px-nof-16\">Hoivakodissa kuollut i\u00e4k\u00e4s nainen oli tv-juontaja<a class=\"font-bold underline-offset-[0.12em] [text-decoration:var(--person-link-text-decoration)] ![text-decoration-color:var(--person-link-text-decoration-color)]\" href=\"https:\/\/www.is.fi\/haku\/?query=%20Ella%20Kannisen\" rel=\"nofollow noopener\" target=\"_blank\"> Ella Kannisen<\/a> t\u00e4ti.<\/p>\n<p class=\"article-body mb-nof-24 px-nof-16\">\u2013 Tunnen syv\u00e4\u00e4 ep\u00e4oikeudenmukaisuutta t\u00e4tini kuoleman takia. T\u00e4tini ei ansainnut t\u00e4llaista loppua. Ei kenenk\u00e4\u00e4n pit\u00e4isi kokea t\u00e4llaista, h\u00e4n kommentoi Ilta-Sanomille perjantaina.<\/p>\n","protected":false},"excerpt":{"rendered":"Poliisin mukaan asiassa on syyt\u00e4 ep\u00e4ill\u00e4 rikosta. Lounais-Suomen poliisi tutkii turkulaisessa yksityisess\u00e4 hoivakodissa 7. joulukuuta tapahtunutta kuolemantapausta. Poliisin&hellip;\n","protected":false},"author":2,"featured_media":138715,"comment_status":"","ping_status":"","sticky":false,"template":"","format":"standard","meta":{"footnotes":""},"categories":[12],"tags":[22,23,26,27,33,31,30,17,34,24,25,28,29,15,18,21,32,19,20,16],"class_list":{"0":"post-138714","1":"post","2":"type-post","3":"status-publish","4":"format-standard","5":"has-post-thumbnail","7":"category-suomi","8":"tag-breaking-news","9":"tag-breakingnews","10":"tag-featured-news","11":"tag-featurednews","12":"tag-fi","13":"tag-finland","14":"tag-finnish","15":"tag-headlines","16":"tag-ilta-sanomat","17":"tag-latest-news","18":"tag-latestnews","19":"tag-main-news","20":"tag-mainnews","21":"tag-news","22":"tag-otsikot","23":"tag-paauutiset","24":"tag-suomi","25":"tag-top-stories","26":"tag-topstories","27":"tag-uutiset"},"share_on_mastodon":{"url":"","error":""},"_links":{"self":[{"href":"https:\/\/www.europesays.com\/fi\/wp-json\/wp\/v2\/posts\/138714","targetHints":{"allow":["GET"]}}],"collection":[{"href":"https:\/\/www.europesays.com\/fi\/wp-json\/wp\/v2\/posts"}],"about":[{"href":"https:\/\/www.europesays.com\/fi\/wp-json\/wp\/v2\/types\/post"}],"author":[{"embeddable":true,"href":"https:\/\/www.europesays.com\/fi\/wp-json\/wp\/v2\/users\/2"}],"replies":[{"embeddable":true,"href":"https:\/\/www.europesays.com\/fi\/wp-json\/wp\/v2\/comments?post=138714"}],"version-history":[{"count":0,"href":"https:\/\/www.europesays.com\/fi\/wp-json\/wp\/v2\/posts\/138714\/revisions"}],"wp:featuredmedia":[{"embeddable":true,"href":"https:\/\/www.europesays.com\/fi\/wp-json\/wp\/v2\/media\/138715"}],"wp:attachment":[{"href":"https:\/\/www.europesays.com\/fi\/wp-json\/wp\/v2\/media?parent=138714"}],"wp:term":[{"taxonomy":"category","embeddable":true,"href":"https:\/\/www.europesays.com\/fi\/wp-json\/wp\/v2\/categories?post=138714"},{"taxonomy":"post_tag","embeddable":true,"href":"https:\/\/www.europesays.com\/fi\/wp-json\/wp\/v2\/tags?post=138714"}],"curies":[{"name":"wp","href":"https:\/\/api.w.org\/{rel}","templated":true}]}}