{"id":138732,"date":"2026-01-10T15:21:08","date_gmt":"2026-01-10T15:21:08","guid":{"rendered":"https:\/\/www.europesays.com\/fi\/138732\/"},"modified":"2026-01-10T15:21:08","modified_gmt":"2026-01-10T15:21:08","slug":"hifk-vahti-loukkaantui-pelottavasti-nyt-tuli-lisatietoja","status":"publish","type":"post","link":"https:\/\/www.europesays.com\/fi\/138732\/","title":{"rendered":"HIFK-vahti loukkaantui pelottavasti \u2013 Nyt tuli lis\u00e4tietoja"},"content":{"rendered":"<p>Hugo Alnefelt ei matkusta Tampereelle.<\/p>\n<p><img decoding=\"async\" class=\"image image-show image-preview\" src=\"https:\/\/www.europesays.com\/fi\/wp-content\/uploads\/2026\/01\/cdf98bf01a65e17d91fbc481aaeb2201cf469adeb99de2361638ada51f0dc23e.jpg\" alt=\"\"\/><img decoding=\"async\" class=\"image image-show\" src=\"https:\/\/www.europesays.com\/fi\/wp-content\/uploads\/2026\/01\/1768058468_540_cdf98bf01a65e17d91fbc481aaeb2201cf469adeb99de2361638ada51f0dc23e.jpg\" alt=\"\"\/><\/p>\n<p>Hugo Alnefelt lanattiin perjantain Ilves-ottelussa. Matti Raivio \/ AOP<\/p>\n<p class=\"paragraph\">Perjantain Ilves-ottelussa loukkaantunut HIFK:n maalivahti <strong>Hugo Alnefelt<\/strong> ei ole kokoonpanossa, kun joukkueet kohtaavat toisensa uudelleen lauantaina.<\/p>\n<p class=\"paragraph\">Alnefelt loukkaantui eilen ottelun avauser\u00e4ss\u00e4 pelottavan n\u00e4k\u00f6isess\u00e4 rys\u00e4yksess\u00e4. Ilveksen <strong>Teemu Engberg<\/strong> ajoi maalille. Kontaktissa h\u00e4nen jalkansa osui Alnefelti\u00e4 p\u00e4\u00e4h\u00e4n.<\/p>\n<p class=\"paragraph\">HIFK-maalivahti kaatui taaksep\u00e4in ja j\u00e4i makaamaan j\u00e4\u00e4n pintaan liikkumattomana. Helsinkil\u00e4isyleis\u00f6 hiljeni v\u00e4litt\u00f6m\u00e4sti.<\/p>\n<p class=\"paragraph\">Pitk\u00e4\u00e4n j\u00e4\u00e4ll\u00e4 maannut Alnefelt vietiin kaukalosta paareilla. Maalivahti n\u00e4ytti siin\u00e4 maatessaan peukkua yleis\u00f6lle.<\/p>\n<p class=\"paragraph\">T\u00e4rsky oli kuitenkin sen verran raju, ettei HIFK peluuta h\u00e4nt\u00e4 t\u00e4n\u00e4\u00e4n lauantaina.<\/p>\n<p class=\"paragraph\">\u2013 Eilen ottelussa loukkaantunut maalivahti Hugo Alnefelt on kotiutunut sairaalasta ja voi tapahtuneeseen n\u00e4hden hyvin. Paluuaikataulu arvioidaan jatkotutkimusten tulosten perusteella.<\/p>\n<p class=\"paragraph\">Illan Ilves-ottelussa torjuntavastuun kantaa sairastuvalta palaava <strong>Niko Hovinen<\/strong>. Niin ik\u00e4\u00e4n kokoonpanoon palaava <strong>Paavo Kohonen<\/strong> toimii luukkuvahtina.<\/p>\n<p class=\"paragraph\">HIFK tiedottaa <strong>Petrus Palmun<\/strong> palaavan kokoonpanoon. Ilves\u2013HIFK- ottelun avauskiekko tippuu j\u00e4\u00e4h\u00e4n kello 17.<\/p>\n","protected":false},"excerpt":{"rendered":"Hugo Alnefelt ei matkusta Tampereelle. Hugo Alnefelt lanattiin perjantain Ilves-ottelussa. Matti Raivio \/ AOP Perjantain Ilves-ottelussa loukkaantunut HIFK:n&hellip;\n","protected":false},"author":2,"featured_media":138733,"comment_status":"","ping_status":"","sticky":false,"template":"","format":"standard","meta":{"footnotes":""},"categories":[5],"tags":[35,22,23,26,27,33,31,30,17,24,25,41,28,29,15,18,21,2461,32,502,167,504,19,20,16],"class_list":{"0":"post-138732","1":"post","2":"type-post","3":"status-publish","4":"format-standard","5":"has-post-thumbnail","7":"category-otsikot","8":"tag-24h","9":"tag-breaking-news","10":"tag-breakingnews","11":"tag-featured-news","12":"tag-featurednews","13":"tag-fi","14":"tag-finland","15":"tag-finnish","16":"tag-headlines","17":"tag-latest-news","18":"tag-latestnews","19":"tag-liikunta-ja-urheilu","20":"tag-main-news","21":"tag-mainnews","22":"tag-news","23":"tag-otsikot","24":"tag-paauutiset","25":"tag-sairaalat-ja-terveyskeskukset","26":"tag-suomi","27":"tag-terveydenhoito","28":"tag-terveys","29":"tag-terveyspalvelut","30":"tag-top-stories","31":"tag-topstories","32":"tag-uutiset"},"share_on_mastodon":{"url":"https:\/\/pubeurope.com\/@fi\/115871487315886012","error":""},"_links":{"self":[{"href":"https:\/\/www.europesays.com\/fi\/wp-json\/wp\/v2\/posts\/138732","targetHints":{"allow":["GET"]}}],"collection":[{"href":"https:\/\/www.europesays.com\/fi\/wp-json\/wp\/v2\/posts"}],"about":[{"href":"https:\/\/www.europesays.com\/fi\/wp-json\/wp\/v2\/types\/post"}],"author":[{"embeddable":true,"href":"https:\/\/www.europesays.com\/fi\/wp-json\/wp\/v2\/users\/2"}],"replies":[{"embeddable":true,"href":"https:\/\/www.europesays.com\/fi\/wp-json\/wp\/v2\/comments?post=138732"}],"version-history":[{"count":0,"href":"https:\/\/www.europesays.com\/fi\/wp-json\/wp\/v2\/posts\/138732\/revisions"}],"wp:featuredmedia":[{"embeddable":true,"href":"https:\/\/www.europesays.com\/fi\/wp-json\/wp\/v2\/media\/138733"}],"wp:attachment":[{"href":"https:\/\/www.europesays.com\/fi\/wp-json\/wp\/v2\/media?parent=138732"}],"wp:term":[{"taxonomy":"category","embeddable":true,"href":"https:\/\/www.europesays.com\/fi\/wp-json\/wp\/v2\/categories?post=138732"},{"taxonomy":"post_tag","embeddable":true,"href":"https:\/\/www.europesays.com\/fi\/wp-json\/wp\/v2\/tags?post=138732"}],"curies":[{"name":"wp","href":"https:\/\/api.w.org\/{rel}","templated":true}]}}