{"id":138734,"date":"2026-01-10T15:33:09","date_gmt":"2026-01-10T15:33:09","guid":{"rendered":"https:\/\/www.europesays.com\/fi\/138734\/"},"modified":"2026-01-10T15:33:09","modified_gmt":"2026-01-10T15:33:09","slug":"hildur-sarjassa-nahtava-lauri-tilkanen-neuloo-taas-koska-toita-ei-ole","status":"publish","type":"post","link":"https:\/\/www.europesays.com\/fi\/138734\/","title":{"rendered":"Hildur-sarjassa n\u00e4ht\u00e4v\u00e4 Lauri Tilkanen neuloo taas, koska t\u00f6it\u00e4 ei ole"},"content":{"rendered":"<p>Televisio|N\u00e4yttelij\u00e4 Lauri Tilkanen asui kuukausia Islannissa Hildur-sarjan kuvausten aikana ja ehti tylsisty\u00e4 Reykjav\u00edkissa.<\/p>\n<p class=\"article-body mb-nof-24 px-nof-16\">Neulominen kannattaa. Ainakin n\u00e4yttelij\u00e4 <a class=\"font-bold underline-offset-[0.12em] [text-decoration:var(--person-link-text-decoration)] ![text-decoration-color:var(--person-link-text-decoration-color)]\" href=\"https:\/\/www.hs.fi\/haku\/?query=Lauri%20Tilkanen\" rel=\"nofollow noopener\" target=\"_blank\">Lauri Tilkanen<\/a> voi olla sit\u00e4 mielt\u00e4. Kun Tilkanen yli vuosi sitten sattumalta p\u00e4\u00e4tti opetella neulomaan, ei h\u00e4n arvannut, miten paljon hy\u00f6ty\u00e4 taidosta olisi pian h\u00e4nen urallaan.<\/p>\n<p class=\"article-body mb-nof-24 px-nof-16\">Joitain kuukausia my\u00f6hemmin n\u00e4yttelij\u00e4 kiinnitettiin neulovan suomalaispoliisin rooliin tv-sarjassa Hildur. Viime vuoden aikana Islannissa kuvattu sarja perustuu <a class=\"font-bold underline-offset-[0.12em] [text-decoration:var(--person-link-text-decoration)] ![text-decoration-color:var(--person-link-text-decoration-color)]\" href=\"https:\/\/www.hs.fi\/haku\/?query=Satu%20R%C3%A4m%C3%B6n\" rel=\"nofollow noopener\" target=\"_blank\">Satu R\u00e4m\u00f6n<\/a> supersuosittuun kirjasarjaan.<\/p>\n","protected":false},"excerpt":{"rendered":"Televisio|N\u00e4yttelij\u00e4 Lauri Tilkanen asui kuukausia Islannissa Hildur-sarjan kuvausten aikana ja ehti tylsisty\u00e4 Reykjav\u00edkissa. Neulominen kannattaa. Ainakin n\u00e4yttelij\u00e4 Lauri&hellip;\n","protected":false},"author":2,"featured_media":138735,"comment_status":"","ping_status":"","sticky":false,"template":"","format":"standard","meta":{"footnotes":""},"categories":[136],"tags":[407,137,33,31,30,46,408,32,109],"class_list":{"0":"post-138734","1":"post","2":"type-post","3":"status-publish","4":"format-standard","5":"has-post-thumbnail","7":"category-julkkikset","8":"tag-celebrities","9":"tag-entertainment","10":"tag-fi","11":"tag-finland","12":"tag-finnish","13":"tag-helsingin-sanomat","14":"tag-julkkikset","15":"tag-suomi","16":"tag-viihde"},"share_on_mastodon":{"url":"https:\/\/pubeurope.com\/@fi\/115871534446867857","error":""},"_links":{"self":[{"href":"https:\/\/www.europesays.com\/fi\/wp-json\/wp\/v2\/posts\/138734","targetHints":{"allow":["GET"]}}],"collection":[{"href":"https:\/\/www.europesays.com\/fi\/wp-json\/wp\/v2\/posts"}],"about":[{"href":"https:\/\/www.europesays.com\/fi\/wp-json\/wp\/v2\/types\/post"}],"author":[{"embeddable":true,"href":"https:\/\/www.europesays.com\/fi\/wp-json\/wp\/v2\/users\/2"}],"replies":[{"embeddable":true,"href":"https:\/\/www.europesays.com\/fi\/wp-json\/wp\/v2\/comments?post=138734"}],"version-history":[{"count":0,"href":"https:\/\/www.europesays.com\/fi\/wp-json\/wp\/v2\/posts\/138734\/revisions"}],"wp:featuredmedia":[{"embeddable":true,"href":"https:\/\/www.europesays.com\/fi\/wp-json\/wp\/v2\/media\/138735"}],"wp:attachment":[{"href":"https:\/\/www.europesays.com\/fi\/wp-json\/wp\/v2\/media?parent=138734"}],"wp:term":[{"taxonomy":"category","embeddable":true,"href":"https:\/\/www.europesays.com\/fi\/wp-json\/wp\/v2\/categories?post=138734"},{"taxonomy":"post_tag","embeddable":true,"href":"https:\/\/www.europesays.com\/fi\/wp-json\/wp\/v2\/tags?post=138734"}],"curies":[{"name":"wp","href":"https:\/\/api.w.org\/{rel}","templated":true}]}}