{"id":138742,"date":"2026-01-10T15:45:07","date_gmt":"2026-01-10T15:45:07","guid":{"rendered":"https:\/\/www.europesays.com\/fi\/138742\/"},"modified":"2026-01-10T15:45:07","modified_gmt":"2026-01-10T15:45:07","slug":"texasissa-pelataan-televisioiden-katsovan-katsojia","status":"publish","type":"post","link":"https:\/\/www.europesays.com\/fi\/138742\/","title":{"rendered":"Texasissa pel\u00e4t\u00e4\u00e4n televisioiden katsovan katsojia"},"content":{"rendered":"<p>Texasissa kiellettiin Samsungia ja muita televisiovalmistajia ker\u00e4\u00e4m\u00e4st\u00e4 tai jakamasta tietoja. Huolena on, ett\u00e4 tiedot p\u00e4\u00e4tyv\u00e4t Kiinaan.<\/p>\n<p><img decoding=\"async\" class=\"image image-show image-preview\" src=\"https:\/\/www.europesays.com\/fi\/wp-content\/uploads\/2026\/01\/dfb8e696c03af9a6b91cf7e5aa2e7ab40ba637646fcaadb5d559427bf91f08e0.jpg\" alt=\"\"\/><img decoding=\"async\" class=\"image image-show\" src=\"https:\/\/www.europesays.com\/fi\/wp-content\/uploads\/2026\/01\/1768059907_261_dfb8e696c03af9a6b91cf7e5aa2e7ab40ba637646fcaadb5d559427bf91f08e0.jpg\" alt=\"\"\/><\/p>\n<p>Texasissa huolestuttiin televisioiden tiedonkeruusta. Adobe Stock \/ AOP<\/p>\n<p class=\"paragraph\">Teknologiaj\u00e4tti Samsung sai Texasin osavaltiossa Yhdysvalloissa v\u00e4liaikaisen kiellon ker\u00e4t\u00e4 televisionkatsojien \u00e4\u00e4ni- ja kuvadataa. Yhti\u00f6t\u00e4 kiellet\u00e4\u00e4n my\u00f6s siirt\u00e4m\u00e4st\u00e4 tai myym\u00e4st\u00e4 tietoja eteenp\u00e4in. Asiasta kertoi <a href=\"https:\/\/www.bleepingcomputer.com\/news\/security\/texas-court-blocks-samsung-from-collecting-smart-tv-viewing-data\/\" target=\"_blank\" rel=\"noopener nofollow\">Bleeping Computer<\/a>.<\/p>\n<p class=\"paragraph\">Kielto on voimassa 19. tammikuuta asti, mutta voisi toimia ennakkotapauksena laajemmalle s\u00e4\u00e4ntelylle Yhdysvalloissa.<\/p>\n<p class=\"paragraph\">Samsung, kuten monet muutkin televisiovalmistajat, k\u00e4ytt\u00e4v\u00e4t televisioissaan automaattista sis\u00e4ll\u00f6ntunnistamisteknologiaa (acr), jonka avulla televisio ottaa s\u00e4\u00e4nn\u00f6llisin v\u00e4liajoin kuvakaappauksia, tunnistaa sis\u00e4lt\u00f6\u00e4 ja analysoi, mit\u00e4 televisiosta katsotaan. T\u00e4t\u00e4 k\u00e4ytet\u00e4\u00e4n muun muassa kohdennettuun mainontaan.<\/p>\n<p class=\"paragraph\">Texasin k\u00e4r\u00e4j\u00e4oikeuden<strong> <\/strong>mukaan Samsung kysyy lupaa tietojen ker\u00e4\u00e4miseen harhaanjohtavasti ja ep\u00e4selv\u00e4sti. K\u00e4ytt\u00e4j\u00e4 voi hyv\u00e4ksy\u00e4 ehdot yhdell\u00e4 klikkauksella, mutta t\u00e4m\u00e4n j\u00e4lkeen n\u00e4kee sopimuksen yksityiskohtaiset tiedot, joiden l\u00e4pik\u00e4yminen vaatii satoja klikkauksia.<\/p>\n<p class=\"paragraph\">\u2013 Yksityisyytt\u00e4 koskevat valinnat eiv\u00e4t ole tosiasiallisia tai merkityksellisi\u00e4, k\u00e4ytt\u00e4jill\u00e4 ei ole kohtuullista mahdollisuutta ymm\u00e4rt\u00e4\u00e4 valvontaj\u00e4rjestelm\u00e4n toimintamallia, ja j\u00e4rjestelm\u00e4 on oletusarvoisesti rakennettu maksimoimaan henkil\u00f6tietojen ker\u00e4\u00e4misen, oikeuden p\u00e4\u00e4t\u00f6ksess\u00e4 kerrotaan.<\/p>\n<p class=\"paragraph\">Oikeuden mukaan ehdoissa ei my\u00f6sk\u00e4\u00e4n ilmoiteta, kuinka paljon tietoja ker\u00e4t\u00e4\u00e4n, miten niit\u00e4 k\u00e4ytet\u00e4\u00e4n tai p\u00e4\u00e4seek\u00f6 Kiinan kommunistinen puolue tietoihin k\u00e4siksi. Samsung on etel\u00e4korealainen teknologiavalmistaja.<\/p>\n<p class=\"paragraph\">Viime kuussa Texasin oikeus asetti samankaltaiset kiellot japanilaista Sonya, etel\u00e4korealaista LG:t\u00e4 sek\u00e4 kiinalaisia Hisense\u00e4 ja TCL-merkkej\u00e4 vastaan. Syyn\u00e4 olivat acr-teknologioiden lainvastainen k\u00e4ytt\u00f6 sek\u00e4 huolet siit\u00e4, ett\u00e4 tietoja l\u00e4hetett\u00e4isiin Kiinaan.<\/p>\n","protected":false},"excerpt":{"rendered":"Texasissa kiellettiin Samsungia ja muita televisiovalmistajia ker\u00e4\u00e4m\u00e4st\u00e4 tai jakamasta tietoja. Huolena on, ett\u00e4 tiedot p\u00e4\u00e4tyv\u00e4t Kiinaan. Texasissa huolestuttiin&hellip;\n","protected":false},"author":2,"featured_media":138743,"comment_status":"","ping_status":"","sticky":false,"template":"","format":"standard","meta":{"footnotes":""},"categories":[14],"tags":[35,722,22,23,26,27,33,31,30,17,24,25,28,29,1616,15,18,21,979,32,487,19,20,140,56,16,59,60,61],"class_list":{"0":"post-138742","1":"post","2":"type-post","3":"status-publish","4":"format-standard","5":"has-post-thumbnail","7":"category-ulkomaat","8":"tag-24h","9":"tag-amerikka","10":"tag-breaking-news","11":"tag-breakingnews","12":"tag-featured-news","13":"tag-featurednews","14":"tag-fi","15":"tag-finland","16":"tag-finnish","17":"tag-headlines","18":"tag-latest-news","19":"tag-latestnews","20":"tag-main-news","21":"tag-mainnews","22":"tag-media-viestinta","23":"tag-news","24":"tag-otsikot","25":"tag-paauutiset","26":"tag-sahkoinen-media","27":"tag-suomi","28":"tag-teknologia-yleista","29":"tag-top-stories","30":"tag-topstories","31":"tag-tv-ja-elokuvat","32":"tag-ulkomaat","33":"tag-uutiset","34":"tag-world","35":"tag-world-news","36":"tag-worldnews"},"share_on_mastodon":{"url":"https:\/\/pubeurope.com\/@fi\/115871581744098426","error":""},"_links":{"self":[{"href":"https:\/\/www.europesays.com\/fi\/wp-json\/wp\/v2\/posts\/138742","targetHints":{"allow":["GET"]}}],"collection":[{"href":"https:\/\/www.europesays.com\/fi\/wp-json\/wp\/v2\/posts"}],"about":[{"href":"https:\/\/www.europesays.com\/fi\/wp-json\/wp\/v2\/types\/post"}],"author":[{"embeddable":true,"href":"https:\/\/www.europesays.com\/fi\/wp-json\/wp\/v2\/users\/2"}],"replies":[{"embeddable":true,"href":"https:\/\/www.europesays.com\/fi\/wp-json\/wp\/v2\/comments?post=138742"}],"version-history":[{"count":0,"href":"https:\/\/www.europesays.com\/fi\/wp-json\/wp\/v2\/posts\/138742\/revisions"}],"wp:featuredmedia":[{"embeddable":true,"href":"https:\/\/www.europesays.com\/fi\/wp-json\/wp\/v2\/media\/138743"}],"wp:attachment":[{"href":"https:\/\/www.europesays.com\/fi\/wp-json\/wp\/v2\/media?parent=138742"}],"wp:term":[{"taxonomy":"category","embeddable":true,"href":"https:\/\/www.europesays.com\/fi\/wp-json\/wp\/v2\/categories?post=138742"},{"taxonomy":"post_tag","embeddable":true,"href":"https:\/\/www.europesays.com\/fi\/wp-json\/wp\/v2\/tags?post=138742"}],"curies":[{"name":"wp","href":"https:\/\/api.w.org\/{rel}","templated":true}]}}