{"id":138763,"date":"2026-01-10T16:13:10","date_gmt":"2026-01-10T16:13:10","guid":{"rendered":"https:\/\/www.europesays.com\/fi\/138763\/"},"modified":"2026-01-10T16:13:10","modified_gmt":"2026-01-10T16:13:10","slug":"mtv-suomalainen-basehyppaaja-on-yha-kateissa-italian-dolomiiteilla-uutisia-lyhyesti","status":"publish","type":"post","link":"https:\/\/www.europesays.com\/fi\/138763\/","title":{"rendered":"MTV: Suomalainen basehypp\u00e4\u00e4j\u00e4 on yh\u00e4 kateissa Italian Dolomiiteilla | Uutisia lyhyesti"},"content":{"rendered":"<p class=\"aw-1gybjub aw-5vja16 kEtdKx kmuxyA yle__article__paragraph\">Suomalaismiehen ep\u00e4ill\u00e4\u00e4n hyp\u00e4nneen vuorelta ja p\u00e4\u00e4tyneen johonkin sen juuressa sijaitsevista rotkoista.<\/p>\n<p><img decoding=\"async\" alt=\"Bellunon maakunta Italian kartalla esitettyn\u00e4.\" src=\"https:\/\/www.europesays.com\/fi\/wp-content\/uploads\/2026\/01\/39-15795866962712578b98.jpeg\" class=\"aw-1l9m598 hKVVvP\"\/><\/p>\n<p>Avaa kuvien katselu<\/p>\n<p>35-vuotias suomalaismies katosi marraskuun puoliv\u00e4liss\u00e4 Dolomiiteilla. Kuva: Tina Lund\u00e1n \/ Yle, Mapcreator, OpenStreetMap<\/p>\n<p class=\"aw-1gybjub aw-1p7kakr kEtdKx cEmitX yle__article__paragraph\">Suomalainen basehypp\u00e4\u00e4j\u00e4 on yh\u00e4 kateissa Dolomiiteilla Italiassa, kertoo <a class=\"aw-iao6s4 iHOxEa yle__article__link\" href=\"https:\/\/www.mtvuutiset.fi\/artikkeli\/suomalainen-base-hyppaaja-toista-kuukautta-kateissa-italiassa-nyt-puhuu-etsintoja-johtava-vuoristopelastaja\/9280040\" role=\"link\" rel=\"nofollow noopener\" target=\"_blank\">MTV:n uutiset<\/a>.<\/p>\n<p class=\"aw-1gybjub aw-1p7kakr kEtdKx cEmitX yle__article__paragraph\">Italialaismediat uutisoivat marraskuussa, ett\u00e4 35-vuotias suomalaismies katosi marraskuun puoliv\u00e4liss\u00e4 Dolomiiteilla. Dolomiitit on osa Alppien vuoristoa koillisessa Italiassa.<\/p>\n<p class=\"aw-1gybjub aw-1p7kakr kEtdKx cEmitX yle__article__paragraph\">Miest\u00e4 etsittiin tuoreeltaan, mutta etsinn\u00e4t keskeytettiin tuloksettomina. H\u00e4nt\u00e4 yritettiin etsi\u00e4 uudelleen joulun alla helikopterilla, kun l\u00e4mmin s\u00e4\u00e4 oli sulattanut lumia Busazza-vuoren sein\u00e4m\u00e4lt\u00e4, kertoo Agordon vuoristopelastajien asemap\u00e4\u00e4llikk\u00f6 <strong class=\"aw-ak79eh KyCXm yle__article__strong\">Diego Favero<\/strong> MTV:lle.<\/p>\n<p class=\"aw-1gybjub aw-1p7kakr kEtdKx cEmitX yle__article__paragraph\">Suomalaismiehen ep\u00e4ill\u00e4\u00e4n hyp\u00e4nneen vuorelta ja p\u00e4\u00e4tyneen johonkin sen juuressa sijaitsevista rotkoista. Faveron mukaan miehen todenn\u00e4k\u00f6inen olinpaikka on selvitetty k\u00e4nnyk\u00e4n geopaikannuksen avulla.<\/p>\n<p class=\"aw-1gybjub aw-1p7kakr kEtdKx cEmitX yle__article__paragraph\">Joulukuun etsint\u00e4yritys ei tuottanut tuloksia. Faveron mukaan etsint\u00f6j\u00e4 jatketaan heti, kun olosuhteet sallivat eli todenn\u00e4k\u00f6isesti vasta kev\u00e4\u00e4ll\u00e4, kun lumet alkavat sulaa.<\/p>\n","protected":false},"excerpt":{"rendered":"Suomalaismiehen ep\u00e4ill\u00e4\u00e4n hyp\u00e4nneen vuorelta ja p\u00e4\u00e4tyneen johonkin sen juuressa sijaitsevista rotkoista. Avaa kuvien katselu 35-vuotias suomalaismies katosi marraskuun&hellip;\n","protected":false},"author":2,"featured_media":138764,"comment_status":"","ping_status":"","sticky":false,"template":"","format":"standard","meta":{"footnotes":""},"categories":[5],"tags":[18708,22,23,26,27,33,31,30,17,199,71,24,25,28,29,15,837,18,21,32,19,20,56,16],"class_list":{"0":"post-138763","1":"post","2":"type-post","3":"status-publish","4":"format-standard","5":"has-post-thumbnail","7":"category-otsikot","8":"tag-base-hyppaaminen","9":"tag-breaking-news","10":"tag-breakingnews","11":"tag-featured-news","12":"tag-featurednews","13":"tag-fi","14":"tag-finland","15":"tag-finnish","16":"tag-headlines","17":"tag-italia","18":"tag-kotimaa","19":"tag-latest-news","20":"tag-latestnews","21":"tag-main-news","22":"tag-mainnews","23":"tag-news","24":"tag-onnettomuudet","25":"tag-otsikot","26":"tag-paauutiset","27":"tag-suomi","28":"tag-top-stories","29":"tag-topstories","30":"tag-ulkomaat","31":"tag-uutiset"},"share_on_mastodon":{"url":"https:\/\/pubeurope.com\/@fi\/115871691766588787","error":""},"_links":{"self":[{"href":"https:\/\/www.europesays.com\/fi\/wp-json\/wp\/v2\/posts\/138763","targetHints":{"allow":["GET"]}}],"collection":[{"href":"https:\/\/www.europesays.com\/fi\/wp-json\/wp\/v2\/posts"}],"about":[{"href":"https:\/\/www.europesays.com\/fi\/wp-json\/wp\/v2\/types\/post"}],"author":[{"embeddable":true,"href":"https:\/\/www.europesays.com\/fi\/wp-json\/wp\/v2\/users\/2"}],"replies":[{"embeddable":true,"href":"https:\/\/www.europesays.com\/fi\/wp-json\/wp\/v2\/comments?post=138763"}],"version-history":[{"count":0,"href":"https:\/\/www.europesays.com\/fi\/wp-json\/wp\/v2\/posts\/138763\/revisions"}],"wp:featuredmedia":[{"embeddable":true,"href":"https:\/\/www.europesays.com\/fi\/wp-json\/wp\/v2\/media\/138764"}],"wp:attachment":[{"href":"https:\/\/www.europesays.com\/fi\/wp-json\/wp\/v2\/media?parent=138763"}],"wp:term":[{"taxonomy":"category","embeddable":true,"href":"https:\/\/www.europesays.com\/fi\/wp-json\/wp\/v2\/categories?post=138763"},{"taxonomy":"post_tag","embeddable":true,"href":"https:\/\/www.europesays.com\/fi\/wp-json\/wp\/v2\/tags?post=138763"}],"curies":[{"name":"wp","href":"https:\/\/api.w.org\/{rel}","templated":true}]}}