{"id":138777,"date":"2026-01-10T16:37:11","date_gmt":"2026-01-10T16:37:11","guid":{"rendered":"https:\/\/www.europesays.com\/fi\/138777\/"},"modified":"2026-01-10T16:37:11","modified_gmt":"2026-01-10T16:37:11","slug":"kurdijoukot-ja-syyrian-armeija-kiistelevat-aleppon-hallinnasta-uutisia-lyhyesti","status":"publish","type":"post","link":"https:\/\/www.europesays.com\/fi\/138777\/","title":{"rendered":"Kurdijoukot ja Syyrian armeija kiistelev\u00e4t Aleppon hallinnasta | Uutisia lyhyesti"},"content":{"rendered":"<p class=\"aw-1gybjub aw-5vja16 kEtdKx kmuxyA yle__article__paragraph\">Osapuolet ovat erimielisi\u00e4 my\u00f6s tulitauosta.<\/p>\n<p><img decoding=\"async\" alt=\"Laaja kuva Aleppon kaupungista, jossa talot ovar osittain tuhoutuneet.\" src=\"https:\/\/www.europesays.com\/fi\/wp-content\/uploads\/2026\/01\/39-157950869620cb25ffa9.jpeg\" class=\"aw-1l9m598 hKVVvP\"\/><\/p>\n<p>Avaa kuvien katselu<\/p>\n<p>Kuva Aleppon Sheikh Maksoudin kaupunginosasta. Yhdysvallat evakuoi kurdijohtoisia taistelijoita alueelta perjantaina. Kuva: Bakr Alkasem \/ AFP<\/p>\n<p>10:17\u2022P\u00e4ivitetty 14:58<\/p>\n<p class=\"aw-1gybjub aw-1p7kakr kEtdKx cEmitX yle__article__paragraph\">Syyrian armeija ilmoittaa vallanneensa viimeisen kurditaistelijoiden hallussa olleen alueen Aleppossa. Tilanne on kuitenkin ep\u00e4selv\u00e4, sill\u00e4 kurdijohtoinen SDF-ryhm\u00e4 v\u00e4itt\u00e4\u00e4 kontrolloivansa edelleen Sheikh Maksoudin aluetta. Joukot eiv\u00e4t ole toistaiseksi suostuneet vet\u00e4ytym\u00e4\u00e4n Alepposta.<\/p>\n<p class=\"aw-1gybjub aw-1p7kakr kEtdKx cEmitX yle__article__paragraph\">Syyrian armeijan mukaan Aleppoon alkaa tilap\u00e4inen tulitauko kello 16 Suomen aikaa. Kurdit kuitenkin kiist\u00e4v\u00e4t, ett\u00e4 tulitauosta olisi ilmoitettu.<\/p>\n<p class=\"aw-1gybjub aw-1p7kakr kEtdKx cEmitX yle__article__paragraph\">Kaupungissa on edelleen levotonta ja tuhannet ihmiset ovat joutuneet j\u00e4tt\u00e4m\u00e4\u00e4n kotinsa.<\/p>\n<p class=\"aw-1gybjub aw-1p7kakr kEtdKx cEmitX yle__article__paragraph\">Presidentti <strong class=\"aw-ak79eh KyCXm yle__article__strong\">Ahmed al-Sharaa<\/strong> ei ole toistaiseksi kyennyt yhdist\u00e4m\u00e4\u00e4n maata 14 vuoden sis\u00e4llissodan j\u00e4lkeen.<\/p>\n<p class=\"aw-1gybjub aw-1p7kakr kEtdKx cEmitX yle__article__paragraph\">Syyriaa itsevaltaisesti johtanut presidentti <strong class=\"aw-ak79eh KyCXm yle__article__strong\">Bashar al-Assad<\/strong> syrj\u00e4ytettiin vuonna 2024.<\/p>\n<p class=\"aw-1gybjub aw-1p7kakr kEtdKx cEmitX yle__article__paragraph\">Jordania ja Yhdysvallat pyrkiv\u00e4t vahvistamaan tulitaukoa ja varmistamaan kurdijoukkojen vet\u00e4ytymisen Alepposta.<\/p>\n<p class=\"aw-1gybjub aw-1p7kakr kEtdKx cEmitX yle__article__paragraph\">L\u00e4hde: Reuters<\/p>\n","protected":false},"excerpt":{"rendered":"Osapuolet ovat erimielisi\u00e4 my\u00f6s tulitauosta. Avaa kuvien katselu Kuva Aleppon Sheikh Maksoudin kaupunginosasta. Yhdysvallat evakuoi kurdijohtoisia taistelijoita alueelta&hellip;\n","protected":false},"author":2,"featured_media":138778,"comment_status":"","ping_status":"","sticky":false,"template":"","format":"standard","meta":{"footnotes":""},"categories":[14],"tags":[14720,22,23,26,27,33,31,30,17,70,24093,24,25,28,29,15,18,21,32,4246,19,20,56,16,59,60,61],"class_list":{"0":"post-138777","1":"post","2":"type-post","3":"status-publish","4":"format-standard","5":"has-post-thumbnail","7":"category-ulkomaat","8":"tag-aleppo","9":"tag-breaking-news","10":"tag-breakingnews","11":"tag-featured-news","12":"tag-featurednews","13":"tag-fi","14":"tag-finland","15":"tag-finnish","16":"tag-headlines","17":"tag-kansainvalinen-politiikka","18":"tag-kurdit","19":"tag-latest-news","20":"tag-latestnews","21":"tag-main-news","22":"tag-mainnews","23":"tag-news","24":"tag-otsikot","25":"tag-paauutiset","26":"tag-suomi","27":"tag-syyria","28":"tag-top-stories","29":"tag-topstories","30":"tag-ulkomaat","31":"tag-uutiset","32":"tag-world","33":"tag-world-news","34":"tag-worldnews"},"share_on_mastodon":{"url":"https:\/\/pubeurope.com\/@fi\/115871786229193014","error":""},"_links":{"self":[{"href":"https:\/\/www.europesays.com\/fi\/wp-json\/wp\/v2\/posts\/138777","targetHints":{"allow":["GET"]}}],"collection":[{"href":"https:\/\/www.europesays.com\/fi\/wp-json\/wp\/v2\/posts"}],"about":[{"href":"https:\/\/www.europesays.com\/fi\/wp-json\/wp\/v2\/types\/post"}],"author":[{"embeddable":true,"href":"https:\/\/www.europesays.com\/fi\/wp-json\/wp\/v2\/users\/2"}],"replies":[{"embeddable":true,"href":"https:\/\/www.europesays.com\/fi\/wp-json\/wp\/v2\/comments?post=138777"}],"version-history":[{"count":0,"href":"https:\/\/www.europesays.com\/fi\/wp-json\/wp\/v2\/posts\/138777\/revisions"}],"wp:featuredmedia":[{"embeddable":true,"href":"https:\/\/www.europesays.com\/fi\/wp-json\/wp\/v2\/media\/138778"}],"wp:attachment":[{"href":"https:\/\/www.europesays.com\/fi\/wp-json\/wp\/v2\/media?parent=138777"}],"wp:term":[{"taxonomy":"category","embeddable":true,"href":"https:\/\/www.europesays.com\/fi\/wp-json\/wp\/v2\/categories?post=138777"},{"taxonomy":"post_tag","embeddable":true,"href":"https:\/\/www.europesays.com\/fi\/wp-json\/wp\/v2\/tags?post=138777"}],"curies":[{"name":"wp","href":"https:\/\/api.w.org\/{rel}","templated":true}]}}