{"id":138781,"date":"2026-01-10T16:39:07","date_gmt":"2026-01-10T16:39:07","guid":{"rendered":"https:\/\/www.europesays.com\/fi\/138781\/"},"modified":"2026-01-10T16:39:07","modified_gmt":"2026-01-10T16:39:07","slug":"vaitteet-kuukausi-ennen-vanhempien-surmaa-nick-reinerin-laakarit-tekivat-paatoksen","status":"publish","type":"post","link":"https:\/\/www.europesays.com\/fi\/138781\/","title":{"rendered":"V\u00e4itteet: kuukausi ennen vanhempien surmaa Nick Reinerin l\u00e4\u00e4k\u00e4rit tekiv\u00e4t p\u00e4\u00e4t\u00f6ksen"},"content":{"rendered":"<p>Ohjaajais\u00e4ns\u00e4 Rob Reinerin ja \u00e4itins\u00e4 Michele Singer Reinerin murhasta ep\u00e4ilty Nick-poika voi l\u00e4hteiden mukaan heikosti.<\/p>\n<p class=\"article-body mb-nof-24 px-nof-16\">N\u00e4yttelij\u00e4-ohjaaja <a class=\"font-bold underline-offset-[0.12em] [text-decoration:var(--person-link-text-decoration)] ![text-decoration-color:var(--person-link-text-decoration-color)]\" href=\"https:\/\/www.is.fi\/haku\/?query=Rob%20Reinerin\" rel=\"nofollow noopener\" target=\"_blank\">Rob Reinerin<\/a> ja t\u00e4m\u00e4n puoliso <a class=\"font-bold underline-offset-[0.12em] [text-decoration:var(--person-link-text-decoration)] ![text-decoration-color:var(--person-link-text-decoration-color)]\" href=\"https:\/\/www.is.fi\/haku\/?query=Michele%20Singer%20Reinerin\" rel=\"nofollow noopener\" target=\"_blank\">Michele Singer Reinerin<\/a> murhasta syytetyst\u00e4 <a class=\"font-bold underline-offset-[0.12em] [text-decoration:var(--person-link-text-decoration)] ![text-decoration-color:var(--person-link-text-decoration-color)]\" href=\"https:\/\/www.is.fi\/haku\/?query=Nick%20Reinerist%C3%A4\" rel=\"nofollow noopener\" target=\"_blank\">Nick Reinerist\u00e4<\/a> levi\u00e4\u00e4 huolestuttavia v\u00e4itteit\u00e4.<\/p>\n<p class=\"article-body mb-nof-24 px-nof-16\">Nick Reiner pid\u00e4tettiin pian sen j\u00e4lkeen, kun h\u00e4nen vanhempansa l\u00f6ydettiin kuolleina. T\u00e4ll\u00e4 hetkell\u00e4 Reiner odottaa oikeudenk\u00e4ynti\u00e4\u00e4n vankilassa Los Angelesissa, ja <a class=\"underline underline-offset-[0.12em] [text-decoration-thickness:var(--generic-link-underline-thickness)] [text-decoration-color:var(--generic-link-underline-color)] [text-decoration-skip-ink:var(--generic-link-underline-skip-ink)] break-words\" href=\"https:\/\/www.tmz.com\/2026\/01\/09\/nick-reiner-doc-victim-of-conspiracy-belief\/\" rel=\"nofollow noopener\" target=\"_blank\">TMZ<\/a>-lehti kertoo, ettei Reiner voi hyvin.<\/p>\n<p class=\"article-body mb-nof-24 px-nof-16\">TMZ:n mukaan l\u00e4heiset l\u00e4hteet kertovat, ettei Reiner ymm\u00e4rr\u00e4, miksi h\u00e4n on vankilassa. V\u00e4itetysti h\u00e4n uskoo, ett\u00e4 h\u00e4net vangittiin osana jonkinlaista salaliittoa. Lehden l\u00e4hteet v\u00e4itt\u00e4v\u00e4t, ett\u00e4 h\u00e4nen mielenterveytens\u00e4 heikkeneminen alkoi noin kuukausi ennen joulukuussa tapahtuneita surmia. Tuolloin h\u00e4n sai erilaisen l\u00e4\u00e4kityksen skitsoaffektiiviseen h\u00e4iri\u00f6\u00f6ns\u00e4.<\/p>\n<p class=\"article-body mb-nof-24 px-nof-16\"><a class=\"underline underline-offset-[0.12em] [text-decoration-thickness:var(--generic-link-underline-thickness)] [text-decoration-color:var(--generic-link-underline-color)] [text-decoration-skip-ink:var(--generic-link-underline-skip-ink)] break-words\" href=\"https:\/\/www.mielenterveystalo.fi\/fi\/f25-skitsoaffektiivinen-hairio\" rel=\"nofollow noopener\" target=\"_blank\">Mielenterveystalon <\/a>mukaan skitsoaffektiivinen h\u00e4iri\u00f6 tarkoittaa sit\u00e4, ett\u00e4 henkil\u00f6ll\u00e4 on samanaikaisesti skitsofrenian oireita ett\u00e4 mielialah\u00e4iri\u00f6n kuten masennuksen tai manian oireita.<\/p>\n<p class=\"article-body mb-nof-24 px-nof-16\">Tammikuun alussa kerrottiin, ett\u00e4 murhasyytteiden k\u00e4sittelyss\u00e4 on tapahtunut uusi k\u00e4\u00e4nne. Syytteenlukua on jouduttu lykk\u00e4\u00e4m\u00e4\u00e4n, koska Reinerin asianajaja <a class=\"font-bold underline-offset-[0.12em] [text-decoration:var(--person-link-text-decoration)] ![text-decoration-color:var(--person-link-text-decoration-color)]\" href=\"https:\/\/www.is.fi\/haku\/?query=Alan%20Jackson\" rel=\"nofollow noopener\" target=\"_blank\">Alan Jackson<\/a> p\u00e4\u00e4tti vet\u00e4yty\u00e4 tapauksesta. Koska Reinerill\u00e4 on oikeus asianajajaan, t\u00e4ytyy h\u00e4nelle etsi\u00e4 uusi.<\/p>\n<p class=\"article-body mb-nof-24 px-nof-16\">Rob ja Michele Reiner l\u00f6ydettiin kuolleina kotoaan joulukuun puolessav\u00e4liss\u00e4. Heid\u00e4n tytt\u00e4rens\u00e4 <a class=\"font-bold underline-offset-[0.12em] [text-decoration:var(--person-link-text-decoration)] ![text-decoration-color:var(--person-link-text-decoration-color)]\" href=\"https:\/\/www.is.fi\/haku\/?query=Romy%20Reiner\" rel=\"nofollow noopener\" target=\"_blank\">Romy Reiner<\/a> joutui todistamaan surmapaikkaa l\u00f6yt\u00e4ess\u00e4\u00e4n vanhemmat. Surmatekojen j\u00e4lkeen Nick Reiner oli kirjautunut Santa Monicassa hotelliin ja varannut huoneen yhdeksi y\u00f6ksi. Kun henkil\u00f6kunta saapui varauksen loputtua huoneeseen, oli se veren peitossa. S\u00e4nky oli verinen ja lakanat oli laitettu ikkunoiden eteen n\u00e4k\u00f6esteeksi.<\/p>\n<p class=\"article-body mb-nof-24 px-nof-16\">Ennen surmia Nick ja Rob Reinerill\u00e4 v\u00e4itet\u00e4\u00e4n olleen jonkinlaista k\u00e4rh\u00e4m\u00e4\u00e4 juhlissa, jossa he olivat olleet vierailemassa. Silminn\u00e4kij\u00e4havaintojen mukaan Nick Reiner oli k\u00e4ytt\u00e4ytynyt tilaisuudessa \u201doudosti\u201d.<\/p>\n<p class=\"article-body mb-nof-24 px-nof-16\">\u2013 Nick k\u00e4ytt\u00e4ytyi pelottavasti ja sekavasti ja kyseli ihmisilt\u00e4, ovatko he kuuluisia, kertoi l\u00e4hde<a class=\"underline underline-offset-[0.12em] [text-decoration-thickness:var(--generic-link-underline-thickness)] [text-decoration-color:var(--generic-link-underline-color)] [text-decoration-skip-ink:var(--generic-link-underline-skip-ink)] break-words\" href=\"https:\/\/www.dailymail.co.uk\/tvshowbiz\/article-15387287\/Rob-Reiner-Michele-death-son-Nick-arrest.html\" rel=\"nofollow noopener\" target=\"_blank\"> Daily Mailille<\/a>.<\/p>\n<p class=\"article-body mb-nof-24 px-nof-16\">Vanhemmat olivat jopa ilmaisseet, ett\u00e4 he \u201dpelk\u00e4siv\u00e4t\u201d ja \u201dolivat huolissaan siit\u00e4, ett\u00e4 pojan mielenterveyden tila heikkenee\u201d.<\/p>\n","protected":false},"excerpt":{"rendered":"Ohjaajais\u00e4ns\u00e4 Rob Reinerin ja \u00e4itins\u00e4 Michele Singer Reinerin murhasta ep\u00e4ilty Nick-poika voi l\u00e4hteiden mukaan heikosti. N\u00e4yttelij\u00e4-ohjaaja Rob Reinerin&hellip;\n","protected":false},"author":2,"featured_media":138782,"comment_status":"","ping_status":"","sticky":false,"template":"","format":"standard","meta":{"footnotes":""},"categories":[5],"tags":[22,23,26,27,33,31,30,17,34,24,25,28,29,15,18,21,32,19,20,16],"class_list":{"0":"post-138781","1":"post","2":"type-post","3":"status-publish","4":"format-standard","5":"has-post-thumbnail","7":"category-otsikot","8":"tag-breaking-news","9":"tag-breakingnews","10":"tag-featured-news","11":"tag-featurednews","12":"tag-fi","13":"tag-finland","14":"tag-finnish","15":"tag-headlines","16":"tag-ilta-sanomat","17":"tag-latest-news","18":"tag-latestnews","19":"tag-main-news","20":"tag-mainnews","21":"tag-news","22":"tag-otsikot","23":"tag-paauutiset","24":"tag-suomi","25":"tag-top-stories","26":"tag-topstories","27":"tag-uutiset"},"share_on_mastodon":{"url":"https:\/\/pubeurope.com\/@fi\/115871793989942502","error":""},"_links":{"self":[{"href":"https:\/\/www.europesays.com\/fi\/wp-json\/wp\/v2\/posts\/138781","targetHints":{"allow":["GET"]}}],"collection":[{"href":"https:\/\/www.europesays.com\/fi\/wp-json\/wp\/v2\/posts"}],"about":[{"href":"https:\/\/www.europesays.com\/fi\/wp-json\/wp\/v2\/types\/post"}],"author":[{"embeddable":true,"href":"https:\/\/www.europesays.com\/fi\/wp-json\/wp\/v2\/users\/2"}],"replies":[{"embeddable":true,"href":"https:\/\/www.europesays.com\/fi\/wp-json\/wp\/v2\/comments?post=138781"}],"version-history":[{"count":0,"href":"https:\/\/www.europesays.com\/fi\/wp-json\/wp\/v2\/posts\/138781\/revisions"}],"wp:featuredmedia":[{"embeddable":true,"href":"https:\/\/www.europesays.com\/fi\/wp-json\/wp\/v2\/media\/138782"}],"wp:attachment":[{"href":"https:\/\/www.europesays.com\/fi\/wp-json\/wp\/v2\/media?parent=138781"}],"wp:term":[{"taxonomy":"category","embeddable":true,"href":"https:\/\/www.europesays.com\/fi\/wp-json\/wp\/v2\/categories?post=138781"},{"taxonomy":"post_tag","embeddable":true,"href":"https:\/\/www.europesays.com\/fi\/wp-json\/wp\/v2\/tags?post=138781"}],"curies":[{"name":"wp","href":"https:\/\/api.w.org\/{rel}","templated":true}]}}