{"id":138785,"date":"2026-01-10T16:54:12","date_gmt":"2026-01-10T16:54:12","guid":{"rendered":"https:\/\/www.europesays.com\/fi\/138785\/"},"modified":"2026-01-10T16:54:12","modified_gmt":"2026-01-10T16:54:12","slug":"mtv-poisti-kohuohjelman-jakson","status":"publish","type":"post","link":"https:\/\/www.europesays.com\/fi\/138785\/","title":{"rendered":"MTV poisti kohuohjelman jakson"},"content":{"rendered":"<p>MTV poisti lastenohjelman jakson. <\/p>\n<p><img decoding=\"async\" class=\"image image-show image-preview\" src=\"https:\/\/www.europesays.com\/fi\/wp-content\/uploads\/2026\/01\/01ed393b183c148ebedfc9ca38c02f4c0dffdaa68f9b7d694c1dce90a65dab16.jpg\" alt=\"\"\/><img decoding=\"async\" class=\"image image-show\" src=\"https:\/\/www.europesays.com\/fi\/wp-content\/uploads\/2026\/01\/1768064052_325_01ed393b183c148ebedfc9ca38c02f4c0dffdaa68f9b7d694c1dce90a65dab16.jpg\" alt=\"\"\/><\/p>\n<p>Fr\u00f6belin palikat vuonna 2017.  MATTI MATIKAINEN<\/p>\n<p class=\"paragraph\">MTV on poistanut Katsomosta Fr\u00f6belin palikat -ohjelman kahdeksannen jakson eik\u00e4 sit\u00e4 n\u00e4ytet\u00e4 uudelleen.<\/p>\n<p class=\"paragraph\">Jakso <a href=\"https:\/\/www.iltalehti.fi\/tv-ja-leffat\/af21cb61-19e0-47f4-a0e3-e1da6b55bcd7\" rel=\"nofollow noopener\" target=\"_blank\">her\u00e4tti n\u00e4r\u00e4styst\u00e4<\/a>.<\/p>\n<p class=\"paragraph\">\u2013 Olemme poistaneet Fr\u00f6belin palikat -ohjelman jakson kahdeksan esityksest\u00e4. Esimerkiksi n\u00e4in voimme toimia, ellei yksitt\u00e4inen sis\u00e4lt\u00f6 vastaa en\u00e4\u00e4 nykyp\u00e4iv\u00e4\u00e4, <strong>Maiju Saloranta <\/strong>sanoo MTV3:n viestinn\u00e4st\u00e4.<\/p>\n<p class=\"paragraph\">N\u00e4r\u00e4styst\u00e4 her\u00e4tt\u00e4neess\u00e4 jaksossa esitettiin Kaivan monttua -kappaleen musiikkivideo, jossa Fr\u00f6belin palikat -yhtyeen j\u00e4senet katsovat kameraan samalla silmi\u00e4\u00e4n venytt\u00e4en ja laulavat \u201dkuuluu ching chang chong, kuuluu ching chang chong\u201d.<\/p>\n<p class=\"paragraph\">Lastenmusiikkiyhtye Fr\u00f6belin palikat on ollut aktiivisena 1980-luvun lopulta l\u00e4htien. Yhtye sai pitk\u00e4st\u00e4 urastaan Erikois-Emman vuonna 2017.<\/p>\n<p class=\"paragraph\">Yhtye esiintyi Ruisrockissa vuonna 2024.<\/p>\n","protected":false},"excerpt":{"rendered":"MTV poisti lastenohjelman jakson. Fr\u00f6belin palikat vuonna 2017. MATTI MATIKAINEN MTV on poistanut Katsomosta Fr\u00f6belin palikat -ohjelman kahdeksannen&hellip;\n","protected":false},"author":2,"featured_media":138786,"comment_status":"","ping_status":"","sticky":false,"template":"","format":"standard","meta":{"footnotes":""},"categories":[133],"tags":[35,138,137,33,31,30,763,47,141,32,397,484,206,156,109],"class_list":{"0":"post-138785","1":"post","2":"type-post","3":"status-publish","4":"format-standard","5":"has-post-thumbnail","7":"category-televisiot","8":"tag-24h","9":"tag-audio","10":"tag-entertainment","11":"tag-fi","12":"tag-finland","13":"tag-finnish","14":"tag-kulttuuri-ja-viihde","15":"tag-musiikki","16":"tag-muusikot-bandit","17":"tag-suomi","18":"tag-taide","19":"tag-taiteellinen-ilmaisu-ja-mediat","20":"tag-televisiot","21":"tag-tv","22":"tag-viihde"},"share_on_mastodon":{"url":"https:\/\/pubeurope.com\/@fi\/115871852988210711","error":""},"_links":{"self":[{"href":"https:\/\/www.europesays.com\/fi\/wp-json\/wp\/v2\/posts\/138785","targetHints":{"allow":["GET"]}}],"collection":[{"href":"https:\/\/www.europesays.com\/fi\/wp-json\/wp\/v2\/posts"}],"about":[{"href":"https:\/\/www.europesays.com\/fi\/wp-json\/wp\/v2\/types\/post"}],"author":[{"embeddable":true,"href":"https:\/\/www.europesays.com\/fi\/wp-json\/wp\/v2\/users\/2"}],"replies":[{"embeddable":true,"href":"https:\/\/www.europesays.com\/fi\/wp-json\/wp\/v2\/comments?post=138785"}],"version-history":[{"count":0,"href":"https:\/\/www.europesays.com\/fi\/wp-json\/wp\/v2\/posts\/138785\/revisions"}],"wp:featuredmedia":[{"embeddable":true,"href":"https:\/\/www.europesays.com\/fi\/wp-json\/wp\/v2\/media\/138786"}],"wp:attachment":[{"href":"https:\/\/www.europesays.com\/fi\/wp-json\/wp\/v2\/media?parent=138785"}],"wp:term":[{"taxonomy":"category","embeddable":true,"href":"https:\/\/www.europesays.com\/fi\/wp-json\/wp\/v2\/categories?post=138785"},{"taxonomy":"post_tag","embeddable":true,"href":"https:\/\/www.europesays.com\/fi\/wp-json\/wp\/v2\/tags?post=138785"}],"curies":[{"name":"wp","href":"https:\/\/api.w.org\/{rel}","templated":true}]}}