{"id":138789,"date":"2026-01-10T16:59:08","date_gmt":"2026-01-10T16:59:08","guid":{"rendered":"https:\/\/www.europesays.com\/fi\/138789\/"},"modified":"2026-01-10T16:59:08","modified_gmt":"2026-01-10T16:59:08","slug":"timothy-busfieldin-pidatysmaarays-west-wing-tahtea-syytetaan-lapsen-seksuaalisesta-hyvaksikaytosta","status":"publish","type":"post","link":"https:\/\/www.europesays.com\/fi\/138789\/","title":{"rendered":"Timothy Busfieldin pid\u00e4tysm\u00e4\u00e4r\u00e4ys: West Wing -t\u00e4hte\u00e4 syytet\u00e4\u00e4n lapsen seksuaalisesta hyv\u00e4ksik\u00e4yt\u00f6st\u00e4"},"content":{"rendered":"<p>            All Over Press\n        <\/p>\n<p class=\"subtitle \">West Wingist\u00e4 ja Kolkyt ja risat -sarjasta tutulle Timothy Busfieldille on annettu pid\u00e4tysm\u00e4\u00e4r\u00e4ys.<\/p>\n<p class=\"article-content article-content-width !bg-background\">N\u00e4yttelij\u00e4 , 68, joka tunnetaan roolistaan Danny Concannonina West Wing -sarjassa, on saanut syytteet kahdesta alaik\u00e4iseen kohdistuneesta seksuaalisesta teosta ja yhdest\u00e4 lapsen pahoinpitelyst\u00e4.<\/p>\n<p class=\"article-content article-content-width !bg-background\">Albuquerquen poliisilaitoksen 9. tammikuuta antaman ja <a href=\"https:\/\/people.com\/west-wing-actor-timothy-busfield-arrest-warrant-issued-for-alleged-child-sex-abuse-11882932\" target=\"_blank\" rel=\"nofollow noopener\">Peoplen<\/a> haltuunsa saaman pid\u00e4tysm\u00e4\u00e4r\u00e4yksen mukaan viranomaiset v\u00e4itt\u00e4v\u00e4t, ett\u00e4 Busfield on syyllistynyt seksuaaliseen kanssak\u00e4ymiseen kahden 11-vuotiaan sisaruksen kanssa, joiden henkil\u00f6llisyytt\u00e4 ei ole julkistettu.<\/p>\n<p class=\"article-content article-content-width !bg-background\">Toisen alaik\u00e4isen mukaan tapahtumat alkoivat, kun h\u00e4n oli 7-vuotias. Tutkinta k\u00e4ynnistyi 1. marraskuuta 2024, kun New Mexicon yliopistollisen sairaalan l\u00e4\u00e4k\u00e4ri ilmoitti poliisille ep\u00e4illyst\u00e4 seksuaalisesta hyv\u00e4ksik\u00e4yt\u00f6st\u00e4.<\/p>\n<p class=\"article-content article-content-width !bg-background\">Poliisi  laatiman pid\u00e4tysm\u00e4\u00e4r\u00e4yksen mukaan uhrien vanhemmat kertoivat, ett\u00e4 lapset olivat lapsin\u00e4yttelij\u00f6it\u00e4, jotka tapasivat Busfieldin The Cleaning Lady -sarjan kuvauksissa, joissa Busfield toimi ohjaajana.<\/p>\n<p>        <a itemprop=\"url\" href=\"https:\/\/www.seiska.fi\/ulkomaat\/kolme-miesta-ja-tytto-tahti-menehtyi-poliisi-tutkii-henkirikosta\/2021620\" rel=\"nofollow noopener\" target=\"_blank\"><\/p>\n<p>\nRob Reiner on kuollut\n<\/p>\n<p class=\"section-date\">\n        <strong class=\"article-section\" data-section=\"ulkomaat\"><br \/>\n            ulkomaat<br \/>\n        <\/strong><br \/>\n        15.12.2025 06:53\n    <\/p>\n<p>Kolme miest\u00e4 ja tytt\u00f6 -t\u00e4hti menehtyi \u2013 poliisi tutkii henkirikosta\n    <\/p>\n<p itemprop=\"description\" class=\"subtitle \">\n    N\u00e4yttelij\u00e4-ohjaaja Rob Reiner ja h\u00e4nen vaimonsa l\u00f6ytyiv\u00e4t kuolleina kodistaan sunnuntaina.\n<\/p>\n<p>        <\/a><\/p>\n<p>L\u00e4hentyi poikien kanssa<\/p>\n<p class=\"article-content article-content-width !bg-background\">Vanhempien mukaan Busfield l\u00e4hentyi poikien kanssa liittyess\u00e4\u00e4n sarjaan. Vanhemmat kertoivat poliisille, ett\u00e4 he olivat kuulleet Busfieldiin kohdistuneista v\u00e4itteist\u00e4 seksuaalisesta ahdistelusta sek\u00e4 naisia ett\u00e4 alaik\u00e4isi\u00e4 kohtaan.<\/p>\n<p class=\"article-content article-content-width !bg-background\">Kun is\u00e4 sai kuulla huhuista, joiden mukaan Busfield oli ollut liian tuttavallinen naisten kanssa, \u00e4iti kysyi 11-vuotiailta pojiltaan, oliko kukaan koskaan koskettanut heit\u00e4 ep\u00e4miellytt\u00e4v\u00e4ll\u00e4 tavalla. Pojat vastasivat v\u00e4itetysti: \u201dTarkoitatko Tim-set\u00e4\u00e4?\u201d<\/p>\n<p class=\"article-content article-content-width !bg-background\">Poliisin mukaan lapset eiv\u00e4t tuolloin kertoneet seksuaalisesta kontaktista, mutta sanoivat Busfieldin kutittaneen heit\u00e4 vatsasta ja jaloista. Tapaus ei tuolloin t\u00e4ytt\u00e4nyt tutkintakriteerej\u00e4.<\/p>\n<p>                <img decoding=\"async\" src=\"https:\/\/www.europesays.com\/fi\/wp-content\/uploads\/2026\/01\/2042599.webp.jpeg\" width=\"576\" height=\"725\" alt=\"Timothy Busfieldille on annettu pid\u00e4tysm\u00e4\u00e4r\u00e4ys vakavista teoista.\" loading=\"lazy\" \/>            <\/p>\n<p>\n            Timothy Busfieldille on annettu pid\u00e4tysm\u00e4\u00e4r\u00e4ys vakavista teoista.<br \/>\n            All Over Press\n        <\/p>\n<p>Terapeutti diagnosoi traumaper\u00e4isen stressih\u00e4iri\u00f6n<\/p>\n<p class=\"article-content article-content-width !bg-background\">3. lokakuuta 2025 \u00e4iti teki poliisille ilmoituksen ja kertoi lastensuojeluviranomaisille, ett\u00e4 lapset olivat kertoneet Busfieldin hyv\u00e4ksik\u00e4ytt\u00e4neen heit\u00e4 marraskuun 2022 ja kev\u00e4\u00e4n 2024 v\u00e4lisen\u00e4 aikana. Pid\u00e4tysm\u00e4\u00e4r\u00e4yksen mukaan h\u00e4nelle kuitenkin sanottiin, ettei mit\u00e4\u00e4n voitu tehd\u00e4, koska fyysist\u00e4 v\u00e4kivaltaa ei ollut tapahtunut.<\/p>\n<p>        <a itemprop=\"url\" href=\"https:\/\/www.seiska.fi\/vain-seiskassa\/seiskan-paparazzi-joutui-ron-jeremyn-yllattamaksi-ex-aikuisviihdetahdelta-kuvottava-temppu-helsinkilaishotellissa\/2025113\" rel=\"nofollow noopener\" target=\"_blank\"><\/p>\n<p>\nSeiskan paparazzi joutui Ron Jeremyn yll\u00e4tt\u00e4m\u00e4ksi\n<\/p>\n<p class=\"section-date\">\n        <strong class=\"article-section\" data-section=\"vain seiskassa\"><br \/>\n            vain seiskassa<br \/>\n        <\/strong><br \/>\n        29.12.2025 06:00\n    <\/p>\n<p>Seiskan paparazzi joutui Ron Jeremyn yll\u00e4tt\u00e4m\u00e4ksi \u2013 ex-aikuisviihdet\u00e4hdelt\u00e4 kuvottava temppu helsinkil\u00e4ishotellissa\n    <\/p>\n<p itemprop=\"description\" class=\"subtitle \">\n    Ron Jeremy m\u00e4\u00e4r\u00e4ttiin psykiatriseen hoitoon, mutta yksik\u00e4\u00e4n laitos ei suostunut ottamaan h\u00e4nt\u00e4 vastaan.\n<\/p>\n<p>        <\/a><\/p>\n<p class=\"article-content article-content-width !bg-background\">Syyskuussa 2025 \u00e4iti kertoi viranomaisille, ett\u00e4 toinen pojista oli paljastanut terapeutilleen Busfieldin koskettaneen h\u00e4nt\u00e4 sopimattomasti.<\/p>\n<p class=\"article-content article-content-width !bg-background\">Kun uhri oli 10-vuotias, terapeutti diagnosoi h\u00e4nelle keskivaikean traumaper\u00e4isen stressih\u00e4iri\u00f6n ja ahdistuneisuutta v\u00e4itetyn koskettelun j\u00e4lkeen. Terapeutin mukaan lapsi n\u00e4ki painajaisia ohjaajasta, joka kosketteli h\u00e4nt\u00e4, ja kertoi Busfieldin kosketelleen ja hieroneen h\u00e4nen sukuelint\u00e4\u00e4n useita kertoja.<\/p>\n<p class=\"article-content article-content-width !bg-background\">Pid\u00e4tysm\u00e4\u00e4r\u00e4yksen mukaan lapsella ilmeni my\u00f6s y\u00f6kastelua ja muita k\u00e4yt\u00f6sh\u00e4iri\u00f6it\u00e4.<\/p>\n<p class=\"article-content article-content-width !bg-background\"> \u2013 Kuvausten j\u00e4lkeen uhri sanoi pel\u00e4nneens\u00e4 ja juosseensa nopeasti is\u00e4ns\u00e4 luo piiloutuen h\u00e4nen taakseen, pid\u00e4tysm\u00e4\u00e4r\u00e4yksess\u00e4 todetaan.<\/p>\n<p class=\"article-content article-content-width !bg-background\">\u2013 Uhri kertoi pel\u00e4nneens\u00e4 kertoa kenellek\u00e4\u00e4n, koska Tim oli ohjaaja ja h\u00e4n pelk\u00e4si t\u00e4m\u00e4n suuttuvan.<\/p>\n<p class=\"article-content article-content-width !bg-background\">Uhrin kerrotaan sanoneen, ettei h\u00e4n halunnut kertoa asiasta, koska ei halunnut olla ilke\u00e4 Busfieldi\u00e4 kohtaan.<\/p>\n<p class=\"article-content article-content-width !bg-background\">\u00c4idin mukaan kuvausryhm\u00e4 oli aiemmin jakanut iPadeja, jotta vanhemmat saattoivat seurata lapsiaan toisesta tilasta, mutta k\u00e4yt\u00e4nt\u00f6 lopetettiin Busfieldin palkkaamisen j\u00e4lkeen. \u00c4idin mukaan Busfield oli sanonut, ettei vanhempien iPadien k\u00e4ytt\u00f6 ollut tavanomaista eik\u00e4 suositeltavaa.<\/p>\n<p>        <a itemprop=\"url\" href=\"https:\/\/www.seiska.fi\/ulkomaat\/muusikolta-rajuja-syytoksia-will-smithista-tama-tapauksesta-tiedetaan\/2036181\" rel=\"nofollow noopener\" target=\"_blank\"><\/p>\n<p>\nWill Smith\n<\/p>\n<p class=\"section-date\">\n        <strong class=\"article-section\" data-section=\"ulkomaat\"><br \/>\n            ulkomaat<br \/>\n        <\/strong><br \/>\n        5.1. 08:05\n    <\/p>\n<p>Muusikolta rajuja syyt\u00f6ksi\u00e4 Will Smithist\u00e4 \u2013 t\u00e4m\u00e4 tapauksesta tiedet\u00e4\u00e4n\n    <\/p>\n<p itemprop=\"description\" class=\"subtitle \">\n    Viulisti Brian King Joseph on nostanut kanteen Will Smithi\u00e4 ja t\u00e4m\u00e4n yhti\u00f6t\u00e4 vastaan syytt\u00e4en t\u00e4t\u00e4 seksuaalisesta h\u00e4irinn\u00e4st\u00e4.\n<\/p>\n<p>        <\/a><\/p>\n<p>                <img decoding=\"async\" src=\"https:\/\/www.europesays.com\/fi\/wp-content\/uploads\/2026\/01\/2042601.webp.jpeg\" width=\"576\" height=\"312\" alt=\"West Wing -sarjaa tehtiin vuodesta 1999 vuoteen 2006.\" loading=\"lazy\" \/>            <\/p>\n<p>\n            West Wing -sarjaa tehtiin vuodesta 1999 vuoteen 2006.<br \/>\n            All Over Press\n        <\/p>\n<p>&#8221;Halusi leikkis\u00e4n ilmapiirin&#8221;<\/p>\n<p class=\"article-content article-content-width !bg-background\">Pid\u00e4tysm\u00e4\u00e4r\u00e4yksen mukaan Busfield kertoi poliisille, ett\u00e4 vanhemmat olivat vihaisia, koska heid\u00e4n poikansa oli korvattu nuoremmalla n\u00e4yttelij\u00e4ll\u00e4.\u00a0Busfield v\u00e4itti my\u00f6s, ett\u00e4 er\u00e4s n\u00e4yttelij\u00e4 oli kertonut h\u00e4nelle poikien \u00e4idin haluavan kostaa.<\/p>\n<p class=\"article-content article-content-width !bg-background\">Kun tutkijat kysyiv\u00e4t, oliko h\u00e4n koskaan nostanut poikia syliins\u00e4 tai kutittanut heit\u00e4, Busfield sanoi sen olevan mahdollista, koska h\u00e4n halusi kuvauksiin leikkis\u00e4n ilmapiirin.<\/p>\n<p class=\"article-content article-content-width !bg-background\"> \u2013 Olen aina ihmisten ymp\u00e4r\u00f6im\u00e4n\u00e4, se tapahtuisi vanhempien n\u00e4hden.\u00a0En muista nostaneeni juuri n\u00e4it\u00e4 poikia, mutta muistan nostaneeni heid\u00e4n j\u00e4lkeens\u00e4 tulleen pojan. H\u00e4n nauroi, ja se auttoi h\u00e4nt\u00e4 rentoutumaan ennen kuvauksia, Busfield sanoi.<\/p>\n<p class=\"article-content article-content-width !bg-background\">Busfield kertoi my\u00f6s, ett\u00e4 h\u00e4n ja h\u00e4nen vaimonsa, n\u00e4yttelij\u00e4 , olivat tekemisiss\u00e4 poikien ja heid\u00e4n vanhempiensa kanssa my\u00f6s ty\u00f6n ulkopuolella. He ovat muun muassa antaneet n\u00e4ille joululahjoja ja osallistuneet yhteisiin tilaisuuksiin.<\/p>\n<p>        <a itemprop=\"url\" href=\"https:\/\/www.seiska.fi\/rikos\/rappiostriimajan-synkka-tausta-puukotti-miesta-rintaan-ja-kuvasi-pikkulasta-vessassa\/2027916\" rel=\"nofollow noopener\" target=\"_blank\"><\/p>\n<p>\nRappiostriimajan synkk\u00e4 tausta\n<\/p>\n<p class=\"section-date\">\n        <strong class=\"article-section\" data-section=\"rikos\"><br \/>\n            rikos<br \/>\n        <\/strong><br \/>\n        30.12.2025 06:30\n    <\/p>\n<p>Rappiostriimajan synkk\u00e4 tausta: Puukotti miest\u00e4 rintaan ja kuvasi pikkulasta vessassa\n    <\/p>\n<p itemprop=\"description\" class=\"subtitle \">\n    Rappiostriimaaja &#8221;Pullis&#8221; eli Atte Karttunen voitti transnaisen hupiottelussa.\n<\/p>\n<p>        <\/a><\/p>\n<p>Koskettelu naamioidaan leikiksi<\/p>\n<p class=\"article-content article-content-width !bg-background\">Poliisi totesi pid\u00e4tysm\u00e4\u00e4r\u00e4yksess\u00e4 uskovansa, ett\u00e4 Busfieldill\u00e4 oli mahdollisuus olla kahden kesken pojan kanssa, kun t\u00e4m\u00e4 makasi lavasteissa olleessa s\u00e4ngyss\u00e4.<\/p>\n<p class=\"article-content article-content-width !bg-background\">Warner Brosin sis\u00e4isen tutkinnan tuloksissa todettiin, ett\u00e4 er\u00e4s henkil\u00f6 oli n\u00e4hnyt Busfieldin suutelevan alaik\u00e4ist\u00e4 poikaa poskelle maskeerausvaunussa joulukuussa 2024.<\/p>\n<p class=\"article-content article-content-width !bg-background\"> \u2013 Koulutukseni ja kokemukseni perusteella pedofiilit usein soluttautuvat perheisiin luotettavassa roolissa, kuten Timothy, joka tuottajana k\u00e4ytti hyv\u00e4kseen kiireisi\u00e4 kuvauksia kutitellakseen ja kosketellakseen uhria, naamioiden sen leikiksi, poliisi kirjoitti pid\u00e4tysm\u00e4\u00e4r\u00e4yksess\u00e4.<\/p>\n<p class=\"article-content article-content-width !bg-background\"> \u2013 H\u00e4n kutsui perheen yksityisiin tilaisuuksiin, ja h\u00e4nen vaimonsa osti joululahjoja luodakseen l\u00e4heisyytt\u00e4 \u2013 klassinen houkuttelutaktiikka, jolla rikotaan rajoja, eristet\u00e4\u00e4n uhri ja peitet\u00e4\u00e4n hyv\u00e4ksik\u00e4ytt\u00f6 normaalin vuorovaikutuksen alle.<\/p>\n<p class=\"article-content article-content-width !bg-background\">Pid\u00e4tysm\u00e4\u00e4r\u00e4yksen mukaan Busfieldi\u00e4 vastaan on esitetty my\u00f6s aiempia seksuaalisen ahdistelun v\u00e4itteit\u00e4, jotka ulottuvat vuoteen 1994.<\/p>\n","protected":false},"excerpt":{"rendered":"All Over Press West Wingist\u00e4 ja Kolkyt ja risat -sarjasta tutulle Timothy Busfieldille on annettu pid\u00e4tysm\u00e4\u00e4r\u00e4ys. N\u00e4yttelij\u00e4 ,&hellip;\n","protected":false},"author":2,"featured_media":138790,"comment_status":"","ping_status":"","sticky":false,"template":"","format":"standard","meta":{"footnotes":""},"categories":[130],"tags":[137,33,31,30,13321,21411,38,32,24097,109,24096],"class_list":{"0":"post-138789","1":"post","2":"type-post","3":"status-publish","4":"format-standard","5":"has-post-thumbnail","7":"category-viihde","8":"tag-entertainment","9":"tag-fi","10":"tag-finland","11":"tag-finnish","12":"tag-lapsen-seksuaalinen-hyvaksikaytto","13":"tag-pidatysmaarays","14":"tag-rikos","15":"tag-suomi","16":"tag-timothy-busfield","17":"tag-viihde","18":"tag-west-wing"},"share_on_mastodon":{"url":"https:\/\/pubeurope.com\/@fi\/115871872996168162","error":""},"_links":{"self":[{"href":"https:\/\/www.europesays.com\/fi\/wp-json\/wp\/v2\/posts\/138789","targetHints":{"allow":["GET"]}}],"collection":[{"href":"https:\/\/www.europesays.com\/fi\/wp-json\/wp\/v2\/posts"}],"about":[{"href":"https:\/\/www.europesays.com\/fi\/wp-json\/wp\/v2\/types\/post"}],"author":[{"embeddable":true,"href":"https:\/\/www.europesays.com\/fi\/wp-json\/wp\/v2\/users\/2"}],"replies":[{"embeddable":true,"href":"https:\/\/www.europesays.com\/fi\/wp-json\/wp\/v2\/comments?post=138789"}],"version-history":[{"count":0,"href":"https:\/\/www.europesays.com\/fi\/wp-json\/wp\/v2\/posts\/138789\/revisions"}],"wp:featuredmedia":[{"embeddable":true,"href":"https:\/\/www.europesays.com\/fi\/wp-json\/wp\/v2\/media\/138790"}],"wp:attachment":[{"href":"https:\/\/www.europesays.com\/fi\/wp-json\/wp\/v2\/media?parent=138789"}],"wp:term":[{"taxonomy":"category","embeddable":true,"href":"https:\/\/www.europesays.com\/fi\/wp-json\/wp\/v2\/categories?post=138789"},{"taxonomy":"post_tag","embeddable":true,"href":"https:\/\/www.europesays.com\/fi\/wp-json\/wp\/v2\/tags?post=138789"}],"curies":[{"name":"wp","href":"https:\/\/api.w.org\/{rel}","templated":true}]}}