{"id":138793,"date":"2026-01-10T17:03:07","date_gmt":"2026-01-10T17:03:07","guid":{"rendered":"https:\/\/www.europesays.com\/fi\/138793\/"},"modified":"2026-01-10T17:03:07","modified_gmt":"2026-01-10T17:03:07","slug":"iskuista-venezuelaan-paljastui-uutta-tietoa-kaytossa-myos-aarimmaisen-harvinainen-haivelennokki","status":"publish","type":"post","link":"https:\/\/www.europesays.com\/fi\/138793\/","title":{"rendered":"Iskuista Venezuelaan paljastui uutta tietoa \u2013 k\u00e4yt\u00f6ss\u00e4 my\u00f6s \u00e4\u00e4rimm\u00e4isen harvinainen h\u00e4ivelennokki"},"content":{"rendered":"<p>H\u00e4iveteknologia oli keskeisess\u00e4 osassa, kun F-35-h\u00e4vitt\u00e4j\u00e4t tuhosivat ven\u00e4l\u00e4isvalmisteiset ilmatorjuntaj\u00e4rjestelm\u00e4t.<\/p>\n<p>Yhdysvallat iski Venezuelaan viikko sitten.<\/p>\n<p class=\"article-body mb-nof-24 px-nof-16\">Yhdysvallat k\u00e4ytti ilma-iskuissa Venezuelaan presidentti <a class=\"font-bold underline-offset-[0.12em] [text-decoration:var(--person-link-text-decoration)] ![text-decoration-color:var(--person-link-text-decoration-color)]\" href=\"https:\/\/www.is.fi\/haku\/?query=Nicolas%20Maduron\" rel=\"nofollow noopener\" target=\"_blank\">Nicolas Maduron <\/a>sieppauksen aikana asevoimiensa edistyneint\u00e4 h\u00e4iveteknologiaa.<\/p>\n<p class=\"article-body mb-nof-24 px-nof-16\">Asevoimien komentaja <a class=\"font-bold underline-offset-[0.12em] [text-decoration:var(--person-link-text-decoration)] ![text-decoration-color:var(--person-link-text-decoration-color)]\" href=\"https:\/\/www.is.fi\/haku\/?query=Dan%20Caine\" rel=\"nofollow noopener\" target=\"_blank\">Dan Caine <\/a>mainitsi heti iskujen j\u00e4lkeen, ett\u00e4 k\u00e4yt\u00f6ss\u00e4 oli muun muassa F-22- ja F-35-h\u00e4vitt\u00e4ji\u00e4 sek\u00e4 B2-h\u00e4ive\u00adpommikoneita.<\/p>\n<p class=\"article-body mb-nof-24 px-nof-16\">Useat puolustusalan julkaisut ovat lis\u00e4ksi kertoneet havainnoista, joiden perusteella my\u00f6s ilmavoimien salaisimpiin kuuluva RQ-170 Sentinel -tiedustelulennokki osallistui iskujen valmisteluun. T\u00e4t\u00e4 tietoa ei ole vahvistettu.<\/p>\n<p><img decoding=\"async\" src=\"https:\/\/www.europesays.com\/fi\/wp-content\/uploads\/2026\/01\/1768064587_690_468.jpg\" alt=\"Yhdysvaltain ilmavoimat on julkaissut RQ-170-lennokistaan vain yhden virallisen kuvan, joka on otettu Guamin lentotukikohdassa.\" class=\"_Img_1rerz_1\" style=\"aspect-ratio:1.7777777777777777\" loading=\"eager\"\/><\/p>\n<p class=\"article-picture-caption\">Yhdysvaltain ilmavoimat on julkaissut RQ-170-lennokistaan vain yhden virallisen kuvan, joka on otettu Guamin lentotukikohdassa. Kuva:\u00a0United States Air Force<\/p>\n<p class=\"article-body mb-nof-24 px-nof-16\">Kyseess\u00e4 on niin vaiettu laite, ett\u00e4 siit\u00e4 on olemassa vain yksi virallinen, suttuinen kuva. Lennokin olemassaolo on my\u00f6nnetty, mutta ilmavoimien mainintoja siit\u00e4 saa hakemalla hakea viimeiselt\u00e4 parilta vuosikymmenelt\u00e4, jolloin se on ollut k\u00e4yt\u00f6ss\u00e4.<\/p>\n<p class=\"article-body mb-nof-24 px-nof-16\">Lentokonebongarien kameroihin lennokki on kuitenkin aika ajoin osunut, ja niin k\u00e4vi nytkin, kun yksi RQ-170 kuvattiin aamuvarhaisella 3. tammikuuta palaamassa tukikohtaansa Puerto Ricossa.<\/p>\n<p class=\"article-body mb-nof-24 px-nof-16\">RQ-170 muistuttaa muotoilultaan B-2-pommi\u00adkonetta, eli se ik\u00e4\u00e4n kuin lent\u00e4v\u00e4 siipi. Kone on tiett\u00e4v\u00e4sti tarkoitettu tiedusteluun ja valvontaan vaikeissa toiminta\u00adymp\u00e4rist\u00f6iss\u00e4, ja siit\u00e4 on v\u00e4itettyj\u00e4 havaintoja esimerkiksi Pohjois-Korean ja Iranin l\u00e4hell\u00e4.<\/p>\n<p class=\"article-body mb-nof-24 px-nof-16\">Lennokin kuvaillaan olevan suunniteltu nimenomaan Venezuelan kaltaista suhteellisen edistynytt\u00e4 ilmatorjuntaa k\u00e4ytt\u00e4v\u00e4\u00e4 kohdetta vastaan.<\/p>\n<p class=\"article-body mb-nof-24 px-nof-16\">\u2013 Et voi vain parkkeerata MQ-9-lennokkia Venezuelan p\u00e4\u00e4kaupungin p\u00e4\u00e4lle ja olettaa sen selvi\u00e4v\u00e4n, kommentoi prikaatikenraali <a class=\"font-bold underline-offset-[0.12em] [text-decoration:var(--person-link-text-decoration)] ![text-decoration-color:var(--person-link-text-decoration-color)]\" href=\"https:\/\/www.is.fi\/haku\/?query=Houston%20Cantwell\" rel=\"nofollow noopener\" target=\"_blank\">Houston Cantwell <\/a>viitaten huomattavasti tunnetumpaan Yhdysvaltain tiedustelulennokkiin.<\/p>\n<p class=\"article-body mb-nof-24 px-nof-16\">\u2013 RQ-170:ll\u00e4 on paljon paremmat edellytykset tiedustella monipuolisen ilmapuolustus\u00adj\u00e4rjestelm\u00e4n keskell\u00e4, h\u00e4n kommentoi <a class=\"underline underline-offset-[0.12em] [text-decoration-thickness:var(--generic-link-underline-thickness)] [text-decoration-color:var(--generic-link-underline-color)] [text-decoration-skip-ink:var(--generic-link-underline-skip-ink)] break-words\" href=\"https:\/\/www.airandspaceforces.com\/what-to-know-rq-170-drone-venezuela-stealthy-isr\/\" rel=\"nofollow noopener\" target=\"_blank\">Air&amp;SpaceForces-julkaisulle<\/a>.<\/p>\n<p class=\"article-body mb-nof-24 px-nof-16\"><a class=\"underline underline-offset-[0.12em] [text-decoration-thickness:var(--generic-link-underline-thickness)] [text-decoration-color:var(--generic-link-underline-color)] [text-decoration-skip-ink:var(--generic-link-underline-skip-ink)] break-words\" href=\"https:\/\/www.twz.com\/air\/rq-170-sentinel-stealth-drone-supported-maduro-capture-mission\" rel=\"nofollow noopener\" target=\"_blank\">The War Zone -julkaisun<\/a> mukaan koneita on k\u00e4yt\u00f6ss\u00e4 ehk\u00e4 vain 20\u201330.<\/p>\n<p class=\"article-body mb-nof-24 px-nof-16\">20 vuotta vanhaksi laitteeksi sen teknologia ei War Zonen mukaan ole en\u00e4\u00e4 viimeist\u00e4 huutoa, mutta korkealla lent\u00e4v\u00e4n\u00e4 se sopii kohteisiin, joissa pit\u00e4\u00e4 v\u00e4ist\u00e4\u00e4 ilmatorjunnan tutkia.<\/p>\n<p class=\"article-body mb-nof-24 px-nof-16\">Lennokin arvellaan kantavan lukuisia sensoreita, kuten tutkaj\u00e4rjestelmi\u00e4, signaali\u00adtiedustelulaitteita, kuvantamislaitteita liikkuvien maalien tunnistamiseen sek\u00e4 elektro-optisia ja infrapuna\u00advideokameroita.<\/p>\n<p class=\"article-body mb-nof-24 px-nof-16\">Kuvien perusteella sen siipien k\u00e4rkiv\u00e4liksi on arvioitu 11,5 metri\u00e4. Se kykenee lent\u00e4m\u00e4\u00e4n arviolta jopa 15 kilometrin korkeudessa.<\/p>\n<p class=\"article-body mb-nof-24 px-nof-16\">RQ-170 mainittiin vuonna 2020 ilmavoimien julkaisussa, jossa kerrottiin yhteisharjoituksesta muiden muassa F-35-h\u00e4vitt\u00e4jien kanssa.<\/p>\n<p class=\"article-body mb-nof-24 px-nof-16\">Viidennen sukupolven h\u00e4iveh\u00e4vitt\u00e4j\u00e4t olivat my\u00f6s keskeisess\u00e4 osassa iskuissa Venezuelaan.<\/p>\n<p><img decoding=\"async\" src=\"https:\/\/www.europesays.com\/fi\/wp-content\/uploads\/2026\/01\/1768064587_346_468.jpg\" alt=\"Venezuelan iskuissa k\u00e4ytettiin tiett\u00e4v\u00e4sti merijalkav\u00e4en F-35B-h\u00e4vitt\u00e4ji\u00e4. Sellainen kuvattiin Yhdysvaltain Puerto Ricon tukikohdassa nousemassa ilmaan iskujen j\u00e4lkeen 4. tammikuuta.\" class=\"_Img_1rerz_1\" style=\"aspect-ratio:1.5\" loading=\"eager\"\/><\/p>\n<p class=\"article-picture-caption\">Venezuelan iskuissa k\u00e4ytettiin tiett\u00e4v\u00e4sti merijalkav\u00e4en F-35B-h\u00e4vitt\u00e4ji\u00e4. Sellainen kuvattiin Yhdysvaltain Puerto Ricon tukikohdassa nousemassa ilmaan iskujen j\u00e4lkeen 4. tammikuuta. Kuva:\u00a0Ricardo Arduengo<\/p>\n<p class=\"article-body mb-nof-24 px-nof-16\">Eri arvioiden mukaan Yhdysvallat onnistui lamauttamaan l\u00e4hes t\u00e4ydellisesti Venezuelan ilmatorjunnan, joka koostui ven\u00e4l\u00e4is\u00advalmisteisista S-300V- ja Buk-M2-ilmatorjunta\u00adj\u00e4rjestelmist\u00e4. T\u00e4m\u00e4n teht\u00e4v\u00e4n on arveltu langenneen F-35-h\u00e4vitt\u00e4jille, jotka huonosti tutkissa n\u00e4kyvin\u00e4 onnistuivat yll\u00e4tt\u00e4m\u00e4\u00e4n kohteensa.<\/p>\n<p class=\"article-body mb-nof-24 px-nof-16\">My\u00f6s maan ven\u00e4l\u00e4isi\u00e4 Su-30-h\u00e4vitt\u00e4ji\u00e4 tuhottiin useita niiden tukikohtiin. T\u00e4m\u00e4 avasi tien erikoisjoukkoja kuljettaville helikoptereille, jotka veiv\u00e4t joukot Maduron olinpaikkaan.<\/p>\n<p class=\"article-body mb-nof-24 px-nof-16\"><a class=\"underline underline-offset-[0.12em] [text-decoration-thickness:var(--generic-link-underline-thickness)] [text-decoration-color:var(--generic-link-underline-color)] [text-decoration-skip-ink:var(--generic-link-underline-skip-ink)] break-words\" href=\"https:\/\/www.nytimes.com\/2026\/01\/07\/us\/politics\/trump-venezuela-helicopter.html\" rel=\"nofollow noopener\" target=\"_blank\">New York Timesin<\/a> mukaan yksi raskas MH-47 Chinook -kuljetuskopteri sai kuitenkin osuman kesken operaation. My\u00f6s kopterin pilotti loukkaantui osumista jalkaan, ja koko operaatio oli hetken aikaa vaakalaudalla. Kopteri kykeni kuitenkin jatkamaan teht\u00e4v\u00e4\u00e4, joka osoittautui lopulta menestykseksi.<\/p>\n","protected":false},"excerpt":{"rendered":"H\u00e4iveteknologia oli keskeisess\u00e4 osassa, kun F-35-h\u00e4vitt\u00e4j\u00e4t tuhosivat ven\u00e4l\u00e4isvalmisteiset ilmatorjuntaj\u00e4rjestelm\u00e4t. Yhdysvallat iski Venezuelaan viikko sitten. Yhdysvallat k\u00e4ytti ilma-iskuissa Venezuelaan&hellip;\n","protected":false},"author":2,"featured_media":138794,"comment_status":"","ping_status":"","sticky":false,"template":"","format":"standard","meta":{"footnotes":""},"categories":[14],"tags":[22,23,26,27,33,31,30,17,34,24,25,28,29,15,18,21,32,19,20,56,16,59,60,61],"class_list":{"0":"post-138793","1":"post","2":"type-post","3":"status-publish","4":"format-standard","5":"has-post-thumbnail","7":"category-ulkomaat","8":"tag-breaking-news","9":"tag-breakingnews","10":"tag-featured-news","11":"tag-featurednews","12":"tag-fi","13":"tag-finland","14":"tag-finnish","15":"tag-headlines","16":"tag-ilta-sanomat","17":"tag-latest-news","18":"tag-latestnews","19":"tag-main-news","20":"tag-mainnews","21":"tag-news","22":"tag-otsikot","23":"tag-paauutiset","24":"tag-suomi","25":"tag-top-stories","26":"tag-topstories","27":"tag-ulkomaat","28":"tag-uutiset","29":"tag-world","30":"tag-world-news","31":"tag-worldnews"},"share_on_mastodon":{"url":"https:\/\/pubeurope.com\/@fi\/115871888438864801","error":""},"_links":{"self":[{"href":"https:\/\/www.europesays.com\/fi\/wp-json\/wp\/v2\/posts\/138793","targetHints":{"allow":["GET"]}}],"collection":[{"href":"https:\/\/www.europesays.com\/fi\/wp-json\/wp\/v2\/posts"}],"about":[{"href":"https:\/\/www.europesays.com\/fi\/wp-json\/wp\/v2\/types\/post"}],"author":[{"embeddable":true,"href":"https:\/\/www.europesays.com\/fi\/wp-json\/wp\/v2\/users\/2"}],"replies":[{"embeddable":true,"href":"https:\/\/www.europesays.com\/fi\/wp-json\/wp\/v2\/comments?post=138793"}],"version-history":[{"count":0,"href":"https:\/\/www.europesays.com\/fi\/wp-json\/wp\/v2\/posts\/138793\/revisions"}],"wp:featuredmedia":[{"embeddable":true,"href":"https:\/\/www.europesays.com\/fi\/wp-json\/wp\/v2\/media\/138794"}],"wp:attachment":[{"href":"https:\/\/www.europesays.com\/fi\/wp-json\/wp\/v2\/media?parent=138793"}],"wp:term":[{"taxonomy":"category","embeddable":true,"href":"https:\/\/www.europesays.com\/fi\/wp-json\/wp\/v2\/categories?post=138793"},{"taxonomy":"post_tag","embeddable":true,"href":"https:\/\/www.europesays.com\/fi\/wp-json\/wp\/v2\/tags?post=138793"}],"curies":[{"name":"wp","href":"https:\/\/api.w.org\/{rel}","templated":true}]}}