{"id":138800,"date":"2026-01-10T17:24:07","date_gmt":"2026-01-10T17:24:07","guid":{"rendered":"https:\/\/www.europesays.com\/fi\/138800\/"},"modified":"2026-01-10T17:24:07","modified_gmt":"2026-01-10T17:24:07","slug":"saara-hamalainen-vahvistamaan-vpsn-valmennustiimia-uutiset","status":"publish","type":"post","link":"https:\/\/www.europesays.com\/fi\/138800\/","title":{"rendered":"Saara H\u00e4m\u00e4l\u00e4inen vahvistamaan VPS:n valmennustiimi\u00e4 | Uutiset"},"content":{"rendered":"<p>H\u00e4m\u00e4l\u00e4inen ty\u00f6skentelee niin edustusjoukkueen kuin juniori- ja talent-polkujenkin parissa.<\/p>\n<p>Aiemmin FC Lahdessa fysioterapeuttina ty\u00f6skennellyt H\u00e4m\u00e4l\u00e4inen p\u00e4\u00e4tyi VPS:n riveihin el\u00e4m\u00e4nmuutoksen my\u00f6t\u00e4.<\/p>\n<p>\u2013 Ostimme puolisoni kanssa Vaasasta rakenteilla olevan talon, jonka j\u00e4lkeen laitoin Tommi Pikkaraiselle viesti\u00e4, olisiko seurassa mahdollisesti tarvetta fysioterapeutille tai fysiikkavalmentajalle. Tommi vastasi my\u00f6nt\u00e4v\u00e4sti, ja p\u00e4\u00e4sin aloittamaan ty\u00f6t junnupuolella heti muutettuamme. Kauden vaihtuessa hypp\u00e4sin mukaan my\u00f6s edustuksen arkeen.<\/p>\n<p>H\u00e4m\u00e4l\u00e4isen ty\u00f6nkuva Vepsussa on laaja ja monipuolinen, ulottuen edustusjoukkueesta aina junioripuolelle saakka.<\/p>\n<p>\u2013 T\u00e4ll\u00e4 hetkell\u00e4 arki on hyvin moninaista. Junioripuolella vastaan fyysisen harjoittelun suunnittelusta ja ohjaamisesta yhdess\u00e4 lajivalmentajien kanssa sek\u00e4 talent-polkuun kuuluvien pelaajien fyysisen kehityksen seurannasta ja testaamisesta. Lis\u00e4ksi toimin edustusjoukkueen fysioterapeuttina eli vastaan k\u00e4yt\u00e4nn\u00f6ss\u00e4 kaikesta vammoihin, niiden hoitoon ja kuntoutukseen liittyv\u00e4st\u00e4 yhteisty\u00f6ss\u00e4 Mehil\u00e4isen kanssa.<\/p>\n","protected":false},"excerpt":{"rendered":"H\u00e4m\u00e4l\u00e4inen ty\u00f6skentelee niin edustusjoukkueen kuin juniori- ja talent-polkujenkin parissa. Aiemmin FC Lahdessa fysioterapeuttina ty\u00f6skennellyt H\u00e4m\u00e4l\u00e4inen p\u00e4\u00e4tyi VPS:n riveihin&hellip;\n","protected":false},"author":2,"featured_media":138801,"comment_status":"","ping_status":"","sticky":false,"template":"","format":"standard","meta":{"footnotes":""},"categories":[158],"tags":[33,31,30,159,32,160],"class_list":{"0":"post-138800","1":"post","2":"type-post","3":"status-publish","4":"format-standard","5":"has-post-thumbnail","7":"category-urheilu","8":"tag-fi","9":"tag-finland","10":"tag-finnish","11":"tag-sports","12":"tag-suomi","13":"tag-urheilu"},"share_on_mastodon":{"url":"https:\/\/pubeurope.com\/@fi\/115871970969271073","error":""},"_links":{"self":[{"href":"https:\/\/www.europesays.com\/fi\/wp-json\/wp\/v2\/posts\/138800","targetHints":{"allow":["GET"]}}],"collection":[{"href":"https:\/\/www.europesays.com\/fi\/wp-json\/wp\/v2\/posts"}],"about":[{"href":"https:\/\/www.europesays.com\/fi\/wp-json\/wp\/v2\/types\/post"}],"author":[{"embeddable":true,"href":"https:\/\/www.europesays.com\/fi\/wp-json\/wp\/v2\/users\/2"}],"replies":[{"embeddable":true,"href":"https:\/\/www.europesays.com\/fi\/wp-json\/wp\/v2\/comments?post=138800"}],"version-history":[{"count":0,"href":"https:\/\/www.europesays.com\/fi\/wp-json\/wp\/v2\/posts\/138800\/revisions"}],"wp:featuredmedia":[{"embeddable":true,"href":"https:\/\/www.europesays.com\/fi\/wp-json\/wp\/v2\/media\/138801"}],"wp:attachment":[{"href":"https:\/\/www.europesays.com\/fi\/wp-json\/wp\/v2\/media?parent=138800"}],"wp:term":[{"taxonomy":"category","embeddable":true,"href":"https:\/\/www.europesays.com\/fi\/wp-json\/wp\/v2\/categories?post=138800"},{"taxonomy":"post_tag","embeddable":true,"href":"https:\/\/www.europesays.com\/fi\/wp-json\/wp\/v2\/tags?post=138800"}],"curies":[{"name":"wp","href":"https:\/\/api.w.org\/{rel}","templated":true}]}}