{"id":138806,"date":"2026-01-10T17:29:08","date_gmt":"2026-01-10T17:29:08","guid":{"rendered":"https:\/\/www.europesays.com\/fi\/138806\/"},"modified":"2026-01-10T17:29:08","modified_gmt":"2026-01-10T17:29:08","slug":"moskovassa-tayskaaos","status":"publish","type":"post","link":"https:\/\/www.europesays.com\/fi\/138806\/","title":{"rendered":"Moskovassa t\u00e4yskaaos"},"content":{"rendered":"<p>Rankat lumisateet ovat aiheuttaneet ongelmia Ven\u00e4j\u00e4n p\u00e4\u00e4kaupungin alueella.<\/p>\n<p><img decoding=\"async\" class=\"image image-show image-preview\" src=\"https:\/\/www.europesays.com\/fi\/wp-content\/uploads\/2026\/01\/27ac86419444dc7f9d1f77bef4e02575e1ed985ad22ca393847d076dbe8577c6.jpg\" alt=\"\"\/><img decoding=\"async\" class=\"image image-show\" src=\"https:\/\/www.europesays.com\/fi\/wp-content\/uploads\/2026\/01\/1768066148_114_27ac86419444dc7f9d1f77bef4e02575e1ed985ad22ca393847d076dbe8577c6.jpg\" alt=\"\"\/><\/p>\n<p>Matkustajat odottivat matkatavaroitaan tunteja Ven\u00e4j\u00e4n vilkkaimmalla lentokent\u00e4ll\u00e4. ZumaWire \/ MVPHOTOS<\/p>\n<p class=\"paragraph\">Rajut s\u00e4\u00e4olosuhteet ovat aiheuttaneet ongelmia Ven\u00e4j\u00e4n p\u00e4\u00e4kaupungissa Moskovassa, kertovat useat ven\u00e4l\u00e4ismediat.<\/p>\n<p class=\"paragraph\">\u0160eremetjevon lentokent\u00e4ll\u00e4 on ollut massiivisia ruuhkia etenkin matkatavaroiden noudossa, <a href=\"https:\/\/meduza.io\/news\/2026\/01\/10\/v-sheremetievo-kollaps-na-vydache-bagazha-aeroport-poobeschal-personalnuyu-dostavku-po-adresam-passazhirov\" rel=\"noopener nofollow\" target=\"_blank\">kertoo<\/a> oppositiomedia Meduza. Kyseess\u00e4 on Ven\u00e4j\u00e4n vilkkain lentokentt\u00e4.<\/p>\n<p class=\"paragraph\">Viestisovellus Telegramissa jaettujen tietojen mukaan perjantai-iltana arviolta kolme tuhatta ihmist\u00e4 odotti laukkujaan useita tunteja. Lis\u00e4ksi useat matkustajat joutuivat s\u00e4\u00e4n aiheuttamien viiv\u00e4stysten takia istumaan lentokent\u00e4ll\u00e4 jumissa olleissa koneissa tuntien ajan.<\/p>\n<p class=\"paragraph\">\u0160eremetjevon lentokentt\u00e4 kertoi lauantaina hieman ennen yht\u00e4toista, ett\u00e4 kent\u00e4lt\u00e4 oli poistettu viimeisen 24 tunnin aikana yli miljoona kuutiometri\u00e4 lunta. Lentokent\u00e4ll\u00e4 olleille ihmisille jaettiin yli 25\u00a0000 pulloa vett\u00e4 sek\u00e4 yli 8\u00a0000 voileip\u00e4\u00e4 ja muita v\u00e4lipaloja.<\/p>\n<p class=\"paragraph\">Lentokent\u00e4n Telegram-viestin <a href=\"https:\/\/t.me\/svo_online\/6098\" target=\"_blank\" rel=\"noopener nofollow\">mukaan <\/a>ongelmat helpottivat viimein lauantaina ja kaikki lentoliikenteen rajoitukset poistettiin.<\/p>\n<p>\u0160eremetjevon lentokent\u00e4lt\u00e4 kuljetettiin pois yli miljoona kuutiometri\u00e4 lunta. ZumaWire \/ MVPHOTOS<\/p>\n<p>20 kilometrin ruuhkat<\/p>\n<p class=\"paragraph\">Suuret lumimassat aiheuttivat perjantaina yli 20 kilometri\u00e4 pitk\u00e4n ruuhkan Jaroslavlista Moskovaan viev\u00e4ll\u00e4 moottoritiell\u00e4, <a href=\"https:\/\/www.fontanka.ru\/2026\/01\/09\/76209373\/\" target=\"_blank\" rel=\"noopener nofollow\">kertoo<\/a> ven\u00e4l\u00e4ismedia Fontanka.<\/p>\n<p class=\"paragraph\">Fontankan mukaan autoilijat olivat perjantai-iltana noin puoli kahdeksan aikaan olleet jumissa jo kuuden tunnin ajan. Paikallisissa sosiaalisen median ryhmiss\u00e4 kuljettajat kertoivat tien olleen tukossa kuorma-autojen vuoksi.<\/p>\n<p class=\"paragraph\">\u2013 Tilanne on t\u00e4ysin katastrofaalinen; kaikki ovat jumissa n\u00e4iss\u00e4 kuorma-autoissa, joiden renkaat ovat kuluneet. My\u00f6s vastakkaiseen suuntaan johtava tie on suljettu, yhdess\u00e4 viestiss\u00e4 kerrotaan.<\/p>\n<p class=\"paragraph\">Yksi Moskovasta Jaroslavlin suuntaan matkannut kuljettaja kertoi p\u00e4\u00e4sseens\u00e4 kahdeksassa tunnissa eteenp\u00e4in vain 70 kilometri\u00e4.<\/p>\n<p class=\"paragraph\">Jaroslavlin alueen paikallismedia 76.RU kertoi alueellisen turvallisuusministeri\u00f6n tietoihin perustuen, ett\u00e4 tielle perustettiin v\u00e4liaikainen l\u00e4mmittelyasema liikennepoliisin toimesta.<\/p>\n","protected":false},"excerpt":{"rendered":"Rankat lumisateet ovat aiheuttaneet ongelmia Ven\u00e4j\u00e4n p\u00e4\u00e4kaupungin alueella. Matkustajat odottivat matkatavaroitaan tunteja Ven\u00e4j\u00e4n vilkkaimmalla lentokent\u00e4ll\u00e4. ZumaWire \/ MVPHOTOS&hellip;\n","protected":false},"author":2,"featured_media":138807,"comment_status":"","ping_status":"","sticky":false,"template":"","format":"standard","meta":{"footnotes":""},"categories":[14],"tags":[35,22,23,26,27,33,31,30,17,24,25,2910,121,28,29,923,15,18,21,710,32,128,19,20,56,16,59,60,61],"class_list":{"0":"post-138806","1":"post","2":"type-post","3":"status-publish","4":"format-standard","5":"has-post-thumbnail","7":"category-ulkomaat","8":"tag-24h","9":"tag-breaking-news","10":"tag-breakingnews","11":"tag-featured-news","12":"tag-featurednews","13":"tag-fi","14":"tag-finland","15":"tag-finnish","16":"tag-headlines","17":"tag-latest-news","18":"tag-latestnews","19":"tag-lentoliikenne-ilmaliikenne","20":"tag-liikenne-ja-kuljetus","21":"tag-main-news","22":"tag-mainnews","23":"tag-matkustaminen","24":"tag-news","25":"tag-otsikot","26":"tag-paauutiset","27":"tag-saa","28":"tag-suomi","29":"tag-tieliikenne","30":"tag-top-stories","31":"tag-topstories","32":"tag-ulkomaat","33":"tag-uutiset","34":"tag-world","35":"tag-world-news","36":"tag-worldnews"},"share_on_mastodon":{"url":"https:\/\/pubeurope.com\/@fi\/115871990727076503","error":""},"_links":{"self":[{"href":"https:\/\/www.europesays.com\/fi\/wp-json\/wp\/v2\/posts\/138806","targetHints":{"allow":["GET"]}}],"collection":[{"href":"https:\/\/www.europesays.com\/fi\/wp-json\/wp\/v2\/posts"}],"about":[{"href":"https:\/\/www.europesays.com\/fi\/wp-json\/wp\/v2\/types\/post"}],"author":[{"embeddable":true,"href":"https:\/\/www.europesays.com\/fi\/wp-json\/wp\/v2\/users\/2"}],"replies":[{"embeddable":true,"href":"https:\/\/www.europesays.com\/fi\/wp-json\/wp\/v2\/comments?post=138806"}],"version-history":[{"count":0,"href":"https:\/\/www.europesays.com\/fi\/wp-json\/wp\/v2\/posts\/138806\/revisions"}],"wp:featuredmedia":[{"embeddable":true,"href":"https:\/\/www.europesays.com\/fi\/wp-json\/wp\/v2\/media\/138807"}],"wp:attachment":[{"href":"https:\/\/www.europesays.com\/fi\/wp-json\/wp\/v2\/media?parent=138806"}],"wp:term":[{"taxonomy":"category","embeddable":true,"href":"https:\/\/www.europesays.com\/fi\/wp-json\/wp\/v2\/categories?post=138806"},{"taxonomy":"post_tag","embeddable":true,"href":"https:\/\/www.europesays.com\/fi\/wp-json\/wp\/v2\/tags?post=138806"}],"curies":[{"name":"wp","href":"https:\/\/api.w.org\/{rel}","templated":true}]}}