{"id":138810,"date":"2026-01-10T17:31:07","date_gmt":"2026-01-10T17:31:07","guid":{"rendered":"https:\/\/www.europesays.com\/fi\/138810\/"},"modified":"2026-01-10T17:31:07","modified_gmt":"2026-01-10T17:31:07","slug":"jaakiekko-joni-ortio-jatkaa-sportissa","status":"publish","type":"post","link":"https:\/\/www.europesays.com\/fi\/138810\/","title":{"rendered":"J\u00e4\u00e4kiekko: Joni Ortio jatkaa Sportissa"},"content":{"rendered":"<p>Jatkosopimus l\u00e4v\u00e4hti videotaululle kesken ottelun.<\/p>\n<p class=\"article-body mb-nof-24 px-nof-16\">J\u00e4\u00e4kiekon SM-liigan jumbojoukkue Vaasan Sport ilmoitti lauantain Jukurit-ottelun avauser\u00e4ss\u00e4 tehneens\u00e4 vuoden jatkosopimuksen maalivahtinsa <a class=\"font-bold underline-offset-[0.12em] [text-decoration:var(--person-link-text-decoration)] ![text-decoration-color:var(--person-link-text-decoration-color)]\" href=\"https:\/\/www.is.fi\/haku\/?query=Joni%20Ortion\" rel=\"nofollow noopener\" target=\"_blank\">Joni Ortion<\/a> kanssa.<\/p>\n<p class=\"article-body mb-nof-24 px-nof-16\">Syyskuun lopussa Vaasaan ottelukohtaisella sopimuksella saapunut Ortio, 34, on torjunut t\u00e4ll\u00e4 kaudella 20 liigaottelussa. H\u00e4nen torjuntaprosenttinsa on 88,31 ja p\u00e4\u00e4stettyjen maalien ottelukohtainen keskiarvonsa 2,94.<\/p>\n<p class=\"article-body mb-nof-24 px-nof-16\">Loppukauden sopimukseen marraskuun alussa nimens\u00e4 laittanut Ortio on ollut jo pidemm\u00e4n aikaa sivussa tositoimista. H\u00e4n oli edellisen kerran kotkapaitojen kokoonpanossa 17. joulukuuta.<\/p>\n<p class=\"article-body mb-nof-24 px-nof-16\">Lauantaina Sportin maalivahtikaksikon muodostivat <a class=\"font-bold underline-offset-[0.12em] [text-decoration:var(--person-link-text-decoration)] ![text-decoration-color:var(--person-link-text-decoration-color)]\" href=\"https:\/\/www.is.fi\/haku\/?query=Masi%20H%C3%A4rk%C3%B6nen\" rel=\"nofollow noopener\" target=\"_blank\">Masi H\u00e4rk\u00f6nen<\/a> ja <a class=\"font-bold underline-offset-[0.12em] [text-decoration:var(--person-link-text-decoration)] ![text-decoration-color:var(--person-link-text-decoration-color)]\" href=\"https:\/\/www.is.fi\/haku\/?query=Alex%20Kahila\" rel=\"nofollow noopener\" target=\"_blank\">Alex Kahila<\/a>.<\/p>\n<p class=\"article-body mb-nof-24 px-nof-16\">Ortio on pelannut SM-liigan runkosarjassa 148 ottelua TPS:n, HIFK:n, \u00c4ssien, Lukon ja Sportin riveiss\u00e4. Tilastoissa komeilee kymmenen nollapeli\u00e4 ja torjuntaprosentti 90,41.<\/p>\n<p class=\"article-body mb-nof-24 px-nof-16\">Pudouspelien saldona on 17 pelattua ottelua torjuntaprosentilla 91,45.<\/p>\n<p class=\"article-body mb-nof-24 px-nof-16\">SM-liigan lis\u00e4ksi Ortiolla on kokemusta NHL:st\u00e4, KHL:st\u00e4, Ruotsista ja Sveitsist\u00e4. H\u00e4n on edustanut Leijonia kaksissa MM-kisoissa.<\/p>\n","protected":false},"excerpt":{"rendered":"Jatkosopimus l\u00e4v\u00e4hti videotaululle kesken ottelun. J\u00e4\u00e4kiekon SM-liigan jumbojoukkue Vaasan Sport ilmoitti lauantain Jukurit-ottelun avauser\u00e4ss\u00e4 tehneens\u00e4 vuoden jatkosopimuksen maalivahtinsa&hellip;\n","protected":false},"author":2,"featured_media":138811,"comment_status":"","ping_status":"","sticky":false,"template":"","format":"standard","meta":{"footnotes":""},"categories":[5],"tags":[22,23,26,27,33,31,30,17,34,24,25,28,29,15,18,21,32,19,20,16],"class_list":{"0":"post-138810","1":"post","2":"type-post","3":"status-publish","4":"format-standard","5":"has-post-thumbnail","7":"category-otsikot","8":"tag-breaking-news","9":"tag-breakingnews","10":"tag-featured-news","11":"tag-featurednews","12":"tag-fi","13":"tag-finland","14":"tag-finnish","15":"tag-headlines","16":"tag-ilta-sanomat","17":"tag-latest-news","18":"tag-latestnews","19":"tag-main-news","20":"tag-mainnews","21":"tag-news","22":"tag-otsikot","23":"tag-paauutiset","24":"tag-suomi","25":"tag-top-stories","26":"tag-topstories","27":"tag-uutiset"},"share_on_mastodon":{"url":"https:\/\/pubeurope.com\/@fi\/115871998443619138","error":""},"_links":{"self":[{"href":"https:\/\/www.europesays.com\/fi\/wp-json\/wp\/v2\/posts\/138810","targetHints":{"allow":["GET"]}}],"collection":[{"href":"https:\/\/www.europesays.com\/fi\/wp-json\/wp\/v2\/posts"}],"about":[{"href":"https:\/\/www.europesays.com\/fi\/wp-json\/wp\/v2\/types\/post"}],"author":[{"embeddable":true,"href":"https:\/\/www.europesays.com\/fi\/wp-json\/wp\/v2\/users\/2"}],"replies":[{"embeddable":true,"href":"https:\/\/www.europesays.com\/fi\/wp-json\/wp\/v2\/comments?post=138810"}],"version-history":[{"count":0,"href":"https:\/\/www.europesays.com\/fi\/wp-json\/wp\/v2\/posts\/138810\/revisions"}],"wp:featuredmedia":[{"embeddable":true,"href":"https:\/\/www.europesays.com\/fi\/wp-json\/wp\/v2\/media\/138811"}],"wp:attachment":[{"href":"https:\/\/www.europesays.com\/fi\/wp-json\/wp\/v2\/media?parent=138810"}],"wp:term":[{"taxonomy":"category","embeddable":true,"href":"https:\/\/www.europesays.com\/fi\/wp-json\/wp\/v2\/categories?post=138810"},{"taxonomy":"post_tag","embeddable":true,"href":"https:\/\/www.europesays.com\/fi\/wp-json\/wp\/v2\/tags?post=138810"}],"curies":[{"name":"wp","href":"https:\/\/api.w.org\/{rel}","templated":true}]}}