{"id":138816,"date":"2026-01-10T17:49:09","date_gmt":"2026-01-10T17:49:09","guid":{"rendered":"https:\/\/www.europesays.com\/fi\/138816\/"},"modified":"2026-01-10T17:49:09","modified_gmt":"2026-01-10T17:49:09","slug":"adhd-laake-auttaa-miljoonia-mutta-se-ei-toimi-kuten-luultiin-asiantuntija-yllattyi","status":"publish","type":"post","link":"https:\/\/www.europesays.com\/fi\/138816\/","title":{"rendered":"ADHD-l\u00e4\u00e4ke auttaa miljoonia, mutta se ei toimi kuten luultiin \u2013 asiantuntija yll\u00e4ttyi"},"content":{"rendered":"<p>Havainto hieman yll\u00e4tti Jesper Andreasenin, joka tutkii psyykenl\u00e4\u00e4kkeit\u00e4 K\u00f6\u00f6penhaminan yliopistossa. H\u00e4nell\u00e4 itsell\u00e4\u00e4nkin on todettu ADHD.<\/p>\n<p>\u201dOlen itse asiassa melko yll\u00e4ttynyt siit\u00e4, ett\u00e4 l\u00e4\u00e4ke ei vaikuta keskittymiskyky\u00e4 ohjaaviin verkostoihin. ADHD-l\u00e4\u00e4ke vaikuttaa sen sijaan aktivoimalla kahden hormonin erityst\u00e4. Kysees\u00e4 ovat dopamiini, joka lis\u00e4\u00e4 motivaatiota, ja noradrenaliini, joka pit\u00e4\u00e4 hereill\u00e4\u201d, kertoo Andreasen Tieteen Kuvalehdelle. H\u00e4n ei itse ole ollut mukana tutkimusryhm\u00e4ss\u00e4.<\/p>\n<p>T\u00e4m\u00e4 tarkoittaa, ett\u00e4 lapsi ei v\u00e4ltt\u00e4m\u00e4tt\u00e4 keskity aiempaa paremmmin, mutta tyls\u00e4t teht\u00e4v\u00e4t tuntuvat h\u00e4nest\u00e4 \u00e4kki\u00e4 mielenkiintoisimmilta ja \u201dpalkitsevimmilta\u201d, uskovat uuden tutkimuksen tehneet tutkijat.<\/p>\n","protected":false},"excerpt":{"rendered":"Havainto hieman yll\u00e4tti Jesper Andreasenin, joka tutkii psyykenl\u00e4\u00e4kkeit\u00e4 K\u00f6\u00f6penhaminan yliopistossa. H\u00e4nell\u00e4 itsell\u00e4\u00e4nkin on todettu ADHD. \u201dOlen itse asiassa&hellip;\n","protected":false},"author":2,"featured_media":138817,"comment_status":"","ping_status":"","sticky":false,"template":"","format":"standard","meta":{"footnotes":""},"categories":[165],"tags":[33,31,30,166,32,167],"class_list":{"0":"post-138816","1":"post","2":"type-post","3":"status-publish","4":"format-standard","5":"has-post-thumbnail","7":"category-terveys","8":"tag-fi","9":"tag-finland","10":"tag-finnish","11":"tag-health","12":"tag-suomi","13":"tag-terveys"},"share_on_mastodon":{"url":"https:\/\/pubeurope.com\/@fi\/115872069339662912","error":""},"_links":{"self":[{"href":"https:\/\/www.europesays.com\/fi\/wp-json\/wp\/v2\/posts\/138816","targetHints":{"allow":["GET"]}}],"collection":[{"href":"https:\/\/www.europesays.com\/fi\/wp-json\/wp\/v2\/posts"}],"about":[{"href":"https:\/\/www.europesays.com\/fi\/wp-json\/wp\/v2\/types\/post"}],"author":[{"embeddable":true,"href":"https:\/\/www.europesays.com\/fi\/wp-json\/wp\/v2\/users\/2"}],"replies":[{"embeddable":true,"href":"https:\/\/www.europesays.com\/fi\/wp-json\/wp\/v2\/comments?post=138816"}],"version-history":[{"count":0,"href":"https:\/\/www.europesays.com\/fi\/wp-json\/wp\/v2\/posts\/138816\/revisions"}],"wp:featuredmedia":[{"embeddable":true,"href":"https:\/\/www.europesays.com\/fi\/wp-json\/wp\/v2\/media\/138817"}],"wp:attachment":[{"href":"https:\/\/www.europesays.com\/fi\/wp-json\/wp\/v2\/media?parent=138816"}],"wp:term":[{"taxonomy":"category","embeddable":true,"href":"https:\/\/www.europesays.com\/fi\/wp-json\/wp\/v2\/categories?post=138816"},{"taxonomy":"post_tag","embeddable":true,"href":"https:\/\/www.europesays.com\/fi\/wp-json\/wp\/v2\/tags?post=138816"}],"curies":[{"name":"wp","href":"https:\/\/api.w.org\/{rel}","templated":true}]}}