{"id":138818,"date":"2026-01-10T17:50:11","date_gmt":"2026-01-10T17:50:11","guid":{"rendered":"https:\/\/www.europesays.com\/fi\/138818\/"},"modified":"2026-01-10T17:50:11","modified_gmt":"2026-01-10T17:50:11","slug":"kuudennen-sarjatason-pikkuseura-pudotti-crystal-palacen-fa-cupista-menetti-pelaajansa-traagisesti-vain-viikkoja-aiemmin-urheilua-lyhyesti","status":"publish","type":"post","link":"https:\/\/www.europesays.com\/fi\/138818\/","title":{"rendered":"Kuudennen sarjatason pikkuseura pudotti Crystal Palacen FA cupista \u2013 menetti pelaajansa traagisesti vain viikkoja aiemmin | Urheilua lyhyesti"},"content":{"rendered":"<p class=\"aw-1gybjub aw-5vja16 kEtdKx kmuxyA yle__article__paragraph\">Macclesfield Town meni konkurssiin vuonna 2020, mutta nyt Wayne Rooneyn veljen luotsaama Macclesfield FC p\u00e4\u00e4si juhlimaan voittoa valio\u00adliigajoukkueesta.<\/p>\n<p><img decoding=\"async\" alt=\"Macclesfieldin pelaaja Josh Kay juhlii voittoa Crystal Palacesta kannattajien kanssa.\" src=\"https:\/\/www.europesays.com\/fi\/wp-content\/uploads\/2026\/01\/39-157958469626b199c967.jpeg\" class=\"aw-1l9m598 hKVVvP\"\/><\/p>\n<p>Avaa kuvien katselu<\/p>\n<p>Macclesfieldin pelaaja Josh Kay juhli voittoa Crystal Palacesta kannattajien kanssa. Kuva: PA Images via Getty Images<\/p>\n<p class=\"aw-1gybjub aw-1p7kakr kEtdKx cEmitX yle__article__paragraph\">Englannin jalkapallon kuudenneksi korkeimmalla sarjatasolla pelaava Macclesfield pudotti FA cupin hallitsevan mestarin Crystal Palacen t\u00e4m\u00e4n vuoden turnauksen kolmannella kierroksella maalein 2\u20131.<\/p>\n<p class=\"aw-1gybjub aw-1p7kakr kEtdKx cEmitX yle__article__paragraph\">Macclesfield meni kotikent\u00e4ll\u00e4\u00e4n johtoon kapteeni <strong class=\"aw-ak79eh KyCXm yle__article__strong\">Paul Dawsonin<\/strong> puskuosumalla juuri ennen taukoa, ja <strong class=\"aw-ak79eh KyCXm yle__article__strong\">Isaac Buckley<\/strong> huudatti yleis\u00f6\u00e4 tunnin kohdalla viimeistelem\u00e4ll\u00e4 2\u20130:aan.<\/p>\n<p class=\"aw-1gybjub aw-1p7kakr kEtdKx cEmitX yle__article__paragraph\">Palace tuli maalin p\u00e4\u00e4h\u00e4n 90. minuutilla, mutta t\u00e4m\u00e4n l\u00e4hemm\u00e4ksi se ei p\u00e4\u00e4ssyt.<\/p>\n<p class=\"aw-1gybjub aw-1p7kakr kEtdKx cEmitX yle__article__paragraph\">Ottelua oli seuraamassa t\u00e4ysi tupa, hieman yli 5\u00a0300 katsojaa.<\/p>\n<p class=\"aw-1gybjub aw-1p7kakr kEtdKx cEmitX yle__article__paragraph\">Macclesfield on 117 sijaa Valioliigassa pelaavan Crystal Palacen alapuolella maan liigapyramidissa. Britannian yleisradioyhti\u00f6 <a class=\"aw-iao6s4 iHOxEa yle__article__link\" href=\"https:\/\/www.bbc.com\/sport\/football\/live\/czr43x12xnrt\" role=\"link\" rel=\"nofollow noopener\" target=\"_blank\">BBC:n mukaan <\/a>kyseess\u00e4 on FA cupin historian suurin yll\u00e4tys sarjasijoitusten perusteella.<\/p>\n<p class=\"aw-1gybjub aw-1p7kakr kEtdKx cEmitX yle__article__paragraph\">\u2013 En voi uskoa t\u00e4t\u00e4. Olen sanaton. Olimme loistavia alusta l\u00e4htien, Macclesfieldin p\u00e4\u00e4valmentaja <strong class=\"aw-ak79eh KyCXm yle__article__strong\">John Rooney<\/strong> \u2013 joka on Englannin entisen maajoukkuet\u00e4hden <strong class=\"aw-ak79eh KyCXm yle__article__strong\">Wayne Rooneyn<\/strong> veli \u2013 sanoi Sky Sportsin mukaan.<\/p>\n<p class=\"aw-1gybjub aw-1p7kakr kEtdKx cEmitX yle__article__paragraph\">\u2013 Crystal Palacella oli huono p\u00e4iv\u00e4. Valioliigassa he pelaavat kivaa jalkapalloa, mutta nyt he saivat kokea Macclesfieldin kovuutta, eiv\u00e4tk\u00e4 he pystyneet k\u00e4sittelem\u00e4\u00e4n sit\u00e4. T\u00e4m\u00e4 p\u00e4iv\u00e4 on Macclesfieldin. He olivat mahtavia, Wayne Rooney hehkutti.<\/p>\n<p><img decoding=\"async\" alt=\"Isaac Buckley juhlii maalia FA cupissa.\" src=\"https:\/\/www.europesays.com\/fi\/wp-content\/uploads\/2026\/01\/39-15795876962754ba4d04.jpeg\" loading=\"lazy\" class=\"aw-1l9m598 hKVVvP\"\/><\/p>\n<p>Avaa kuvien katselu<\/p>\n<p>Isaac Buckney (oikealla) teki voittomaalin. Kuva: Offside via Getty ImagesKonkurssi ja tragedia<\/p>\n<p class=\"aw-1gybjub aw-1p7kakr kEtdKx cEmitX yle__article__paragraph\">Voitto maistuu Macclesfieldin kannattajille, sill\u00e4 seura on kokenut kovia viime vuosina. Vuonna 1874 perustettu Macclesfield Town meni konkurssiin vuonna 2020.<\/p>\n<p class=\"aw-1gybjub aw-1p7kakr kEtdKx cEmitX yle__article__paragraph\">Paikallinen liikemies <strong class=\"aw-ak79eh KyCXm yle__article__strong\">Robert Smethurst<\/strong> osti seuran omaisuuden ja seura perustettiin uudelleen nimell\u00e4 Macclesfield FC. Joukkue aloitti yhdeks\u00e4nnelt\u00e4 sarjatasolta ja on noussut nelj\u00e4ss\u00e4 vuodessa kolme sarjaporrasta ylemm\u00e4s.<\/p>\n<p class=\"aw-1gybjub aw-1p7kakr kEtdKx cEmitX yle__article__paragraph\">Seura koki tragedian 16. joulukuuta, kun 21-vuotias pelaaja <strong class=\"aw-ak79eh KyCXm yle__article__strong\">Ethan McLeod<\/strong> menehtyi auto-onnettomuudessa paluumatkalla ottelusta Bedfordia vastaan.<\/p>\n<p><img decoding=\"async\" alt=\"Ethan Mcleodia muistettiin FA cupin ottelussa.\" src=\"https:\/\/www.europesays.com\/fi\/wp-content\/uploads\/2026\/01\/39-157958969627763421ec.jpeg\" loading=\"lazy\" class=\"aw-1l9m598 hKVVvP\"\/><\/p>\n<p>Avaa kuvien katselu<\/p>\n<p> Ethan Mcleodia muistettiin Macclesfieldin ja Crystal Palacen ottelussa. Kuva: Getty ImagesCrystal Palacen vaikeudet jatkuvat<\/p>\n<p class=\"aw-1gybjub aw-1p7kakr kEtdKx cEmitX yle__article__paragraph\">Nuorella kokoonpanolla otteluun l\u00e4hteneelle Crystal Palacelle tappio oli yhdeks\u00e4s voitoton ottelu putkeen. Se on valahtanut Valioliigassa sijalle 13.<\/p>\n<p class=\"aw-1gybjub aw-1p7kakr kEtdKx cEmitX yle__article__paragraph\">P\u00e4\u00e4valmentaja <strong class=\"aw-ak79eh KyCXm yle__article__strong\">Oliver Glasner<\/strong> valitteli, ett\u00e4 joukkueelta puuttui laatua sek\u00e4 hy\u00f6kk\u00e4yksess\u00e4 ett\u00e4 puolustuksessa.<\/p>\n<p class=\"aw-1gybjub aw-1p7kakr kEtdKx cEmitX yle__article__paragraph\">\u2013 Odotin kaikilta enemm\u00e4n. Vaihdoin enemm\u00e4n hy\u00f6kk\u00e4ysvoimaa kent\u00e4lle tauon j\u00e4lkeen, mutten osaa selitt\u00e4\u00e4, mit\u00e4 tapahtui. T\u00e4llaisissa otteluissa ei tarvita sen kummempia taktiikoita. Pit\u00e4\u00e4 vain n\u00e4ytt\u00e4\u00e4 mihin pystyy ja omata v\u00e4h\u00e4n ammattiylpeytt\u00e4, Glasner<a class=\"aw-iao6s4 iHOxEa yle__article__link\" href=\"https:\/\/www.skysports.com\/football\/macclesfield-fc-vs-crystal-palace\/report\/550867\" role=\"link\" rel=\"nofollow noopener\" target=\"_blank\"> puhisi<\/a>.<\/p>\n<p>FA Cupin iltap\u00e4iv\u00e4n ottelut<\/p>\n<p class=\"aw-1gybjub aw-1p7kakr kEtdKx cEmitX yle__article__paragraph\">Cheltenham \u2013 Leicester 0\u20132<\/p>\n<p class=\"aw-1gybjub aw-1p7kakr kEtdKx cEmitX yle__article__paragraph\">Everton \u2013 Sunderland 1\u20132 rp.<\/p>\n<p class=\"aw-1gybjub aw-1p7kakr kEtdKx cEmitX yle__article__paragraph\">Macclesfield \u2013 Crystal Palace 2\u20131<\/p>\n<p class=\"aw-1gybjub aw-1p7kakr kEtdKx cEmitX yle__article__paragraph\">Wolves \u2013 Shrewsbury 6\u20131<\/p>\n<p class=\"aw-1gybjub aw-1p7kakr kEtdKx cEmitX yle__article__paragraph\"><a class=\"aw-iao6s4 iHOxEa yle__article__link\" href=\"https:\/\/yle.fi\/aihe\/tekstitv?P=672\" role=\"link\" rel=\"nofollow noopener\" target=\"_blank\">Tulosseuranta<\/a><\/p>\n","protected":false},"excerpt":{"rendered":"Macclesfield Town meni konkurssiin vuonna 2020, mutta nyt Wayne Rooneyn veljen luotsaama Macclesfield FC p\u00e4\u00e4si juhlimaan voittoa valio\u00adliigajoukkueesta.&hellip;\n","protected":false},"author":2,"featured_media":138819,"comment_status":"","ping_status":"","sticky":false,"template":"","format":"standard","meta":{"footnotes":""},"categories":[158],"tags":[530,24103,33,31,30,43,159,32,160],"class_list":{"0":"post-138818","1":"post","2":"type-post","3":"status-publish","4":"format-standard","5":"has-post-thumbnail","7":"category-urheilu","8":"tag-crystal-palace-fc","9":"tag-fa-cup","10":"tag-fi","11":"tag-finland","12":"tag-finnish","13":"tag-jalkapallo","14":"tag-sports","15":"tag-suomi","16":"tag-urheilu"},"share_on_mastodon":{"url":"https:\/\/pubeurope.com\/@fi\/115872073528193501","error":""},"_links":{"self":[{"href":"https:\/\/www.europesays.com\/fi\/wp-json\/wp\/v2\/posts\/138818","targetHints":{"allow":["GET"]}}],"collection":[{"href":"https:\/\/www.europesays.com\/fi\/wp-json\/wp\/v2\/posts"}],"about":[{"href":"https:\/\/www.europesays.com\/fi\/wp-json\/wp\/v2\/types\/post"}],"author":[{"embeddable":true,"href":"https:\/\/www.europesays.com\/fi\/wp-json\/wp\/v2\/users\/2"}],"replies":[{"embeddable":true,"href":"https:\/\/www.europesays.com\/fi\/wp-json\/wp\/v2\/comments?post=138818"}],"version-history":[{"count":0,"href":"https:\/\/www.europesays.com\/fi\/wp-json\/wp\/v2\/posts\/138818\/revisions"}],"wp:featuredmedia":[{"embeddable":true,"href":"https:\/\/www.europesays.com\/fi\/wp-json\/wp\/v2\/media\/138819"}],"wp:attachment":[{"href":"https:\/\/www.europesays.com\/fi\/wp-json\/wp\/v2\/media?parent=138818"}],"wp:term":[{"taxonomy":"category","embeddable":true,"href":"https:\/\/www.europesays.com\/fi\/wp-json\/wp\/v2\/categories?post=138818"},{"taxonomy":"post_tag","embeddable":true,"href":"https:\/\/www.europesays.com\/fi\/wp-json\/wp\/v2\/tags?post=138818"}],"curies":[{"name":"wp","href":"https:\/\/api.w.org\/{rel}","templated":true}]}}