{"id":138820,"date":"2026-01-10T17:51:06","date_gmt":"2026-01-10T17:51:06","guid":{"rendered":"https:\/\/www.europesays.com\/fi\/138820\/"},"modified":"2026-01-10T17:51:06","modified_gmt":"2026-01-10T17:51:06","slug":"maria-sid-palaa-huippuhetkeen-jonka-koki-new-yorkissa","status":"publish","type":"post","link":"https:\/\/www.europesays.com\/fi\/138820\/","title":{"rendered":"Maria Sid palaa huippuhetkeen, jonka koki New Yorkissa"},"content":{"rendered":"<p><strong>Maria Sid<\/strong> oli marraskuussa ehdolla maailman parhaaksi naisn\u00e4yttelij\u00e4ksi <a href=\"https:\/\/www.iemmys.tv\/2025-international-emmy-winners-announced\/\" target=\"_blank\" rel=\"noreferrer noopener nofollow\">International Emmy Awards<\/a> -gaalassa New Yorkissa. Nimest\u00e4 huolimatta kyseess\u00e4 ei ole pelkk\u00e4 gaala vaan viisi p\u00e4iv\u00e4\u00e4 paneelikeskusteluja ja illanviettoja maailman parhaiden tekij\u00f6iden kanssa.<\/p>\n<p>Varsinaista juhlailtaa Sid vietti <strong>Teemu Muurim\u00e4en<\/strong> suunnittelemassa kullanhohtoisessa puvussa ja oma aikuinen poika k\u00e4sipuolessa.<\/p>\n<p>\u201dJuhlin koko y\u00f6n japanilaisten delegaation kanssa. He voittivat Emmyn ohjelmasta, joka kertoo pianisti <strong><a href=\"https:\/\/en.wikipedia.org\/wiki\/Ryuichi_Sakamoto\" rel=\"nofollow noopener\" target=\"_blank\">Ryuichi Sakamotosta<\/a><\/strong>, ja ihailen h\u00e4nt\u00e4 hirve\u00e4sti. Otimme kuvia ja pidin heid\u00e4n Emmy\u00e4\u00e4n\u201d, Maria Sid kertoo <a href=\"https:\/\/anna.fi\/ihmiset\/maria-sid-teatterinjohtaja\" target=\"_blank\" rel=\"noreferrer noopener nofollow\">Anna-lehdess\u00e4.<\/a><\/p>\n<p>Vaikka naisn\u00e4yttelij\u00f6iden voiton vei <strong>Anna Maxwell Martin<\/strong>, kaikki ehdokkaat saivat muistoksi mitalin. Sellaista ei ole kenell\u00e4k\u00e4\u00e4n muulla suomalaisn\u00e4yttelij\u00e4ll\u00e4.<\/p>\n<p><a href=\"https:\/\/ritarikunnat.fi\/pro-finlandia-mitaleita-taiteilijoille-ja-kirjailijoille-2025\/\" target=\"_blank\" rel=\"noreferrer noopener nofollow\">Joulukuussa Maria Sid palkittiin Pro Finlandia -mitalilla<\/a>, ja syksyll\u00e4 2024 h\u00e4n sai Ruotsin tv-alan kirkkaimman tunnustuksen, Kristallen-pystin.<\/p>\n<p>\u201dKaikki t\u00e4m\u00e4 tuntuu ihmeelliselt\u00e4. Olen keskittynyt teatteriin, ja siksi huomionosoitukset tuntuvat oudoilta bonuksilta\u201d, Sid sanoo.<\/p>\n<p>Maria Sid johti Tukholman kaupunginteatterin huipputulokseen<\/p>\n<p>N\u00e4yttelij\u00e4n ja ohjaajan t\u00f6idens\u00e4 lis\u00e4ksi Maria Sid on vuodesta 2019 johtanut Tukholman kaupunginteatteria, joka on yksi Pohjoismaiden suurimmista teattereista. H\u00e4nen johtajakautensa on ollut menestys, sill\u00e4 vaikean korona-ajan j\u00e4lkeen Tukholman kaupunginteatteri teki vuonna 2024 kaikkien aikojen parhaimman tuloksen, enemm\u00e4n lipputuloja kuin koskaan.<\/p>\n<p><a href=\"https:\/\/seura.fi\/viihde\/julkkikset\/tukholman-kaupunginteatterin-johtaja-maria-sid\/\" rel=\"nofollow noopener\" target=\"_blank\">Lue my\u00f6s: Tukholman kaupunginteatterin johtaja Maria Sid: \u201dMeill\u00e4 on kovin kriisi, mit\u00e4 on ikin\u00e4 ollut\u201d<\/a><\/p>\n<p>Kaupallinen menestys ei ole kuitenkaan syntynyt varman p\u00e4\u00e4lle pelaamalla, vaan teatteri on tehnyt taiteellisesti kunnianhimoisia esityksi\u00e4.<\/p>\n<p>\u201dMinun l\u00e4ht\u00f6kohtani ei ollut, ett\u00e4 nyt tehd\u00e4\u00e4n enn\u00e4tystulos. L\u00e4ht\u00f6kohta oli, ett\u00e4 teemme taiteellisesti mielenkiintoisia projekteja isolla pensselill\u00e4. On hevi\u00e4 tehd\u00e4 p\u00e4\u00e4t\u00f6s, ett\u00e4 nyt ei haeta taloudellista voittoa vaan jotain muuta\u201d, Sid sanoo Annassa.<\/p>\n<p>\u201dJohtajan on t\u00e4rke\u00e4\u00e4 kehitty\u00e4 ihmisen\u00e4\u201d<\/p>\n<p>Maria Sid kulkee jatkuvasti Suomen ja Ruotsin v\u00e4lill\u00e4. H\u00e4n sanoo tarkkailevansa tilanteita kummassakin maassa hiukan ulkopuolisena, mutta se toisaalta auttaa hahmottamaan kokonaisuuksia paremmin.<\/p>\n<p>\u201dEn ole koskaan suunnitellut uraani, mutta olen p\u00e4\u00e4ssyt asemaan, johon olen aina halunnut. Olen p\u00e4\u00e4ssyt vaikuttamaan. Olen my\u00f6s saanut oikeat ihmiset oikeille paikoille\u201d, Sid sanoo.<\/p>\n<p>Teatterinjohtajana Sid on t\u00f6iss\u00e4 k\u00e4yt\u00e4nn\u00f6ss\u00e4 aina, tavoitettavissa vapaa-ajallakin. Noin kerran vuodessa h\u00e4n pyrkii kuitenkin irtautumaan p\u00e4iv\u00e4ty\u00f6st\u00e4\u00e4n johonkin tv-tuotantoon. Lis\u00e4ksi h\u00e4n haluaa edelleen kouluttaa itse\u00e4\u00e4n jatkuvasti.<\/p>\n<p>\u201dJotkut luulevat, ett\u00e4 voivat unohtaa kouluttautumisen, kun p\u00e4\u00e4sev\u00e4t istumaan johtajanpallille. Mutta seh\u00e4n on ihan p\u00e4invastoin! Johtajan on hirve\u00e4n t\u00e4rke\u00e4\u00e4 kehitty\u00e4 ihmisen\u00e4, koska h\u00e4nell\u00e4 on valtaa, jota h\u00e4n k\u00e4ytt\u00e4\u00e4 muihin\u201d, Maria Sid sanoo <a href=\"https:\/\/anna.fi\/ihmiset\/maria-sid-teatterinjohtaja\" target=\"_blank\" rel=\"noreferrer noopener nofollow\">Anna-lehdess\u00e4.<\/a><\/p>\n","protected":false},"excerpt":{"rendered":"Maria Sid oli marraskuussa ehdolla maailman parhaaksi naisn\u00e4yttelij\u00e4ksi International Emmy Awards -gaalassa New Yorkissa. Nimest\u00e4 huolimatta kyseess\u00e4 ei&hellip;\n","protected":false},"author":2,"featured_media":138821,"comment_status":"","ping_status":"","sticky":false,"template":"","format":"standard","meta":{"footnotes":""},"categories":[130],"tags":[10123,137,33,31,30,3906,24104,622,24105,24106,32,3336,109],"class_list":{"0":"post-138820","1":"post","2":"type-post","3":"status-publish","4":"format-standard","5":"has-post-thumbnail","7":"category-viihde","8":"tag-emmy","9":"tag-entertainment","10":"tag-fi","11":"tag-finland","12":"tag-finnish","13":"tag-johtajat","14":"tag-maria-sid","15":"tag-nayttelijat","16":"tag-ohjaajat","17":"tag-pro-finlandia","18":"tag-suomi","19":"tag-teatteri","20":"tag-viihde"},"share_on_mastodon":{"url":"https:\/\/pubeurope.com\/@fi\/115872077074224158","error":""},"_links":{"self":[{"href":"https:\/\/www.europesays.com\/fi\/wp-json\/wp\/v2\/posts\/138820","targetHints":{"allow":["GET"]}}],"collection":[{"href":"https:\/\/www.europesays.com\/fi\/wp-json\/wp\/v2\/posts"}],"about":[{"href":"https:\/\/www.europesays.com\/fi\/wp-json\/wp\/v2\/types\/post"}],"author":[{"embeddable":true,"href":"https:\/\/www.europesays.com\/fi\/wp-json\/wp\/v2\/users\/2"}],"replies":[{"embeddable":true,"href":"https:\/\/www.europesays.com\/fi\/wp-json\/wp\/v2\/comments?post=138820"}],"version-history":[{"count":0,"href":"https:\/\/www.europesays.com\/fi\/wp-json\/wp\/v2\/posts\/138820\/revisions"}],"wp:featuredmedia":[{"embeddable":true,"href":"https:\/\/www.europesays.com\/fi\/wp-json\/wp\/v2\/media\/138821"}],"wp:attachment":[{"href":"https:\/\/www.europesays.com\/fi\/wp-json\/wp\/v2\/media?parent=138820"}],"wp:term":[{"taxonomy":"category","embeddable":true,"href":"https:\/\/www.europesays.com\/fi\/wp-json\/wp\/v2\/categories?post=138820"},{"taxonomy":"post_tag","embeddable":true,"href":"https:\/\/www.europesays.com\/fi\/wp-json\/wp\/v2\/tags?post=138820"}],"curies":[{"name":"wp","href":"https:\/\/api.w.org\/{rel}","templated":true}]}}