{"id":138824,"date":"2026-01-10T17:55:08","date_gmt":"2026-01-10T17:55:08","guid":{"rendered":"https:\/\/www.europesays.com\/fi\/138824\/"},"modified":"2026-01-10T17:55:08","modified_gmt":"2026-01-10T17:55:08","slug":"iranin-mielenosoittajia-uhataan-kuolemantuomiolla-hs-fi","status":"publish","type":"post","link":"https:\/\/www.europesays.com\/fi\/138824\/","title":{"rendered":"Iranin mielenosoittajia uhataan kuolemantuomiolla | HS.fi"},"content":{"rendered":"<p>Iran|Mielenosoitukset ovat jatkuneet l\u00e4hes kaksi viikkoa. Ihmisoikeusj\u00e4rjest\u00f6jen mukaan niiss\u00e4 olisi kuollut ainakin 65 ihmist\u00e4.<\/p>\n<p>Lue tiivistelm\u00e4<\/p>\n<p class=\"article-body mb-nof-24 px-nof-16 sndp-summary-bullet-point-font\">Iranissa jatkuneissa mielenosoituksissa on ihmisoikeusj\u00e4rjest\u00f6jen mukaan kuollut ainakin 65 ihmist\u00e4 ja pid\u00e4tettyj\u00e4 on yli 2 300.<\/p>\n<p class=\"article-body mb-nof-24 px-nof-16 sndp-summary-bullet-point-font\">Iranin oikeusministeri on varoittanut, ett\u00e4 mielenosoittajia voidaan syytt\u00e4\u00e4 jumalan vihollisiksi, mik\u00e4 johtaa maassa kuolemantuomioon.<\/p>\n<p class=\"article-body mb-nof-24 px-nof-16 sndp-summary-bullet-point-font\">Mielenosoittajat vastustavat Iranin huonoa taloustilannetta ja \u00e4\u00e4rikonservatiivisia islamilaisia lakeja.<\/p>\n<p class=\"article-body mb-nof-24 px-nof-16 sndp-summary-bullet-point-font\">Yhdysvaltain ulkoministeri Marco Rubio esitti lauantaina tukensa mielenosoittajille.<\/p>\n<p class=\"article-body mb-nof-24 px-nof-16\">Mielenosoitukset Iranissa ovat jatkuneet jo kaksi viikkoa ja yltyiv\u00e4t torstaina uuteen huippuunsa.<\/p>\n<p class=\"article-body mb-nof-24 px-nof-16\">Laajasta internet- ja puhelinverkkojen sulusta huolimatta mielenosoituksiin on osallistunut ihmisi\u00e4 p\u00e4\u00e4kaupunki Teheranissa my\u00f6s lauantaina.<\/p>\n<p class=\"article-body mb-nof-24 px-nof-16\">Joulukuun lopulla alkaneissa mielenosoituksissa on kuollut t\u00e4h\u00e4n menness\u00e4 ihmisoikeusj\u00e4rjest\u00f6jen <a class=\"underline underline-offset-[0.12em] [text-decoration-thickness:var(--generic-link-underline-thickness)] [text-decoration-color:var(--generic-link-underline-color)] [text-decoration-skip-ink:var(--generic-link-underline-skip-ink)] break-words\" href=\"https:\/\/apnews.com\/article\/iran-protests-us-israel-war-nuclear-economy-c867cd53c99585cc5e0cd98eafe95d16\" rel=\"nofollow noopener\" target=\"_blank\">mukaan<\/a> jopa 65 ihmist\u00e4. Osan medioista kertoo kuolleita olevan kuitenkin merkitt\u00e4v\u00e4sti enemm\u00e4n.<\/p>\n<p class=\"article-body mb-nof-24 px-nof-16\">Esimerkiksi Time-lehdelle <a class=\"underline underline-offset-[0.12em] [text-decoration-thickness:var(--generic-link-underline-thickness)] [text-decoration-color:var(--generic-link-underline-color)] [text-decoration-skip-ink:var(--generic-link-underline-skip-ink)] break-words\" href=\"https:\/\/time.com\/7345092\/iran-protests-death-toll-regime-crackdown\" rel=\"nofollow noopener\" target=\"_blank\">puhuneen <\/a>teheranilaisen l\u00e4\u00e4k\u00e4rin mukaan pelk\u00e4st\u00e4\u00e4n p\u00e4\u00e4kaupungissa olisi kuollut mielenosoituksissa ainakin 217 ihmist\u00e4.<\/p>\n<p class=\"article-body mb-nof-24 px-nof-16\">Pid\u00e4tettyj\u00e4 olisi uutistoimisto AP:n mukaan koko maassa yli 2\u202f300.<\/p>\n<p class=\"article-body mb-nof-24 px-nof-16\">Uutistoimisto Al Jazeeran mukaan Iranin armeija ja vallankumouskaarti ovat molemmat vannoneet puolustavansa Iranin kansallisia intressej\u00e4 ja suojelevansa maan julkista omaisuutta.<\/p>\n<p class=\"article-body mb-nof-24 px-nof-16\">Iranin oikeusministeri on puolestaan varoittanut, ett\u00e4 mielenosoituksiin osallistuvia voidaan syytt\u00e4\u00e4 \u201djumalan vihollisiksi\u201d. Syyte johtaa Iranissa kuolemantuomioon.<\/p>\n<p class=\"article-body mb-nof-24 px-nof-16\">Maan korkein johtaja, ajatolla <a class=\"font-bold underline-offset-[0.12em] [text-decoration:var(--person-link-text-decoration)] ![text-decoration-color:var(--person-link-text-decoration-color)]\" href=\"https:\/\/www.hs.fi\/haku\/?query=Ali%20Khamenei\" rel=\"nofollow noopener\" target=\"_blank\">Ali Khamenei<\/a> puolestaan piti jo perjantaina <a class=\"underline underline-offset-[0.12em] [text-decoration-thickness:var(--generic-link-underline-thickness)] [text-decoration-color:var(--generic-link-underline-color)] [text-decoration-skip-ink:var(--generic-link-underline-skip-ink)] break-words\" href=\"https:\/\/www.hs.fi\/maailma\/art-2000011738680.html\" rel=\"nofollow noopener\" target=\"_blank\">televisiopuheen<\/a>, jossa h\u00e4n luonnehti osaa iranilaisista \u201dulkomaalaisten palkkasotureiksi\u201d.<\/p>\n<p class=\"article-body mb-nof-24 px-nof-16\">Brittil\u00e4iselle The Guardian -lehdelle Starlink-satelliittij\u00e4rjestelm\u00e4n kautta <a class=\"underline underline-offset-[0.12em] [text-decoration-thickness:var(--generic-link-underline-thickness)] [text-decoration-color:var(--generic-link-underline-color)] [text-decoration-skip-ink:var(--generic-link-underline-skip-ink)] break-words\" href=\"https:\/\/www.theguardian.com\/global-development\/2026\/jan\/10\/iran-protesters-tell-of-brutal-police-response-deaths-and-forced-confessions\" rel=\"nofollow noopener\" target=\"_blank\">puhuneiden<\/a> mielenosoittajien mukaan Iranin hallinto olisi tuonut Teheraniin tarkka-ampujia. Useat aktivistit kertoivat lehdelle hallinnon joukkojen ampuneen mielenosoituksiin osallistuneita v\u00e4kijoukkoja.<\/p>\n<p class=\"article-body mb-nof-24 px-nof-16\">Yhdysvaltain ulkoministeri <a class=\"font-bold underline-offset-[0.12em] [text-decoration:var(--person-link-text-decoration)] ![text-decoration-color:var(--person-link-text-decoration-color)]\" href=\"https:\/\/www.hs.fi\/haku\/?query=Marco%20Rubio\" rel=\"nofollow noopener\" target=\"_blank\">Marco Rubio<\/a> esitti tukensa mielenosoittajille lauantaina.<\/p>\n<p class=\"article-body mb-nof-24 px-nof-16\">\u201dYhdysvallat tukee Iranin urheaa kansaa\u201d, Rubio <a class=\"underline underline-offset-[0.12em] [text-decoration-thickness:var(--generic-link-underline-thickness)] [text-decoration-color:var(--generic-link-underline-color)] [text-decoration-skip-ink:var(--generic-link-underline-skip-ink)] break-words\" href=\"https:\/\/x.com\/marcorubio\/status\/2009860483143102793?s=20\" rel=\"nofollow\">kirjoitti<\/a> viestipalvelu X:ss\u00e4.<\/p>\n<p><img decoding=\"async\" src=\"https:\/\/www.europesays.com\/fi\/wp-content\/uploads\/2026\/01\/1768067708_910_468.jpg\" alt=\"Teheranilainen moskeija paloi perjantaina uutistoimisto Reutersin varmentamalla videolla.\" class=\"_Img_1rerz_1\" style=\"aspect-ratio:0.5536458333333333\" loading=\"eager\"\/><\/p>\n<p class=\"article-picture-caption\">Teheranilainen moskeija paloi perjantaina uutistoimisto Reutersin varmentamalla videolla. Kuva:\u00a0Sosiaalinen media \/ Reuters<\/p>\n<p class=\"article-body mb-nof-24 px-nof-16\">Mielenosoitukset alkoivat Iranin huonon taloustilanteen vuoksi ja Iranin rialin arvon romahdettua. Rialin romahdus on nostanut hintoja ja ajanut ihmiset aiempaakin ahtaammalle.<\/p>\n<p class=\"article-body mb-nof-24 px-nof-16\">Taustalla vaikuttaa my\u00f6s turhautuminen \u00e4\u00e4rikonservatiivisiin islamilaisiin lakeihin. Mielenosoittajien viestit ovatkin vaihtuneet parissa viikossa talouden teemoista selvemmin maan ylint\u00e4 johtoa vastustaviksi.<\/p>\n<p class=\"article-body mb-nof-24 px-nof-16\">Torstai-iltana osa mielenosoittajista huusi kuolemaa diktaattoreille.<\/p>\n<p class=\"article-body mb-nof-24 px-nof-16\">Iranilainen Nobel-voittaja <a class=\"font-bold underline-offset-[0.12em] [text-decoration:var(--person-link-text-decoration)] ![text-decoration-color:var(--person-link-text-decoration-color)]\" href=\"https:\/\/www.hs.fi\/haku\/?query=Shirin%20Ebadi\" rel=\"nofollow noopener\" target=\"_blank\">Shirin Ebadi<\/a> sanoi perjantaina, ett\u00e4 hallinnon turvallisuusjoukot saattavat varautua suorittamaan joukkomurhaa internet- ja puhelinverkkojen ollessa poissa p\u00e4\u00e4lt\u00e4.<\/p>\n<p class=\"article-body mb-nof-24 px-nof-16\">Viimeksi Iranissa oli laajoja mielenosoituksia vuonna 2022, kun 22-vuotias <a class=\"font-bold underline-offset-[0.12em] [text-decoration:var(--person-link-text-decoration)] ![text-decoration-color:var(--person-link-text-decoration-color)]\" href=\"https:\/\/www.hs.fi\/haku\/?query=Mahsa%20Amini\" rel=\"nofollow noopener\" target=\"_blank\">Mahsa Amini<\/a> kuoli ollessaan poliisin pid\u00e4tt\u00e4m\u00e4n\u00e4. Tuolloin mielenosoituksissa kuoli Iran Human Rights -j\u00e4rjest\u00f6n <a class=\"underline underline-offset-[0.12em] [text-decoration-thickness:var(--generic-link-underline-thickness)] [text-decoration-color:var(--generic-link-underline-color)] [text-decoration-skip-ink:var(--generic-link-underline-skip-ink)] break-words\" href=\"https:\/\/iranhr.net\/en\/articles\/6200\/\" rel=\"nofollow noopener\" target=\"_blank\">mukaan<\/a> ainakin 551 ihmist\u00e4.<\/p>\n","protected":false},"excerpt":{"rendered":"Iran|Mielenosoitukset ovat jatkuneet l\u00e4hes kaksi viikkoa. Ihmisoikeusj\u00e4rjest\u00f6jen mukaan niiss\u00e4 olisi kuollut ainakin 65 ihmist\u00e4. Lue tiivistelm\u00e4 Iranissa jatkuneissa&hellip;\n","protected":false},"author":2,"featured_media":138825,"comment_status":"","ping_status":"","sticky":false,"template":"","format":"standard","meta":{"footnotes":""},"categories":[14],"tags":[22,23,26,27,33,31,30,17,46,24,25,28,29,15,18,21,32,19,20,56,16,59,60,61],"class_list":{"0":"post-138824","1":"post","2":"type-post","3":"status-publish","4":"format-standard","5":"has-post-thumbnail","7":"category-ulkomaat","8":"tag-breaking-news","9":"tag-breakingnews","10":"tag-featured-news","11":"tag-featurednews","12":"tag-fi","13":"tag-finland","14":"tag-finnish","15":"tag-headlines","16":"tag-helsingin-sanomat","17":"tag-latest-news","18":"tag-latestnews","19":"tag-main-news","20":"tag-mainnews","21":"tag-news","22":"tag-otsikot","23":"tag-paauutiset","24":"tag-suomi","25":"tag-top-stories","26":"tag-topstories","27":"tag-ulkomaat","28":"tag-uutiset","29":"tag-world","30":"tag-world-news","31":"tag-worldnews"},"share_on_mastodon":{"url":"https:\/\/pubeurope.com\/@fi\/115872092930719759","error":""},"_links":{"self":[{"href":"https:\/\/www.europesays.com\/fi\/wp-json\/wp\/v2\/posts\/138824","targetHints":{"allow":["GET"]}}],"collection":[{"href":"https:\/\/www.europesays.com\/fi\/wp-json\/wp\/v2\/posts"}],"about":[{"href":"https:\/\/www.europesays.com\/fi\/wp-json\/wp\/v2\/types\/post"}],"author":[{"embeddable":true,"href":"https:\/\/www.europesays.com\/fi\/wp-json\/wp\/v2\/users\/2"}],"replies":[{"embeddable":true,"href":"https:\/\/www.europesays.com\/fi\/wp-json\/wp\/v2\/comments?post=138824"}],"version-history":[{"count":0,"href":"https:\/\/www.europesays.com\/fi\/wp-json\/wp\/v2\/posts\/138824\/revisions"}],"wp:featuredmedia":[{"embeddable":true,"href":"https:\/\/www.europesays.com\/fi\/wp-json\/wp\/v2\/media\/138825"}],"wp:attachment":[{"href":"https:\/\/www.europesays.com\/fi\/wp-json\/wp\/v2\/media?parent=138824"}],"wp:term":[{"taxonomy":"category","embeddable":true,"href":"https:\/\/www.europesays.com\/fi\/wp-json\/wp\/v2\/categories?post=138824"},{"taxonomy":"post_tag","embeddable":true,"href":"https:\/\/www.europesays.com\/fi\/wp-json\/wp\/v2\/tags?post=138824"}],"curies":[{"name":"wp","href":"https:\/\/api.w.org\/{rel}","templated":true}]}}