{"id":138828,"date":"2026-01-10T17:57:08","date_gmt":"2026-01-10T17:57:08","guid":{"rendered":"https:\/\/www.europesays.com\/fi\/138828\/"},"modified":"2026-01-10T17:57:08","modified_gmt":"2026-01-10T17:57:08","slug":"saunan-lammittaminen-aiheuttaa-ongelmia-turisteille","status":"publish","type":"post","link":"https:\/\/www.europesays.com\/fi\/138828\/","title":{"rendered":"Saunan l\u00e4mmitt\u00e4minen aiheuttaa ongelmia turisteille"},"content":{"rendered":"<p>N\u00e4in l\u00e4mmit\u00e4t puusaunan oikeaoppisesti.Video: IS<\/p>\n<p>Lue tiivistelm\u00e4<\/p>\n<p class=\"article-body mb-nof-24 px-nof-16 sndp-summary-bullet-point-font\">Lomam\u00f6kin saunan l\u00e4mmitt\u00e4minen aiheuttaa ongelmia sek\u00e4 suomalaisille ett\u00e4 ulkomaalaisille turisteille.<\/p>\n<p class=\"article-body mb-nof-24 px-nof-16 sndp-summary-bullet-point-font\">Lomarenkaan palvelujohtajan Marko S\u00e4kkisen mukaan s\u00e4hk\u00f6saunojen erilaiset ohjauspaneelit ja s\u00e4hk\u00f6ns\u00e4\u00e4st\u00f6j\u00e4rjestelm\u00e4t h\u00e4mment\u00e4v\u00e4t asiakkaita.<\/p>\n<p class=\"article-body mb-nof-24 px-nof-16 sndp-summary-bullet-point-font\">S\u00e4kkinen kehottaa tutustumaan m\u00f6kkikansioon, jossa on selkokieliset ohjeet saunan l\u00e4mmitt\u00e4miseen suomeksi, englanniksi ja saksaksi.<\/p>\n<p class=\"article-body mb-nof-24 px-nof-16\">Sauna \u2013 tuo lomam\u00f6kin ihana el\u00e4mys. Mik\u00e4 onkaan ihanampaa kuin hilpaista p\u00e4iv\u00e4n aherruksen, luontoretken tai hiihtolenkin j\u00e4lkeen l\u00e4mpim\u00e4\u00e4n saunaan.<\/p>\n<p class=\"article-body mb-nof-24 px-nof-16\">Tai olisi, jos saunan saa l\u00e4mpim\u00e4ksi. Lomam\u00f6kin saunan l\u00e4mmitt\u00e4minen ei ole aina helppoa \u2013 ei edes suomalaiselle pesunkest\u00e4v\u00e4lle saunojalle.<\/p>\n<p class=\"article-body mb-nof-24 px-nof-16\">Lue lis\u00e4\u00e4: <a class=\"underline underline-offset-[0.12em] [text-decoration-thickness:var(--generic-link-underline-thickness)] [text-decoration-color:var(--generic-link-underline-color)] [text-decoration-skip-ink:var(--generic-link-underline-skip-ink)] break-words\" href=\"https:\/\/www.is.fi\/asuminen\/art-2000011677386.html\" rel=\"nofollow noopener\" target=\"_blank\">T\u00e4m\u00e4 tapa saunassa aiheuttaa haju\u00adhaittaa \u2013 ammatti\u00adsiivooja huomaa sen heti nen\u00e4ll\u00e4\u00e4n<\/a><\/p>\n<p class=\"article-body mb-nof-24 px-nof-16\">\u2013\u2009En l\u00e4htisi t\u00e4ss\u00e4 osoittelemaan sormella pelk\u00e4st\u00e4\u00e4n kansainv\u00e4lisi\u00e4 vieraita, ongelmia on tullut suomalaisillekin asiakkaille, yksityishenkil\u00f6iden omistamien m\u00f6kkien vuokrav\u00e4litysyhti\u00f6n Lomarenkaan palvelujohtaja <a class=\"font-bold underline-offset-[0.12em] [text-decoration:var(--person-link-text-decoration)] ![text-decoration-color:var(--person-link-text-decoration-color)]\" href=\"https:\/\/www.is.fi\/haku\/?query=Marko%20S%C3%A4kkinen\" rel=\"nofollow noopener\" target=\"_blank\">Marko S\u00e4kkinen<\/a> sanoo.<\/p>\n<p class=\"article-body mb-nof-24 px-nof-16\">Sauna ei aina l\u00e4mpene niin, ett\u00e4 siit\u00e4 vain napsauttaa sen p\u00e4\u00e4lle. Yleisin ongelma on se, ett\u00e4 s\u00e4hk\u00f6saunojen ohjauspaneelit ovat nykyisin hyvin erilaisia.<\/p>\n<p><img decoding=\"async\" src=\"https:\/\/www.europesays.com\/fi\/wp-content\/uploads\/2026\/01\/1768067828_242_468.jpg\" alt=\"Sauna voi olla monelle eksoottinen kokemus \u2013 samoin sen l\u00e4mmitt\u00e4minen.\" class=\"_Img_1rerz_1\" style=\"aspect-ratio:1.5011727912431587\" loading=\"eager\"\/><\/p>\n<p class=\"article-picture-caption\">Sauna voi olla monelle eksoottinen kokemus \u2013 samoin sen l\u00e4mmitt\u00e4minen. Kuva:\u00a0Sanoma<\/p>\n<p class=\"article-body mb-nof-24 px-nof-16\">\u2013\u2009Niiss\u00e4 ei ole en\u00e4\u00e4 pelk\u00e4st\u00e4\u00e4n kahta vipua, joista toinen on kiukaan teho ja toinen on l\u00e4mmitysaika. Jos ohjauspaneeli on kovin erilainen, mihin on tottunut, sen toiminta voi aiheuttaa ongelmatilanteita ja olla aikamoinen kokemus kokeneellekin saunojalle, S\u00e4kkinen sanoo.<\/p>\n<p class=\"article-body mb-nof-24 px-nof-16\">Jo pelk\u00e4n ohjauspaneelin l\u00f6yt\u00e4minen voi olla oma urakkansa, sill\u00e4 se ei aina sijaitse kiukaan tai edes koko saunan yhteydess\u00e4.<\/p>\n<p class=\"article-body mb-nof-24 px-nof-16\">S\u00e4kkisell\u00e4 on t\u00e4st\u00e4 omaakin kokemusta.<\/p>\n<p class=\"article-body mb-nof-24 px-nof-16\">\u2013\u2009Er\u00e4\u00e4ss\u00e4 m\u00f6kiss\u00e4 saunan ohjauspaneelia piti oikein hakemalla hakea. Sitten kun se l\u00f6ytyi, niin piti ohjeista tankata, miten saunan sai p\u00e4\u00e4lle. Eli ei saunan l\u00e4mmitt\u00e4minen ole aina itsest\u00e4\u00e4nselvyys edes t\u00e4llaiselle pohjoissuomalaiselle paljon m\u00f6kkeilev\u00e4lle, S\u00e4kkinen sanoo naurahtaen.<\/p>\n<p class=\"article-body mb-nof-24 px-nof-16\">Useassa m\u00f6kiss\u00e4 on S\u00e4kkisen mukaan t\u00e4t\u00e4 nyky\u00e4 erilaisia s\u00e4hk\u00f6ns\u00e4\u00e4st\u00f6j\u00e4rjestelmi\u00e4, ettei s\u00e4hk\u00f6nkulutus karkaa kohtuuttomaksi. Voi esimerkiksi olla, ett\u00e4 kun saunan panee p\u00e4\u00e4lle, niin m\u00f6kin l\u00e4mmitys pys\u00e4htyy.<\/p>\n<p><img decoding=\"async\" src=\"https:\/\/www.europesays.com\/fi\/wp-content\/uploads\/2026\/01\/1768067828_708_468.jpg\" alt=\"S\u00e4hk\u00f6saunoissa ei nyky\u00e4\u00e4n ole en\u00e4\u00e4 pelk\u00e4st\u00e4\u00e4n kahta vipua \u2013 aikaa ja tehoa \u2013 eik\u00e4 ohjauspaneeli sijaitse v\u00e4ltt\u00e4m\u00e4tt\u00e4 en\u00e4\u00e4 kiukaassa tai edes koko saunassa.\" class=\"_Img_1rerz_1\" style=\"aspect-ratio:0.6666666666666666\" loading=\"eager\"\/><\/p>\n<p class=\"article-picture-caption\">S\u00e4hk\u00f6saunoissa ei nyky\u00e4\u00e4n ole en\u00e4\u00e4 pelk\u00e4st\u00e4\u00e4n kahta vipua \u2013 aikaa ja tehoa \u2013 eik\u00e4 ohjauspaneeli sijaitse v\u00e4ltt\u00e4m\u00e4tt\u00e4 en\u00e4\u00e4 kiukaassa tai edes koko saunassa. Kuva:\u00a0Heikki P\u00f6l\u00f6nen<\/p>\n<p class=\"article-body mb-nof-24 px-nof-16\">\u2013\u2009Sitten on ihmetelty, ett\u00e4 sauna l\u00e4mpenee mutta m\u00f6kki viilenee. On lis\u00e4tty saunan l\u00e4mmitystehoa ja pidetty saunan ovea auki, ett\u00e4 on saatu l\u00e4mp\u00f6\u00e4 m\u00f6kkiin, S\u00e4kkinen mainitsee.<\/p>\n<p class=\"article-body mb-nof-24 px-nof-16\">S\u00e4kkisen mukaan Lomarenkaan v\u00e4litt\u00e4miss\u00e4 pohjoisen lomam\u00f6keiss\u00e4 suurimmassa osassa on s\u00e4hk\u00f6sauna, mutta my\u00f6s perinteisi\u00e4 puusaunoja, takkoja ja muita tulisijoja l\u00f6ytyy yh\u00e4.<\/p>\n<p class=\"article-body mb-nof-24 px-nof-16\">\u2013\u2009Sellaisella, joka ei ole tulipesi\u00e4 k\u00e4ytt\u00e4nyt, voi olla erheellisesti luulo, ett\u00e4 se sujuu tuosta vain.<\/p>\n<p class=\"article-body mb-nof-24 px-nof-16\">S\u00e4kkinen sanoo, ett\u00e4 toisinaan ihan pellien avaaminenkin on unohtunut, ja savut ovat tulleet m\u00f6kkiin sis\u00e4lle.<\/p>\n<p class=\"article-body mb-nof-24 px-nof-16\">\u2013\u2009Joissakin m\u00f6keiss\u00e4 voi olla, ett\u00e4 koneellinen ilmanvaihto on kytkett\u00e4v\u00e4 pois p\u00e4\u00e4lt\u00e4, jotta tulipes\u00e4n saa vet\u00e4m\u00e4\u00e4n. Tai ett\u00e4 ikkuna on avattava korvausilman saamiseksi, S\u00e4kkinen kuvaa.<\/p>\n<p><img decoding=\"async\" src=\"https:\/\/www.europesays.com\/fi\/wp-content\/uploads\/2026\/01\/1768067828_161_468.jpg\" alt=\"Takan polttamisessa on m\u00f6keill\u00e4 omat niksins\u00e4.\" class=\"_Img_1rerz_1\" style=\"aspect-ratio:0.6661458333333333\" loading=\"eager\"\/><\/p>\n<p class=\"article-picture-caption\">Takan polttamisessa on m\u00f6keill\u00e4 omat niksins\u00e4. Kuva:\u00a0Sami Kero<\/p>\n<p class=\"article-body mb-nof-24 px-nof-16\">S\u00e4kkinen muistuttaa, ett\u00e4 kaikissa Lomarenkaan v\u00e4litt\u00e4miss\u00e4 m\u00f6keiss\u00e4 on m\u00f6kkikansio, jossa ovat selkokieliset ohjeet suomeksi, englanniksi ja saksaksi kuvien kera sek\u00e4 saunan l\u00e4mmitt\u00e4miseen ett\u00e4 m\u00f6kiss\u00e4 mahdollisesti olevien tulipesien k\u00e4ytt\u00f6\u00f6n.<\/p>\n<p class=\"article-body mb-nof-24 px-nof-16\">S\u00e4kkinen kehottaa tutustumaan m\u00f6kkikansioon heti ensimm\u00e4isen\u00e4, koska siin\u00e4 ovat muutkin oleelliset ohjeet. Ohjeiden lukemisella voi selvit\u00e4 monilta hermojen menetyksilt\u00e4.<\/p>\n<p class=\"article-body mb-nof-24 px-nof-16\">\u2013\u2009Kyll\u00e4h\u00e4n sauna on el\u00e4mys ja osa sit\u00e4 lomaa \u2013 etenkin talviaikaan. Meid\u00e4n kaikissa m\u00f6keiss\u00e4mme on sauna muutamia pienimpi\u00e4 kohteitamme lukuun ottamatta, S\u00e4kkinen sanoo.<\/p>\n","protected":false},"excerpt":{"rendered":"N\u00e4in l\u00e4mmit\u00e4t puusaunan oikeaoppisesti.Video: IS Lue tiivistelm\u00e4 Lomam\u00f6kin saunan l\u00e4mmitt\u00e4minen aiheuttaa ongelmia sek\u00e4 suomalaisille ett\u00e4 ulkomaalaisille turisteille. Lomarenkaan&hellip;\n","protected":false},"author":2,"featured_media":138829,"comment_status":"","ping_status":"","sticky":false,"template":"","format":"standard","meta":{"footnotes":""},"categories":[5],"tags":[22,23,26,27,33,31,30,17,34,24,25,28,29,15,18,21,32,19,20,16],"class_list":{"0":"post-138828","1":"post","2":"type-post","3":"status-publish","4":"format-standard","5":"has-post-thumbnail","7":"category-otsikot","8":"tag-breaking-news","9":"tag-breakingnews","10":"tag-featured-news","11":"tag-featurednews","12":"tag-fi","13":"tag-finland","14":"tag-finnish","15":"tag-headlines","16":"tag-ilta-sanomat","17":"tag-latest-news","18":"tag-latestnews","19":"tag-main-news","20":"tag-mainnews","21":"tag-news","22":"tag-otsikot","23":"tag-paauutiset","24":"tag-suomi","25":"tag-top-stories","26":"tag-topstories","27":"tag-uutiset"},"share_on_mastodon":{"url":"https:\/\/pubeurope.com\/@fi\/115872100718269321","error":""},"_links":{"self":[{"href":"https:\/\/www.europesays.com\/fi\/wp-json\/wp\/v2\/posts\/138828","targetHints":{"allow":["GET"]}}],"collection":[{"href":"https:\/\/www.europesays.com\/fi\/wp-json\/wp\/v2\/posts"}],"about":[{"href":"https:\/\/www.europesays.com\/fi\/wp-json\/wp\/v2\/types\/post"}],"author":[{"embeddable":true,"href":"https:\/\/www.europesays.com\/fi\/wp-json\/wp\/v2\/users\/2"}],"replies":[{"embeddable":true,"href":"https:\/\/www.europesays.com\/fi\/wp-json\/wp\/v2\/comments?post=138828"}],"version-history":[{"count":0,"href":"https:\/\/www.europesays.com\/fi\/wp-json\/wp\/v2\/posts\/138828\/revisions"}],"wp:featuredmedia":[{"embeddable":true,"href":"https:\/\/www.europesays.com\/fi\/wp-json\/wp\/v2\/media\/138829"}],"wp:attachment":[{"href":"https:\/\/www.europesays.com\/fi\/wp-json\/wp\/v2\/media?parent=138828"}],"wp:term":[{"taxonomy":"category","embeddable":true,"href":"https:\/\/www.europesays.com\/fi\/wp-json\/wp\/v2\/categories?post=138828"},{"taxonomy":"post_tag","embeddable":true,"href":"https:\/\/www.europesays.com\/fi\/wp-json\/wp\/v2\/tags?post=138828"}],"curies":[{"name":"wp","href":"https:\/\/api.w.org\/{rel}","templated":true}]}}